{"id":16440,"date":"2018-07-23T14:17:19","date_gmt":"2018-07-23T17:17:19","guid":{"rendered":"http:\/\/172.16.0.7\/site-antigo\/?p=16440"},"modified":"2024-10-08T09:16:53","modified_gmt":"2024-10-08T12:16:53","slug":"eucaliptos-de-grande-porte-sao-abatidos-no-cemiterio-da-saudade","status":"publish","type":"post","link":"https:\/\/www.apucarana.pr.gov.br\/site\/eucaliptos-de-grande-porte-sao-abatidos-no-cemiterio-da-saudade\/","title":{"rendered":"Eucaliptos de grande porte s\u00e3o abatidos no Cemit\u00e9rio da Saudade"},"content":{"rendered":"<p>A Autarquia dos Servi\u00e7os Funer\u00e1rios de Apucarana (Aserfa) est\u00e1 dando continuidade \u00e0 erradica\u00e7\u00e3o das \u00e1rvores existentes nos cemit\u00e9rios de Apucarana. Com o aux\u00edlio de um guindaste, dois eucaliptos de grande porte foram abatidos e removidos do Cemit\u00e9rio da Saudade nesta segunda-feira (23\/07). O servi\u00e7o, que atende Termo de Ajustamento de Conduta (TAC) firmado entre Munic\u00edpio e Minist\u00e9rio P\u00fablico, tamb\u00e9m visa a renova\u00e7\u00e3o da licen\u00e7a junto ao Instituto Ambiental do Paran\u00e1 (IAP).<br \/>\nAl\u00e9m do guindaste que foi contratado pelo Munic\u00edpio, a opera\u00e7\u00e3o mobilizou a equipe de corte de \u00e1rvores da Secretaria Municipal de Servi\u00e7os P\u00fablicos. \u201cEram eucaliptos que j\u00e1 possu\u00edam galhos secos e estavam oferecendo riscos. O guindaste ficou do lado de fora e os troncos foram i\u00e7ados para evitar que ca\u00edssem em cima dos t\u00famulos\u201d, relata Marcos Bueno, diretor-presidente da Aserfa.<br \/>\nDe acordo com ele, o Munic\u00edpio j\u00e1 erradicou cerca de 150 \u00e1rvores de diversas esp\u00e9cies em cumprimento ao TAC. \u201cFaltam ainda cerca de quarenta, dentre as quais est\u00e3o  27 arauc\u00e1rias\u201d, afirma Bueno, acrescentado que o Munic\u00edpio j\u00e1 tem a autoriza\u00e7\u00e3o do IAP para o corte dos exemplares de pinheiro paranaense. \u201cEstamos providenciando uma nova licita\u00e7\u00e3o para contrata\u00e7\u00e3o de guindaste e nossa meta \u00e9 concluir o servi\u00e7o at\u00e9 o Dia de Finados\u201d, projeta Bueno.<br \/>\nO diretor-presidente da Aserfa lembra que o TAC foi firmado com base na resolu\u00e7\u00e3o 02\/2009, da Secretaria de Estado do Meio Ambiente, que estabelece medidas para solucionar potenciais riscos ambientais e sanit\u00e1rios. \u201cJ\u00e1 cumprimos o TAC, em que o Munic\u00edpio assumiu o compromisso de tomar provid\u00eancias para minimizar os problemas. Vamos agora erradicar todas as \u00e1rvores visando a renova\u00e7\u00e3o da licen\u00e7a junto ao IAP, uma vez que o \u00f3rg\u00e3o n\u00e3o permite \u00e1rvores de grande porte em cemit\u00e9rios, perto de t\u00famulos\u201d, salienta Bueno. <\/p>\n","protected":false},"excerpt":{"rendered":"<p>Munic\u00edpio j\u00e1 erradicou cerca de 150 \u00e1rvores de diversas esp\u00e9cies em cumprimento ao TAC com Minist\u00e9rio P\u00fablico (Foto: Edson Denobi)<\/p>\n","protected":false},"author":4,"featured_media":16445,"comment_status":"closed","ping_status":"open","sticky":false,"template":"","format":"standard","meta":{"footnotes":""},"categories":[24],"tags":[],"class_list":["post-16440","post","type-post","status-publish","format-standard","has-post-thumbnail","hentry","category-noticias"],"acf":[],"_links":{"self":[{"href":"https:\/\/www.apucarana.pr.gov.br\/site\/wp-json\/wp\/v2\/posts\/16440","targetHints":{"allow":["GET"]}}],"collection":[{"href":"https:\/\/www.apucarana.pr.gov.br\/site\/wp-json\/wp\/v2\/posts"}],"about":[{"href":"https:\/\/www.apucarana.pr.gov.br\/site\/wp-json\/wp\/v2\/types\/post"}],"author":[{"embeddable":true,"href":"https:\/\/www.apucarana.pr.gov.br\/site\/wp-json\/wp\/v2\/users\/4"}],"replies":[{"embeddable":true,"href":"https:\/\/www.apucarana.pr.gov.br\/site\/wp-json\/wp\/v2\/comments?post=16440"}],"version-history":[{"count":1,"href":"https:\/\/www.apucarana.pr.gov.br\/site\/wp-json\/wp\/v2\/posts\/16440\/revisions"}],"predecessor-version":[{"id":101245,"href":"https:\/\/www.apucarana.pr.gov.br\/site\/wp-json\/wp\/v2\/posts\/16440\/revisions\/101245"}],"wp:featuredmedia":[{"embeddable":true,"href":"https:\/\/www.apucarana.pr.gov.br\/site\/wp-json\/"}],"wp:attachment":[{"href":"https:\/\/www.apucarana.pr.gov.br\/site\/wp-json\/wp\/v2\/media?parent=16440"}],"wp:term":[{"taxonomy":"category","embeddable":true,"href":"https:\/\/www.apucarana.pr.gov.br\/site\/wp-json\/wp\/v2\/categories?post=16440"},{"taxonomy":"post_tag","embeddable":true,"href":"https:\/\/www.apucarana.pr.gov.br\/site\/wp-json\/wp\/v2\/tags?post=16440"}],"curies":[{"name":"wp","href":"https:\/\/api.w.org\/{rel}","templated":true}]}}