{"id":16424,"date":"2018-07-20T14:44:48","date_gmt":"2018-07-20T17:44:48","guid":{"rendered":"http:\/\/172.16.0.7\/site-antigo\/?p=16424"},"modified":"2024-10-08T09:16:53","modified_gmt":"2024-10-08T12:16:53","slug":"apucarana-compoe-equipe-para-o-plano-metropole-parana-norte","status":"publish","type":"post","link":"https:\/\/www.apucarana.pr.gov.br\/site\/apucarana-compoe-equipe-para-o-plano-metropole-parana-norte\/","title":{"rendered":"Apucarana comp\u00f5e equipe para o Plano Metr\u00f3pole Paran\u00e1 Norte"},"content":{"rendered":"<p>Apucarana elegeu na noite de quinta-feira (19) a equipe da sociedade local que ir\u00e1 acompanhar a elabora\u00e7\u00e3o do Plano de desenvolvimento Sustent\u00e1vel da Metr\u00f3pole Paran\u00e1 Norte. O evento, realizado no audit\u00f3rio do CREA-PR, teve a participa\u00e7\u00e3o de autoridades, lideran\u00e7as comunit\u00e1rias, empres\u00e1rios e profissionais liberais.<br \/>\nTrata-se de um projeto do Governo do Estado, com apoio do Banco Mundial, que ir\u00e1 criar um grande corredor de desenvolvimento unificado e sustent\u00e1vel, unificando quinze cidades das regi\u00f5es metropolitanas de Londrina, Apucarana e Maring\u00e1. Neste eixo se incluem Jataizinho, Ibipor\u00e3, Camb\u00e9, Rol\u00e2ndia, Arapongas, Cambira, Jandaia do Sul, Mandaguari, Marialva, Sarandi, Pai\u00e7andu e Mandagua\u00e7u.<br \/>\nAo falar na abertura do evento organizado pelo cons\u00f3rcio Cobrape\/Urbitec \u2013 empresas que venceram a licita\u00e7\u00e3o para elabora\u00e7\u00e3o do diagn\u00f3stico -, o prefeito de Apucarana, Beto Preto, enalteceu a proposta do Governo do Paran\u00e1 em promover este estudo. \u201cNossa regi\u00e3o \u00e9 rica em desenvolvimento econ\u00f4mico, apesar de ser ainda jovem com apenas 80 anos. Cabe a n\u00f3s, agentes pol\u00edticos, planejar e fomentar a uni\u00e3o e o crescimento sustent\u00e1vel nesse eixo. Por isso, a import\u00e2ncia de abrir a discuss\u00e3o com a sociedade, acerca das a\u00e7\u00f5es e metas que ser\u00e3o apontadas nesse diagn\u00f3stico\u201d, argumentou Beto Preto.<br \/>\nO prefeito reiterou que sempre defendeu a formata\u00e7\u00e3o de uma regi\u00e3o \u00fanica neste eixo Londrina-Apucarana-Maring\u00e1. \u201cIsso estava previsto no extinto Metronor e, a partir de agora, espero que deste trabalho possa surgir um planejamento para os pr\u00f3ximos trinta anos, alavancando o desenvolvimento da regi\u00e3o\u201d, comentou Beto Preto.<br \/>\nO coordenador executivo do plano, Cl\u00e1udio Marchand Kr\u00fcger, disse que esta \u00e9 a primeira reuni\u00e3o oficial do projeto em Apucarana. \u201cApresentamos aos presentes as principais etapas do diagn\u00f3stico, das a\u00e7\u00f5es e as metas. E, ao mesmo tempo, elegemos a equipe de Apucarana que ir\u00e1 acompanhar toda elabora\u00e7\u00e3o do plano\u201d, explicou Kr\u00fcger.<br \/>\nSegundo ele o plano contempla tr\u00eas eixos principais: social, econ\u00f4mico e ambiental. \u201cNo social, o foco \u00e9 a melhoria da qualidade de vida de toda a popula\u00e7\u00e3o do eixo, ou seja, das quinze cidades. Na \u00e1rea econ\u00f4mica, o plano buscar\u00e1 unir as cidades em torno de objetivos comuns, romper barreiras e criar solu\u00e7\u00f5es eficientes, visando prospectar novos neg\u00f3cios. Com rela\u00e7\u00e3o aos recursos h\u00eddricos ser\u00e1 dada a respectiva import\u00e2ncia na sua preserva\u00e7\u00e3o e manuten\u00e7\u00e3o\u201d, anunciou o coordenador executivo do plano.<br \/>\nOs membros da equipe de representantes de Apucarana, engajados no plano de desenvolvimento, ser\u00e3o agora qualificados em setores de atua\u00e7\u00e3o, de acordo com a qualifica\u00e7\u00e3o profissional ou \u00e1rea de conhecimento, para acompanhar as discuss\u00f5es e sugerir a\u00e7\u00f5es na constru\u00e7\u00e3o do projeto.<br \/>\nClique e ou\u00e7a esta mat\u00e9ria<br \/>\nCl\u00e1udio Kruger- coordenador Executivo do Projeto<br \/>\nhttps:\/\/soundcloud.com\/prefeitura-municipal-apucarana\/claudio-marche-kruger-reuniao-metropole-norte-20-07-18<br \/>\nBeto Preto- prefeito de Apucarana<br \/>\nhttps:\/\/soundcloud.com\/prefeitura-municipal-apucarana\/beto-preto-reuniao-metropole-norte-20-07-18<br \/>\nCarlos Mendes- superintendente do Idepplan<br \/>\nhttps:\/\/soundcloud.com\/prefeitura-municipal-apucarana\/carlos-mendes-reuniao-metropole-norte-20-07-18<br \/>\n&nbsp;<\/p>\n","protected":false},"excerpt":{"rendered":"<p>Representantes da cidade ir\u00e3o acompanhar as discuss\u00f5es e a\u00e7\u00f5es na constru\u00e7\u00e3o do projeto (Foto: Profeta)<\/p>\n","protected":false},"author":4,"featured_media":16425,"comment_status":"closed","ping_status":"open","sticky":false,"template":"","format":"standard","meta":{"footnotes":""},"categories":[24],"tags":[],"class_list":["post-16424","post","type-post","status-publish","format-standard","has-post-thumbnail","hentry","category-noticias"],"acf":[],"_links":{"self":[{"href":"https:\/\/www.apucarana.pr.gov.br\/site\/wp-json\/wp\/v2\/posts\/16424","targetHints":{"allow":["GET"]}}],"collection":[{"href":"https:\/\/www.apucarana.pr.gov.br\/site\/wp-json\/wp\/v2\/posts"}],"about":[{"href":"https:\/\/www.apucarana.pr.gov.br\/site\/wp-json\/wp\/v2\/types\/post"}],"author":[{"embeddable":true,"href":"https:\/\/www.apucarana.pr.gov.br\/site\/wp-json\/wp\/v2\/users\/4"}],"replies":[{"embeddable":true,"href":"https:\/\/www.apucarana.pr.gov.br\/site\/wp-json\/wp\/v2\/comments?post=16424"}],"version-history":[{"count":1,"href":"https:\/\/www.apucarana.pr.gov.br\/site\/wp-json\/wp\/v2\/posts\/16424\/revisions"}],"predecessor-version":[{"id":101246,"href":"https:\/\/www.apucarana.pr.gov.br\/site\/wp-json\/wp\/v2\/posts\/16424\/revisions\/101246"}],"wp:featuredmedia":[{"embeddable":true,"href":"https:\/\/www.apucarana.pr.gov.br\/site\/wp-json\/"}],"wp:attachment":[{"href":"https:\/\/www.apucarana.pr.gov.br\/site\/wp-json\/wp\/v2\/media?parent=16424"}],"wp:term":[{"taxonomy":"category","embeddable":true,"href":"https:\/\/www.apucarana.pr.gov.br\/site\/wp-json\/wp\/v2\/categories?post=16424"},{"taxonomy":"post_tag","embeddable":true,"href":"https:\/\/www.apucarana.pr.gov.br\/site\/wp-json\/wp\/v2\/tags?post=16424"}],"curies":[{"name":"wp","href":"https:\/\/api.w.org\/{rel}","templated":true}]}}