{"id":16414,"date":"2018-07-20T12:16:04","date_gmt":"2018-07-20T15:16:04","guid":{"rendered":"http:\/\/172.16.0.7\/site-antigo\/?p=16414"},"modified":"2024-10-08T09:16:53","modified_gmt":"2024-10-08T12:16:53","slug":"movimento-agora-conhece-programa-de-economia-solidaria","status":"publish","type":"post","link":"https:\/\/www.apucarana.pr.gov.br\/site\/movimento-agora-conhece-programa-de-economia-solidaria\/","title":{"rendered":"&quot;Movimento Agora&quot; conhece programa de economia solid\u00e1ria"},"content":{"rendered":"<p>O Programa de Economia Solid\u00e1ria e Protagonismo Feminino continua na vitrine das pol\u00edticas sociais. Depois de produzir pe\u00e7as para uma estilista feitas com fibra de bananeira, a iniciativa recebeu nesta semana a visita de integrantes do Movimento Agora. O grupo est\u00e1 garimpando experi\u00eancias em todo o Brasil e tamb\u00e9m no exterior, com o objetivo de formatar um caderno de pol\u00edticas p\u00fablicas que ser\u00e1 entregue aos candidatos na elei\u00e7\u00e3o deste ano.<br \/>\nO Movimento Agora, que possui abrang\u00eancia nacional, tem entre seus expoentes nomes como do apresentador da Rede Globo, Luciano Huck, e do presidente do Grupo Iguatemi de shoppings, Carlos Jereissati Filho. \u201cN\u00f3s estamos propondo um grande pacote de economia para mulheres e neste contexto entra a economia solid\u00e1ria. Para n\u00f3s \u00e9 muito importante saber onde e porque est\u00e1 dando certo, formando um banco de boas pr\u00e1ticas\u201d, afirma Natalie Unterstell, coordenadora do movimento na Regi\u00e3o Sul do Brasil.<br \/>\nNatalie afirma que at\u00e9 o ano de 2008 a economia solid\u00e1ria existia no Brasil como uma pol\u00edtica nacional, capitaneada pelo professor Paul Singer. \u201cDepois isso, a economia solid\u00e1ria n\u00e3o teve mais grandes impulsos nacionais. A gente veio aqui para Apucarana para ver porque a economia solid\u00e1ria vem florescendo municipalmente e como as mulheres se sentem protagonistas\u201d, pontua Natalie, que esteve acompanhada durante a visita pelas articuladoras do movimento Karine Carvalho e Taciana Stec.<br \/>\nAs integrantes do movimento, que classificam as boas pr\u00e1ticas como \u201cli\u00e7\u00f5es aprendidas\u201d, visitaram o Espa\u00e7o Mulher, localizado na Rua Osvaldo Cruz, e o ponto gourmet, situado na Pra\u00e7a Interventor Manoel Ribas (Pra\u00e7a do Redondo).<br \/>\nDe acordo com a secret\u00e1ria municipal da Mulher e Assuntos da Fam\u00edlia, Denise Canesin Machado, a rede de mulheres solid\u00e1rias foi criada em 2014 e j\u00e1 capacitou 700 pessoas na perspectiva da economia solid\u00e1ria. \u201cA rede \u00e9 bem diversificada, com participantes de v\u00e1rias idades e classes sociais. Al\u00e9m da gera\u00e7\u00e3o de emprego e renda, observamos que muitas mulheres voltaram a estudar\u201d, afirma a secret\u00e1ria, salientando que a iniciativa tamb\u00e9m proporciona o empoderamento feminino e a eleva\u00e7\u00e3o da auto-estima.<br \/>\n\u201cA rede \u00e9 muito efervescente. As participantes s\u00e3o muito animadas. \u00c9\u00a0 um projeto din\u00e2mico e que sempre tem novidades que v\u00e3o fomentando o trabalho\u201d, completa Denise, lembrando que em 2015 o programa foi transformado em lei municipal (Lei161\/2015) para garantir a continuidade da iniciativa.<br \/>\nTerezinha Elizabete Berton Pereira (Bete Berton), supervisora do Programa de Economia Solid\u00e1ria e Protagonismo Feminino, conta que normalmente as mulheres v\u00eam pela curiosidade de conhecer a rede. \u201cDepois de preencher um cadastro, elas s\u00e3o convidadas a participar de uma capacita\u00e7\u00e3o de 20 horas\/aula\u201d, explica Bete Berton, acrescentando que os treinamentos acontecem a cada dois meses.<br \/>\nNa sequ\u00eancia, aquelas que mostram perfil s\u00e3o integradas \u00e0 rede e convidadas a prestar voluntariamente um plant\u00e3o de trabalho no Espa\u00e7o Mulher. \u201cA partir deste momento, a loja \u00e9 dela e de todas as outras mulheres. Ela vender\u00e1 o seu produto e tamb\u00e9m das demais integrantes da rede, o que refor\u00e7a o mecanismo solid\u00e1rio\u201d, frisa\u00a0 Bete Berton.<br \/>\nAl\u00e9m do Espa\u00e7o Mulher e do ponto gourmet, a rede possui ainda cinco pontos de venda no Terminal Urbano e o Espa\u00e7o Mulher do Distrito do Pirap\u00f3. \u201c\u00c0 medida que a rede vai crescendo, vamos buscando junto \u00e0 Prefeitura novos espa\u00e7os e formas de custeio desses locais\u201d, observa.<br \/>\nNo est\u00e1gio inicial, os empreendimentos contam com a participa\u00e7\u00e3o do poder p\u00fablico na gest\u00e3o, mas o objetivo da iniciativa \u00e9 levar as mulheres a conduzir em 100% os neg\u00f3cios. \u201c\u00c0 medida em que v\u00e3o evoluindo e adquirindo um perfil empreendedor, elas s\u00e3o encaminhadas para o sistema de auto-gest\u00e3o e para a formaliza\u00e7\u00e3o do empreendimento\u201d,\u00a0 ressalta a supervisora do programa.<br \/>\nOs\u00a0 empreendimentos solid\u00e1rios envolvem a produ\u00e7\u00e3o de p\u00e3es, roscas e bolachas, artesanato, produtos de higiene e limpeza, bombons, bonecas, confec\u00e7\u00e3o, tric\u00f4 e croch\u00ea, bolsas, chinelos, orqu\u00eddeas, entre outros. Entre os destaques est\u00e3o a produ\u00e7\u00e3o de pe\u00e7as com fibra de bananeira e o empreendimento de gastronomia.<\/p>\n","protected":false},"excerpt":{"rendered":"<p>Movimento est\u00e1 conhecendo experi\u00eancias no Brasil e no exterior com o objetivo de formatar um caderno de pol\u00edticas p\u00fablicas (Fotos: Josias Profeta) <\/p>\n","protected":false},"author":4,"featured_media":16417,"comment_status":"closed","ping_status":"open","sticky":false,"template":"","format":"standard","meta":{"footnotes":""},"categories":[24],"tags":[],"class_list":["post-16414","post","type-post","status-publish","format-standard","has-post-thumbnail","hentry","category-noticias"],"acf":[],"_links":{"self":[{"href":"https:\/\/www.apucarana.pr.gov.br\/site\/wp-json\/wp\/v2\/posts\/16414","targetHints":{"allow":["GET"]}}],"collection":[{"href":"https:\/\/www.apucarana.pr.gov.br\/site\/wp-json\/wp\/v2\/posts"}],"about":[{"href":"https:\/\/www.apucarana.pr.gov.br\/site\/wp-json\/wp\/v2\/types\/post"}],"author":[{"embeddable":true,"href":"https:\/\/www.apucarana.pr.gov.br\/site\/wp-json\/wp\/v2\/users\/4"}],"replies":[{"embeddable":true,"href":"https:\/\/www.apucarana.pr.gov.br\/site\/wp-json\/wp\/v2\/comments?post=16414"}],"version-history":[{"count":1,"href":"https:\/\/www.apucarana.pr.gov.br\/site\/wp-json\/wp\/v2\/posts\/16414\/revisions"}],"predecessor-version":[{"id":101247,"href":"https:\/\/www.apucarana.pr.gov.br\/site\/wp-json\/wp\/v2\/posts\/16414\/revisions\/101247"}],"wp:featuredmedia":[{"embeddable":true,"href":"https:\/\/www.apucarana.pr.gov.br\/site\/wp-json\/"}],"wp:attachment":[{"href":"https:\/\/www.apucarana.pr.gov.br\/site\/wp-json\/wp\/v2\/media?parent=16414"}],"wp:term":[{"taxonomy":"category","embeddable":true,"href":"https:\/\/www.apucarana.pr.gov.br\/site\/wp-json\/wp\/v2\/categories?post=16414"},{"taxonomy":"post_tag","embeddable":true,"href":"https:\/\/www.apucarana.pr.gov.br\/site\/wp-json\/wp\/v2\/tags?post=16414"}],"curies":[{"name":"wp","href":"https:\/\/api.w.org\/{rel}","templated":true}]}}