{"id":16400,"date":"2018-07-19T17:08:11","date_gmt":"2018-07-19T20:08:11","guid":{"rendered":"http:\/\/172.16.0.7\/site-antigo\/?p=16400"},"modified":"2024-10-08T09:16:54","modified_gmt":"2024-10-08T12:16:54","slug":"saude-de-apucarana-recebe-mais-quatro-veiculos","status":"publish","type":"post","link":"https:\/\/www.apucarana.pr.gov.br\/site\/saude-de-apucarana-recebe-mais-quatro-veiculos\/","title":{"rendered":"Sa\u00fade de Apucarana recebe mais quatro ve\u00edculos"},"content":{"rendered":"<p>O prefeito Beto Preto entregou hoje (19) 4 ve\u00edculos zero quil\u00f4metro para Autarquia Municipal de Sa\u00fade (AMS) de Apucarana, representando um investimento de R$ 310 mil. S\u00e3o 2 Chevrolet Spin, de 7 lugares, que ser\u00e3o utilizados para o transporte de pacientes que fazem hemodi\u00e1lise, entre a resid\u00eancia de cada um e o instituto do rim de Apucarana.<br \/>\nO valor de cada Chevrolet Spin \u00e9 de 74 mil, totalizando R$ 148 mil, sendo R$ 120 mil do governo do estado, atrav\u00e9s de emenda parlamentar do deputado estadual Requi\u00e3o Filho, e 28 mil recursos pr\u00f3prios do munic\u00edpio.<br \/>\nAo custo de R$ 162 mil (R$ 81 mil cada), as duas ambul\u00e2ncias Volkswagen Saveiro envolveram recursos de R$ 80 mil do Governo Federal, R$ 32 mil de recursos pr\u00f3prios do munic\u00edpio e R$ 50 mil do seguro de outra ambul\u00e2ncia envolvida em um acidente retornando de Curitiba.<br \/>\nAs ambul\u00e2ncias realizar\u00e3o atendimento da popula\u00e7\u00e3o que necessita deste meio de transporte. Os novos ve\u00edculos v\u00eam se somar aos outros 28 j\u00e1 entregues a Autarquia Municipal de Sa\u00fade dentro da atual administra\u00e7\u00e3o municipal. \u201cA gest\u00e3o Beto Preto vem investindo na renova\u00e7\u00e3o da frota do munic\u00edpio, especialmente na sa\u00fade. S\u00e3o 32 novos ve\u00edculos em cinco anos e por um bom tempo teremos uma frota renovada, com baixo custo de manuten\u00e7\u00e3o e prestando melhor atendimento ao paciente\u201d, analisou o secret\u00e1rio da Fazenda, Marcelo Machado.<br \/>\nO diretor presidente da AMS, Roberto Kaneta, lembrou o momento de dificuldades que a sa\u00fade p\u00fablica do pa\u00eds est\u00e1 passando. \u201cMesmo diante das adversidades, o prefeito Beto Preto tem procurado atender a sa\u00fade do nosso munic\u00edpio com muito carinho, zelo e austeridade, garantindo recursos para aquisi\u00e7\u00e3o de novos ve\u00edculos, constru\u00e7\u00e3o e reformas das UBSs, realiza\u00e7\u00e3o concursos, entre tantas melhorias que resultam maior qualidade do atendimento aos nossos pacientes\u201d, afirmou Kaneta.<br \/>\nO prefeito Beto Preto destacou que os quatro ve\u00edculos representam um grande refor\u00e7o no transporte de pacientes, garantindo mais conforto e qualidade na locomo\u00e7\u00e3o daqueles que contam com o servi\u00e7o da sa\u00fade p\u00fablica para ir para a sess\u00e3o de hemodi\u00e1lise ou precisam do servi\u00e7o de uma ambul\u00e2ncia. \u201cTemos um compromisso social, principalmente com aqueles que mais precisam. Estamos fazendo nossa parte, fazendo economia do dinheiro p\u00fablico para investir cada vez mais na sa\u00fade. Em breve vamos comprar mais duas ambul\u00e2ncias\u201d, anunciou Beto Preto que agradeceu o deputado Requi\u00e3o Filho pela emenda parlamentar destinada o compra dos dois ve\u00edculos Chevrolet Spin.<br \/>\nTamb\u00e9m participaram do ato, os vereadores Jos\u00e9 Airton de Ara\u00fajo \u201cDeco\u201d, e Francislei de God\u00f3i \u201cPoim\u201d; e o procurador jur\u00eddico da C\u00e2mara municipal, Petr\u00f4nio Cardoso, representando o deputado Requi\u00e3o Filho.<br \/>\nClique e ou\u00e7a esta mat\u00e9ria<br \/>\nRoberto Kaneta- secret\u00e1rio de Sa\u00fade<br \/>\nhttps:\/\/soundcloud.com\/prefeitura-municipal-apucarana\/roberto-kaneta-ambulancia-carros-saude-19-07-18<br \/>\nMarcello Machado- secret\u00e1rio de Fazenda<br \/>\nhttps:\/\/soundcloud.com\/prefeitura-municipal-apucarana\/marcello-machado-ambulancias-carros-saude-19-07-18<br \/>\nBeto Preto- prefeito de Apucarana<br \/>\nhttps:\/\/soundcloud.com\/prefeitura-municipal-apucarana\/beto-preto-ambulancias-carros-saude-19-07-18<br \/>\n&nbsp;<br \/>\n&nbsp;<\/p>\n","protected":false},"excerpt":{"rendered":"<p>Prefeito Beto Preto entregou dois Chevrolet Spin para transporte de pacientes da hemodi\u00e1lise e duas ambul\u00e2ncias Volkswagen Saveiro\u00a0 (Fotos &#8211; Edson Denobi)<\/p>\n","protected":false},"author":4,"featured_media":16401,"comment_status":"closed","ping_status":"open","sticky":false,"template":"","format":"standard","meta":{"footnotes":""},"categories":[24],"tags":[],"class_list":["post-16400","post","type-post","status-publish","format-standard","has-post-thumbnail","hentry","category-noticias"],"acf":[],"_links":{"self":[{"href":"https:\/\/www.apucarana.pr.gov.br\/site\/wp-json\/wp\/v2\/posts\/16400","targetHints":{"allow":["GET"]}}],"collection":[{"href":"https:\/\/www.apucarana.pr.gov.br\/site\/wp-json\/wp\/v2\/posts"}],"about":[{"href":"https:\/\/www.apucarana.pr.gov.br\/site\/wp-json\/wp\/v2\/types\/post"}],"author":[{"embeddable":true,"href":"https:\/\/www.apucarana.pr.gov.br\/site\/wp-json\/wp\/v2\/users\/4"}],"replies":[{"embeddable":true,"href":"https:\/\/www.apucarana.pr.gov.br\/site\/wp-json\/wp\/v2\/comments?post=16400"}],"version-history":[{"count":1,"href":"https:\/\/www.apucarana.pr.gov.br\/site\/wp-json\/wp\/v2\/posts\/16400\/revisions"}],"predecessor-version":[{"id":101248,"href":"https:\/\/www.apucarana.pr.gov.br\/site\/wp-json\/wp\/v2\/posts\/16400\/revisions\/101248"}],"wp:featuredmedia":[{"embeddable":true,"href":"https:\/\/www.apucarana.pr.gov.br\/site\/wp-json\/"}],"wp:attachment":[{"href":"https:\/\/www.apucarana.pr.gov.br\/site\/wp-json\/wp\/v2\/media?parent=16400"}],"wp:term":[{"taxonomy":"category","embeddable":true,"href":"https:\/\/www.apucarana.pr.gov.br\/site\/wp-json\/wp\/v2\/categories?post=16400"},{"taxonomy":"post_tag","embeddable":true,"href":"https:\/\/www.apucarana.pr.gov.br\/site\/wp-json\/wp\/v2\/tags?post=16400"}],"curies":[{"name":"wp","href":"https:\/\/api.w.org\/{rel}","templated":true}]}}