{"id":16387,"date":"2018-07-19T16:28:20","date_gmt":"2018-07-19T19:28:20","guid":{"rendered":"http:\/\/172.16.0.7\/site-antigo\/?p=16387"},"modified":"2024-10-08T09:16:54","modified_gmt":"2024-10-08T12:16:54","slug":"cras-de-apucarana-fortalece-vinculo-entre-familias","status":"publish","type":"post","link":"https:\/\/www.apucarana.pr.gov.br\/site\/cras-de-apucarana-fortalece-vinculo-entre-familias\/","title":{"rendered":"CRAS de Apucarana fortalece v\u00ednculo entre fam\u00edlias"},"content":{"rendered":"<p>Com o objetivo de promover um momento de descontra\u00e7\u00e3o e recrea\u00e7\u00e3o para as crian\u00e7as em f\u00e9rias escolar, o Centro de Refer\u00eancia de Assist\u00eancia Social Geraldo C\u00e9sar de Souza (CRAS 1) promoveu nesta quinta-feira (19\/07), no sal\u00e3o paroquial da Igreja Cristo Rei, um arraial julino. Com a presen\u00e7a do vice-prefeito Sebasti\u00e3o Ferreira Martins J\u00fanior (J\u00fanior da Femac) e da vereadora M\u00e1rcia Sousa, o evento reuniu pessoas acompanhadas pelo Servi\u00e7o de Prote\u00e7\u00e3o e Atendimento Integral \u00e0 Fam\u00edlia (PAIF) dos 85 bairros que fazem parte da \u00e1rea de abrang\u00eancia do centro de refer\u00eancia.<br \/>\n\u201cNossa Secretaria da Assist\u00eancia Social, atrav\u00e9s dos CRAS, realiza um trabalho muito importante junto \u00e0 popula\u00e7\u00e3o. S\u00e3o profissionais abnegados, que contribuem para que as pol\u00edticas p\u00fablicas da atual gest\u00e3o, que visam atender Apucarana do bairro para o centro, tenham resultados ainda mais expressivos\u201d, pontuou J\u00fanior da Femac. Ele lembra que quando o prefeito Beto Preto assumiu a prefeitura, em 2013, nenhum dos quatro CRAS possu\u00eda sede pr\u00f3pria. \u201cTodos estavam em im\u00f3vel alugado. Com muito esmero, os recursos foram conquistados e hoje todos possuem sua sede e melhores condi\u00e7\u00f5es de atendimento da popula\u00e7\u00e3o apucaranense\u201d, destacou J\u00fanior.<br \/>\nA confraterniza\u00e7\u00e3o julina do CRAS 1, que acontece pelo segundo ano consecutivo, contou com anima\u00e7\u00e3o de sanfoneiros e violonistas. As crian\u00e7as participaram de diversas brincadeiras e desfrutaram de lanche com guloseimas e bebidas. Adolescentes atendidos pelo Programa Municipal Pr\u00e9 Aprendiz tamb\u00e9m foram convidados e apresentaram dan\u00e7as caipiras (quadrilha). \u201cEsta confraterniza\u00e7\u00e3o tem como intuito o fortalecimento de v\u00ednculos familiar e comunit\u00e1rio, contribuindo para o est\u00edmulo a conviv\u00eancia social e a constru\u00e7\u00e3o de novos conhecimentos. Estou h\u00e1 dois anos como coordenadora e em v\u00e1rias datas comemorativas realizamos um evento aberto \u00e0 comunidade\u201d, destaca a assistente social Tatiane Cez\u00e1rio Nascimento, coordenadora do CRAS 1.<br \/>\nEla agradece ao trabalho da equipe do CRAS 1 e de pessoas volunt\u00e1rias, como Adelina Eug\u00eanio Machado Borbosa, Terezinha e Marcos Te\u00f3filo Barbosa. \u201cPessoas valorosas que nos auxiliam em todas as confraterniza\u00e7\u00f5es que realizamos. Aproveito para tamb\u00e9m manifestar agradecimento especial ao Padre Rui, da Par\u00f3quia Cristo Rei, que sempre nos cede toda a estrutura do sal\u00e3o paroquial\u201d, disse a assistente social.<br \/>\nSituada \u00e0 Avenida Central do Paran\u00e1, n\u00ba 1420, junto ao pr\u00e9dio da Pra\u00e7a CEU, no Jardim Am\u00e9rica, o CRAS 1 atende 85 bairros de Apucarana. \u201cPossu\u00edmos em nossa base cadastral cerca de 5 mil fam\u00edlias, que recebe ou j\u00e1 receberam algum aux\u00edlio social, seja ele eventual ou cont\u00ednuo\u201d, informou Tatiane. A equipe \u00e9 composta por tr\u00eas assistentes sociais, uma psic\u00f3loga, dois assistentes administrativos, um recepcionista e um servidor de servi\u00e7os gerais. O atendimento \u00e9 de segunda a sexta-feira, das 8 \u00e0s 17 horas. O telefone de contato \u00e9 o 3426-7355.<br \/>\nO CRAS \u2013 O Centro de Refer\u00eancia de Assist\u00eancia Social (CRAS) \u00e9 a porta de entrada da Assist\u00eancia Social. \u00c9 um local p\u00fablico, localizado prioritariamente em \u00e1reas de maior vulnerabilidade social, onde s\u00e3o oferecidos os servi\u00e7os de Assist\u00eancia Social, com o objetivo de fortalecer a conviv\u00eancia com a fam\u00edlia e com a comunidade. Possibilita o acesso da popula\u00e7\u00e3o aos servi\u00e7os, benef\u00edcios e projetos de assist\u00eancia social, tornando-se uma refer\u00eancia para a popula\u00e7\u00e3o local e para os servi\u00e7os setoriais.<br \/>\nA equipe do CRAS apoia a\u00e7\u00f5es comunit\u00e1rias, por meio de palestras, campanhas e eventos, atuando junto \u00e0 comunidade na constru\u00e7\u00e3o de solu\u00e7\u00f5es para o enfrentamento de problemas comuns, como falta de acessibilidade, viol\u00eancia no bairro, trabalho infantil, falta de transporte, baixa qualidade na oferta de servi\u00e7os, aus\u00eancia de espa\u00e7os de lazer, cultural, entre outros.<br \/>\nEntre os servi\u00e7os ofertados est\u00e1 o Servi\u00e7o de Prote\u00e7\u00e3o e Atendimento Integral \u00e0 Fam\u00edlia (Paif) e o Servi\u00e7o de Conviv\u00eancia e Fortalecimento de V\u00ednculos (SCFV). No CRAS, os cidad\u00e3os tamb\u00e9m s\u00e3o orientados sobre os benef\u00edcios assistenciais e podem ser inscritos no Cadastro \u00danico para Programas Sociais do Governo Federal.<\/p>\n","protected":false},"excerpt":{"rendered":"<p>A confraterniza\u00e7\u00e3o julina do CRAS 1, que acontece pelo segundo ano consecutivo, contou com anima\u00e7\u00e3o de sanfoneiros e violonistas (Foto: Profeta)<\/p>\n","protected":false},"author":4,"featured_media":16397,"comment_status":"closed","ping_status":"open","sticky":false,"template":"","format":"standard","meta":{"footnotes":""},"categories":[24],"tags":[],"class_list":["post-16387","post","type-post","status-publish","format-standard","has-post-thumbnail","hentry","category-noticias"],"acf":[],"_links":{"self":[{"href":"https:\/\/www.apucarana.pr.gov.br\/site\/wp-json\/wp\/v2\/posts\/16387","targetHints":{"allow":["GET"]}}],"collection":[{"href":"https:\/\/www.apucarana.pr.gov.br\/site\/wp-json\/wp\/v2\/posts"}],"about":[{"href":"https:\/\/www.apucarana.pr.gov.br\/site\/wp-json\/wp\/v2\/types\/post"}],"author":[{"embeddable":true,"href":"https:\/\/www.apucarana.pr.gov.br\/site\/wp-json\/wp\/v2\/users\/4"}],"replies":[{"embeddable":true,"href":"https:\/\/www.apucarana.pr.gov.br\/site\/wp-json\/wp\/v2\/comments?post=16387"}],"version-history":[{"count":1,"href":"https:\/\/www.apucarana.pr.gov.br\/site\/wp-json\/wp\/v2\/posts\/16387\/revisions"}],"predecessor-version":[{"id":101249,"href":"https:\/\/www.apucarana.pr.gov.br\/site\/wp-json\/wp\/v2\/posts\/16387\/revisions\/101249"}],"wp:featuredmedia":[{"embeddable":true,"href":"https:\/\/www.apucarana.pr.gov.br\/site\/wp-json\/"}],"wp:attachment":[{"href":"https:\/\/www.apucarana.pr.gov.br\/site\/wp-json\/wp\/v2\/media?parent=16387"}],"wp:term":[{"taxonomy":"category","embeddable":true,"href":"https:\/\/www.apucarana.pr.gov.br\/site\/wp-json\/wp\/v2\/categories?post=16387"},{"taxonomy":"post_tag","embeddable":true,"href":"https:\/\/www.apucarana.pr.gov.br\/site\/wp-json\/wp\/v2\/tags?post=16387"}],"curies":[{"name":"wp","href":"https:\/\/api.w.org\/{rel}","templated":true}]}}