{"id":16379,"date":"2018-07-19T11:28:36","date_gmt":"2018-07-19T14:28:36","guid":{"rendered":"http:\/\/172.16.0.7\/site-antigo\/?p=16379"},"modified":"2024-10-08T09:16:54","modified_gmt":"2024-10-08T12:16:54","slug":"clube-do-choro-de-brasilia-lota-o-cine-fenix","status":"publish","type":"post","link":"https:\/\/www.apucarana.pr.gov.br\/site\/clube-do-choro-de-brasilia-lota-o-cine-fenix\/","title":{"rendered":"Clube do Choro de Bras\u00edlia lota o Cine F\u00eanix"},"content":{"rendered":"<p>Dentro da programa\u00e7\u00e3o extensiva do 38\u00ba Festival Internacional de M\u00fasica de Londrina (FML), o Clube do Choro de Bras\u00edlia se apresentou na noite desta quarta-feira (18), no Cine Teatro F\u00eanix, e agradou a centenas de pessoas que compareceram para prestigiar o show.<br \/>\nO prefeito Beto Preto, juntamente com secret\u00e1ria de Promo\u00e7\u00e3o Art\u00edstica, Cultural e Tur\u00edstica de Apucarana, Maria Agar Borba recepcionou os m\u00fasicos, Fernando C\u00e9sar\u00a0(viol\u00e3o 7 cordas),\u00a0L\u00e9o Benon\u00a0(cavaquinho),\u00a0S\u00e9rgio Morais<a href=\"http:\/\/fml.com.br\/38\/professor1_cv.asp?prod_id=31\">\u00a0<\/a>(flauta) e\u00a0Valerinho Xavier (pandeiro).<br \/>\nCom quarenta anos de funda\u00e7\u00e3o o Clube do Choro de Bras\u00edlia segue comemorando e revisitando obras dos grandes compositores da m\u00fasica popular brasileira, e trouxeram para a cidade obras-primas de nomes consagrados da nossa m\u00fasica, revistas e atualizadas pelos arranjos e interpreta\u00e7\u00f5es de alguns dos maiores instrumentistas atualmente em atividade no pa\u00eds. Com um vasto repert\u00f3rio, os cantores executaram cl\u00e1ssicos de Pixinguinha, Jacob do Bandolim, Waldir Azevedo e Altamiro Carrilho e composi\u00e7\u00f5es pr\u00f3prias.<br \/>\nNesta sexta-feira (20), a Orquestra Sinf\u00f4nica do Paran\u00e1 far\u00e1 um concerto de gala na Catedral Nossa Senhora de Lourdes \u00e0s 20h. \u201cEsperamos mais de 2 mil pessoas, para assistir esse maravilhoso concerto\u201d, diz Maria Agar.<\/p>\n","protected":false},"excerpt":{"rendered":"<p>(Fotos:Josias Profeta)<\/p>\n","protected":false},"author":4,"featured_media":16380,"comment_status":"closed","ping_status":"open","sticky":false,"template":"","format":"standard","meta":{"footnotes":""},"categories":[24],"tags":[],"class_list":["post-16379","post","type-post","status-publish","format-standard","has-post-thumbnail","hentry","category-noticias"],"acf":[],"_links":{"self":[{"href":"https:\/\/www.apucarana.pr.gov.br\/site\/wp-json\/wp\/v2\/posts\/16379","targetHints":{"allow":["GET"]}}],"collection":[{"href":"https:\/\/www.apucarana.pr.gov.br\/site\/wp-json\/wp\/v2\/posts"}],"about":[{"href":"https:\/\/www.apucarana.pr.gov.br\/site\/wp-json\/wp\/v2\/types\/post"}],"author":[{"embeddable":true,"href":"https:\/\/www.apucarana.pr.gov.br\/site\/wp-json\/wp\/v2\/users\/4"}],"replies":[{"embeddable":true,"href":"https:\/\/www.apucarana.pr.gov.br\/site\/wp-json\/wp\/v2\/comments?post=16379"}],"version-history":[{"count":1,"href":"https:\/\/www.apucarana.pr.gov.br\/site\/wp-json\/wp\/v2\/posts\/16379\/revisions"}],"predecessor-version":[{"id":101250,"href":"https:\/\/www.apucarana.pr.gov.br\/site\/wp-json\/wp\/v2\/posts\/16379\/revisions\/101250"}],"wp:featuredmedia":[{"embeddable":true,"href":"https:\/\/www.apucarana.pr.gov.br\/site\/wp-json\/"}],"wp:attachment":[{"href":"https:\/\/www.apucarana.pr.gov.br\/site\/wp-json\/wp\/v2\/media?parent=16379"}],"wp:term":[{"taxonomy":"category","embeddable":true,"href":"https:\/\/www.apucarana.pr.gov.br\/site\/wp-json\/wp\/v2\/categories?post=16379"},{"taxonomy":"post_tag","embeddable":true,"href":"https:\/\/www.apucarana.pr.gov.br\/site\/wp-json\/wp\/v2\/tags?post=16379"}],"curies":[{"name":"wp","href":"https:\/\/api.w.org\/{rel}","templated":true}]}}