{"id":16365,"date":"2018-07-18T16:24:58","date_gmt":"2018-07-18T19:24:58","guid":{"rendered":"http:\/\/172.16.0.7\/site-antigo\/?p=16365"},"modified":"2024-10-08T09:16:54","modified_gmt":"2024-10-08T12:16:54","slug":"escola-da-gestante-oferta-atendimento-odontologico","status":"publish","type":"post","link":"https:\/\/www.apucarana.pr.gov.br\/site\/escola-da-gestante-oferta-atendimento-odontologico\/","title":{"rendered":"Escola da Gestante oferta atendimento odontol\u00f3gico"},"content":{"rendered":"<p>A Escola da Gestante de Apucarana come\u00e7a a ofertar a partir de agosto atendimento odontol\u00f3gico \u00e0s futuras mam\u00e3es. A aten\u00e7\u00e3o a sa\u00fade bucal \u00e0s mulheres gr\u00e1vidas que fazem o pr\u00e9-natal pela rede p\u00fablica de sa\u00fade ser\u00e1 realizado pelos cinco dentistas do Programa de Resid\u00eancia Multiprofissional da Autarquia Municipal de Sa\u00fade (AMS).<br \/>\nA previs\u00e3o inicial \u00e9 de disponibilizar o atendimento odontol\u00f3gico diariamente, no per\u00edodo da tarde, a partir de agendamento realizado na Escola da Gestante. Os dentistas residentes ir\u00e3o utilizar a estrutura do Centro de Especialidades Odontol\u00f3gicas (CEO) da AMS, que h\u00e1 cerca de 4 meses est\u00e1 atendendo num novo pr\u00e9dio com 22 consult\u00f3rios odontol\u00f3gicos.<br \/>\nEntre os poss\u00edveis problemas bucais para gestantes, est\u00e3o \u00e0s doen\u00e7as periodontais ou de gengiva. Os n\u00edveis elevados dos horm\u00f4nios estrog\u00eanio e progesterona durante a\u00a0gravidez\u00a0deixam a gengiva mais sens\u00edvel \u00e0 placa bacteriana que se deposita nos dentes irritando as gengivas.<br \/>\n\u201cAs inflama\u00e7\u00f5es na gengiva s\u00e3o muito perigosas principalmente para o feto. Pesquisas indicaram que as gestantes portadoras de enfermidades gengivais t\u00eam maior propens\u00e3o a dar \u00e0 luz a beb\u00eas prematuros e abaixo do peso normal\u201d, alerta o coordenador do Centro de Especialidades Odontol\u00f3gicas, Cezar Verona.<br \/>\n<strong>Exame preventivo<\/strong><br \/>\nA Escola da Gestante de Apucarana tamb\u00e9m come\u00e7ou a ofertar h\u00e1 cerca de um m\u00eas outro importante exame para sa\u00fade da m\u00e3e e do beb\u00ea. Trata-se de exame preventivo do c\u00e2ncer do colo do \u00fatero que est\u00e1 sendo agendado sempre as quartas-feiras para aquelas mulheres que n\u00e3o est\u00e3o com o exame em dia e encontram dificuldade de comparecer a uma Unidade B\u00e1sica de Sa\u00fade (UBS) para realizar o procedimento.<br \/>\nDirecionados as gestantes a partir da 13\u00aa semana de gravidez, os exames preventivos est\u00e3o sendo realizados pelas profissionais da Resid\u00eancia em Enfermagem Obst\u00e9trica da Autarquia Municipal de Sa\u00fade (AMS) e enfermeiras da Escola da Gestante.<br \/>\n&nbsp;<br \/>\n&nbsp;<\/p>\n","protected":false},"excerpt":{"rendered":"<p>O cuidado com a sa\u00fade bucal das futuras mam\u00e3es come\u00e7a a partir de agosto no Centro de Especialidades Odontol\u00f3gicas (Foto &#8211; Edson Denobi)<\/p>\n","protected":false},"author":4,"featured_media":16366,"comment_status":"closed","ping_status":"open","sticky":false,"template":"","format":"standard","meta":{"footnotes":""},"categories":[24],"tags":[],"class_list":["post-16365","post","type-post","status-publish","format-standard","has-post-thumbnail","hentry","category-noticias"],"acf":[],"_links":{"self":[{"href":"https:\/\/www.apucarana.pr.gov.br\/site\/wp-json\/wp\/v2\/posts\/16365","targetHints":{"allow":["GET"]}}],"collection":[{"href":"https:\/\/www.apucarana.pr.gov.br\/site\/wp-json\/wp\/v2\/posts"}],"about":[{"href":"https:\/\/www.apucarana.pr.gov.br\/site\/wp-json\/wp\/v2\/types\/post"}],"author":[{"embeddable":true,"href":"https:\/\/www.apucarana.pr.gov.br\/site\/wp-json\/wp\/v2\/users\/4"}],"replies":[{"embeddable":true,"href":"https:\/\/www.apucarana.pr.gov.br\/site\/wp-json\/wp\/v2\/comments?post=16365"}],"version-history":[{"count":1,"href":"https:\/\/www.apucarana.pr.gov.br\/site\/wp-json\/wp\/v2\/posts\/16365\/revisions"}],"predecessor-version":[{"id":101253,"href":"https:\/\/www.apucarana.pr.gov.br\/site\/wp-json\/wp\/v2\/posts\/16365\/revisions\/101253"}],"wp:featuredmedia":[{"embeddable":true,"href":"https:\/\/www.apucarana.pr.gov.br\/site\/wp-json\/"}],"wp:attachment":[{"href":"https:\/\/www.apucarana.pr.gov.br\/site\/wp-json\/wp\/v2\/media?parent=16365"}],"wp:term":[{"taxonomy":"category","embeddable":true,"href":"https:\/\/www.apucarana.pr.gov.br\/site\/wp-json\/wp\/v2\/categories?post=16365"},{"taxonomy":"post_tag","embeddable":true,"href":"https:\/\/www.apucarana.pr.gov.br\/site\/wp-json\/wp\/v2\/tags?post=16365"}],"curies":[{"name":"wp","href":"https:\/\/api.w.org\/{rel}","templated":true}]}}