{"id":16354,"date":"2018-07-18T12:38:58","date_gmt":"2018-07-18T15:38:58","guid":{"rendered":"http:\/\/172.16.0.7\/site-antigo\/?p=16354"},"modified":"2024-10-08T09:16:54","modified_gmt":"2024-10-08T12:16:54","slug":"licitacoes-de-apucarana-sao-transmitidas-pela-internet","status":"publish","type":"post","link":"https:\/\/www.apucarana.pr.gov.br\/site\/licitacoes-de-apucarana-sao-transmitidas-pela-internet\/","title":{"rendered":"Licita\u00e7\u00f5es de Apucarana s\u00e3o transmitidas pela internet"},"content":{"rendered":"<p>A Prefeitura de Apucarana iniciou nesta quarta-feira (18\/07) as transmiss\u00f5es em tempo real, pela internet, de todos os processos licitat\u00f3rios. As sess\u00f5es est\u00e3o sendo veiculadas pelo You Tube, atrav\u00e9s do canal \u201clicita\u00e7\u00e3o Apucarana\u201d criado para esta finalidade.<br \/>\nA primeira transmiss\u00e3o foi de um preg\u00e3o para aquisi\u00e7\u00e3o de materiais destinados \u00e0 manuten\u00e7\u00e3o de vias p\u00fablicas. A sess\u00e3o, que iniciou \u00e0s 9 horas, durou cerca de 40 minutos. \u201cHouve a participa\u00e7\u00e3o de duas empresas, ambas de Apucarana. Uma enviou representante e a outra optou em participar do certame enviando apenas a documenta\u00e7\u00e3o\u201d, pontua M\u00e1rcio Cezar Pereira Lima, diretor municipal de Compras e Licita\u00e7\u00f5es.<br \/>\nO preg\u00e3o, no valor de R$ 439 mil, foi para aquisi\u00e7\u00e3o de p\u00f3 de pedra, brita graduada, pedrisco, pedra brita e areia. Dos sete itens, um resultou deserto (sem concorrentes),\u00a0\u00a0outros cinco foram vencidos pela Pedreira Jos\u00e9 Ign\u00e1cio Netto Ltda e um pela FMG Materiais para Constru\u00e7\u00e3o Ltda.<br \/>\nDe acordo com o prefeito Beto Preto, a transmiss\u00e3o via internet vai aumentar ainda mais a transpar\u00eancia nos processos licitat\u00f3rios do Munic\u00edpio. \u201cAs sess\u00f5es j\u00e1 eram abertas ao p\u00fablico e, em muitos casos, com o acompanhamento de representantes do Observat\u00f3rio Social. Agora, a popula\u00e7\u00e3o poder\u00e1 acompanh\u00e1-las pelo celular ou de um computador, sem precisar se deslocar at\u00e9 a Prefeitura\u201d, destaca Beto Preto.<br \/>\nO prefeito faz quest\u00e3o de ressaltar ainda que os servidores da licita\u00e7\u00e3o s\u00e3o competentes e muito \u00e9ticos. \u201cS\u00f3 temos a agradecer a eles pelo seu empenho e extrema dedica\u00e7\u00e3o na condu\u00e7\u00e3o de todos os processos\u00a0licitat\u00f3rios\u201d, enalteceu.<br \/>\n<strong>TRANSPAR\u00caNCIA<\/strong>\u00a0&#8211; O secret\u00e1rio municipal de Gest\u00e3o P\u00fablica, Nicolai Cernescu Junior, afirma que as transmiss\u00f5es abranger\u00e3o todos os processos licitat\u00f3rios, tanto da Prefeitura, quanto das autarquias municipais, como as de Educa\u00e7\u00e3o e Sa\u00fade. \u201cFazemos uma m\u00e9dia de 10 licita\u00e7\u00f5es por semana. E, a partir de agora, a transmiss\u00e3o pela internet facilitar\u00e1 o acompanhamento das sess\u00f5es, tanto por parte da popula\u00e7\u00e3o quanto dos propriet\u00e1rios das empresas participantes que normalmente enviam representantes\u201d, observa o secret\u00e1rio.<br \/>\nCernescu reitera que a transmiss\u00e3o on line das licita\u00e7\u00f5es j\u00e1 estava sendo planejada. \u201cTanto que a primeira etapa do processo j\u00e1 havia sido conclu\u00edda h\u00e1 alguns meses, com a instala\u00e7\u00e3o de c\u00e2meras para monitoramento na portaria do pr\u00e9dio, nos corredores da prefeitura e em outros setores, tamb\u00e9m como forma de coibir \u00b4acordos` entre licitantes\u201d, comentou.<br \/>\n\u201cO prefeito Beto Preto j\u00e1 vinha discutindo com a secretaria de Gest\u00e3o P\u00fablica, desde mar\u00e7o \u2013 quando a lei foi aprovada na Assembleia Legislativa &#8211; a implanta\u00e7\u00e3o das transmiss\u00f5es ao vivo\u00a0das licita\u00e7\u00f5es\u00a0da Prefeitura de Apucarana\u201d, lembrou Nicolai.<br \/>\nPara viabilizar as transmiss\u00f5es, o munic\u00edpio adquiriu duas c\u00e2meras, quatro microfones \u2013 para capta\u00e7\u00e3o de \u00e1udio nos ambientes e da equipe de licita\u00e7\u00e3o da prefeitura -, al\u00e9m de duas mesas de som para atender duas salas de licita\u00e7\u00e3o. \u201cAs transmiss\u00f5es ao vivo s\u00e3o uma tend\u00eancia, que vem sendo adotadas pelos munic\u00edpios para acompanhar os avan\u00e7os tecnol\u00f3gicos. A primeira transmiss\u00e3o foi realizada com \u00eaxito e agora vamos tamb\u00e9m criar um link no site da Prefeitura que ir\u00e1 direcionar para o canal do You Tube\u201d, informa o\u00a0superintendente municipal de Tecnologia da Informa\u00e7\u00e3o, Marcelo Marins.<br \/>\nClique e ou\u00e7a o secret\u00e1rio de Fazenda, Marcello Machado<br \/>\nhttps:\/\/soundcloud.com\/prefeitura-municipal-apucarana\/marcello-machado-transmissao-licitacao-18-07-18<br \/>\n&nbsp;<br \/>\n&nbsp;<\/p>\n","protected":false},"excerpt":{"rendered":"<p>Sistema come\u00e7ou a funcionar hoje, via You Tube, num preg\u00e3o para compra de materiais de manuten\u00e7\u00e3o de ruas (Foto: Edson Denobi)  <\/p>\n","protected":false},"author":4,"featured_media":16358,"comment_status":"closed","ping_status":"open","sticky":false,"template":"","format":"standard","meta":{"footnotes":""},"categories":[24],"tags":[],"class_list":["post-16354","post","type-post","status-publish","format-standard","has-post-thumbnail","hentry","category-noticias"],"acf":[],"_links":{"self":[{"href":"https:\/\/www.apucarana.pr.gov.br\/site\/wp-json\/wp\/v2\/posts\/16354","targetHints":{"allow":["GET"]}}],"collection":[{"href":"https:\/\/www.apucarana.pr.gov.br\/site\/wp-json\/wp\/v2\/posts"}],"about":[{"href":"https:\/\/www.apucarana.pr.gov.br\/site\/wp-json\/wp\/v2\/types\/post"}],"author":[{"embeddable":true,"href":"https:\/\/www.apucarana.pr.gov.br\/site\/wp-json\/wp\/v2\/users\/4"}],"replies":[{"embeddable":true,"href":"https:\/\/www.apucarana.pr.gov.br\/site\/wp-json\/wp\/v2\/comments?post=16354"}],"version-history":[{"count":1,"href":"https:\/\/www.apucarana.pr.gov.br\/site\/wp-json\/wp\/v2\/posts\/16354\/revisions"}],"predecessor-version":[{"id":101254,"href":"https:\/\/www.apucarana.pr.gov.br\/site\/wp-json\/wp\/v2\/posts\/16354\/revisions\/101254"}],"wp:featuredmedia":[{"embeddable":true,"href":"https:\/\/www.apucarana.pr.gov.br\/site\/wp-json\/"}],"wp:attachment":[{"href":"https:\/\/www.apucarana.pr.gov.br\/site\/wp-json\/wp\/v2\/media?parent=16354"}],"wp:term":[{"taxonomy":"category","embeddable":true,"href":"https:\/\/www.apucarana.pr.gov.br\/site\/wp-json\/wp\/v2\/categories?post=16354"},{"taxonomy":"post_tag","embeddable":true,"href":"https:\/\/www.apucarana.pr.gov.br\/site\/wp-json\/wp\/v2\/tags?post=16354"}],"curies":[{"name":"wp","href":"https:\/\/api.w.org\/{rel}","templated":true}]}}