{"id":16342,"date":"2018-07-17T22:26:55","date_gmt":"2018-07-18T01:26:55","guid":{"rendered":"http:\/\/172.16.0.7\/site-antigo\/?p=16342"},"modified":"2024-10-08T09:16:54","modified_gmt":"2024-10-08T12:16:54","slug":"prefeitura-investe-mais-r-520-mil-em-dois-bairros","status":"publish","type":"post","link":"https:\/\/www.apucarana.pr.gov.br\/site\/prefeitura-investe-mais-r-520-mil-em-dois-bairros\/","title":{"rendered":"Prefeitura investe mais R$ 520 mil em dois bairros"},"content":{"rendered":"<p>As obras de recupera\u00e7\u00e3o de ruas e interliga\u00e7\u00e3o de bairros continuam avan\u00e7ando em Apucarana. Atualmente, duas frentes de trabalho est\u00e3o em atividade no N\u00facleo Habitacional Dom Romeu Alberti, na zona Norte da cidade. Em outra frente, a prefeitura promove o alargamento da Rua S\u00e3o Carlos, que d\u00e1 acesso \u00e0 Vila Apucaraninha e ao Residencial Por do sol.<br \/>\nO investimento total, com recursos pr\u00f3prios do munic\u00edpio \u00e9 superior a R$ 520 mil. O secret\u00e1rio de Obras, Herivelto Moreno avalia que os servi\u00e7os que est\u00e3o em andamento devem ser conclu\u00eddos ainda nesta semana. \u201cTranquilizamos os moradores de algumas ruas transversais, que vem questionando sobre algumas vias que iriam ficar de fora destas obras. A pedido do prefeito Beto Preto foram inclu\u00eddas todas as ruas do bairro. Portanto, o Dom Romeu ter\u00e1 recupera\u00e7\u00e3o asf\u00e1ltica de micro-pavimento nas ruas de menor tr\u00e1fego, e de reperfilamento, com capa asfaltica de 2 cent\u00edmetros nas ruas s\u00e3o Lucas e S\u00e3o Sebasti\u00e3o, que s\u00e3o vias de interliga\u00e7\u00e3o de bairros e que tamb\u00e9m s\u00e3o utilizadas pelo transporte coletivo urbano\u201d, comenta o engenheiro Herivelto Moreno.<br \/>\nO secret\u00e1rio revela que no Dom Romeu Alberti est\u00e3o sendo executados 30 mil m\u00b2 de micro-pavimento e mais 7 mil m\u00b2 de reperfilamento, ao custo de R$ 440 mil.<br \/>\nMoradores do Dom Romeu acompanham de perto a recupera\u00e7\u00e3o das ruas e manifestam sua satisfa\u00e7\u00e3o. O comerciante Jaci Afonso, da Rua S\u00e3o Sebasti\u00e3o, fez quest\u00e3o de agradecer ao prefeito Beto Preto pela melhoria. \u201cO trabalho aqui \u00e9 de excelente qualidade, s\u00f3 temos a agradecer\u201d, opinou.<br \/>\nO aposentado Reinaldo Ad\u00e3o Camargo, que j\u00e1 trabalhou com pavimenta\u00e7\u00e3o disse que o recape \u00e9 mesmo de qualidade. \u201cO prefeito Beto preto est\u00e1 honrando o compromisso assumido com a comunidade, e n\u00e3o \u00e9 s\u00f3 aqui no dom Romeu, \u00e9 em toda a cidade\u201d, avalia Camargo.<br \/>\nNa Rua S\u00e3o Carlos, no acesso \u00e0 Vila Apucaraninha e ao Por do sol, a Prefeitura de Apucarana est\u00e1 executando obras de alargamento da via numa extens\u00e3o de trezentos metros. \u201cEsse trecho \u00e9 de tr\u00e1fego intenso e a rua que era estreita, est\u00e1 ganhando agora mais tr\u00eas metros de largura, al\u00e9m de meio-fio e sinaliza\u00e7\u00e3o vi\u00e1ria\u201d, anuncia o secret\u00e1rio Herivelto Moreno.<br \/>\nSegundo ele, mediante acordo firmado com o propriet\u00e1rio de um grande lote de terras no local, est\u00e1 providenciando a constru\u00e7\u00e3o de cal\u00e7adas. \u201cA partir de agora, haver\u00e1 mais seguran\u00e7a para pedestre, ciclistas, motociclistas e ve\u00edculos nesta via\u201d, avalia o secret\u00e1rio.<br \/>\nClique e ou\u00e7a esta mat\u00e9ria<br \/>\nHerivelto Moreno- secret\u00e1rio de Obras<br \/>\nhttps:\/\/soundcloud.com\/prefeitura-municipal-apucarana\/herivelto-moreno-recape-dom-romeu-e-ruas-17-07-18<br \/>\nJaci Afonso- morador n\u00facleo Dom Romeu Alberti<br \/>\nhttps:\/\/soundcloud.com\/prefeitura-municipal-apucarana\/jaci-afonso-recape-dom-romeu-e-ruas-17-08-18<br \/>\nReinaldo Ad\u00e3o Camargo- morador n\u00facleo Dom Romeu Alberti<br \/>\nhttps:\/\/soundcloud.com\/prefeitura-municipal-apucarana\/reinaldo-adao-camargo-recape-dom-romeu-e-ruas-17-07-18<br \/>\n&nbsp;<\/p>\n","protected":false},"excerpt":{"rendered":"<p>Est\u00e3o sendo atendidos o Dom Romeu Alberti e a Vila Apucaraninha (Foto: Profeta)<\/p>\n","protected":false},"author":4,"featured_media":16351,"comment_status":"closed","ping_status":"open","sticky":false,"template":"","format":"standard","meta":{"footnotes":""},"categories":[24],"tags":[],"class_list":["post-16342","post","type-post","status-publish","format-standard","has-post-thumbnail","hentry","category-noticias"],"acf":[],"_links":{"self":[{"href":"https:\/\/www.apucarana.pr.gov.br\/site\/wp-json\/wp\/v2\/posts\/16342","targetHints":{"allow":["GET"]}}],"collection":[{"href":"https:\/\/www.apucarana.pr.gov.br\/site\/wp-json\/wp\/v2\/posts"}],"about":[{"href":"https:\/\/www.apucarana.pr.gov.br\/site\/wp-json\/wp\/v2\/types\/post"}],"author":[{"embeddable":true,"href":"https:\/\/www.apucarana.pr.gov.br\/site\/wp-json\/wp\/v2\/users\/4"}],"replies":[{"embeddable":true,"href":"https:\/\/www.apucarana.pr.gov.br\/site\/wp-json\/wp\/v2\/comments?post=16342"}],"version-history":[{"count":1,"href":"https:\/\/www.apucarana.pr.gov.br\/site\/wp-json\/wp\/v2\/posts\/16342\/revisions"}],"predecessor-version":[{"id":101255,"href":"https:\/\/www.apucarana.pr.gov.br\/site\/wp-json\/wp\/v2\/posts\/16342\/revisions\/101255"}],"wp:featuredmedia":[{"embeddable":true,"href":"https:\/\/www.apucarana.pr.gov.br\/site\/wp-json\/"}],"wp:attachment":[{"href":"https:\/\/www.apucarana.pr.gov.br\/site\/wp-json\/wp\/v2\/media?parent=16342"}],"wp:term":[{"taxonomy":"category","embeddable":true,"href":"https:\/\/www.apucarana.pr.gov.br\/site\/wp-json\/wp\/v2\/categories?post=16342"},{"taxonomy":"post_tag","embeddable":true,"href":"https:\/\/www.apucarana.pr.gov.br\/site\/wp-json\/wp\/v2\/tags?post=16342"}],"curies":[{"name":"wp","href":"https:\/\/api.w.org\/{rel}","templated":true}]}}