{"id":16332,"date":"2018-07-17T16:46:38","date_gmt":"2018-07-17T19:46:38","guid":{"rendered":"http:\/\/172.16.0.7\/site-antigo\/?p=16332"},"modified":"2024-10-08T09:16:54","modified_gmt":"2024-10-08T12:16:54","slug":"cine-fenix-recebe-classicos-do-chorinho","status":"publish","type":"post","link":"https:\/\/www.apucarana.pr.gov.br\/site\/cine-fenix-recebe-classicos-do-chorinho\/","title":{"rendered":"Cine F\u00eanix recebe cl\u00e1ssicos do \u201cchorinho\u201d"},"content":{"rendered":"<p>O Clube do Choro de Bras\u00edlia \u00e9 atra\u00e7\u00e3o na noite desta quarta-feira (18\/07), a partir das 20 horas, no Cine Teatro F\u00eanix, em Apucarana. Parte integrante da programa\u00e7\u00e3o extensiva de espet\u00e1culos do 38\u00ba Festival Internacional de M\u00fasica de Londrina (FML), a entrada \u00e9 gratuita e os convites de acesso devem ser retirados a partir das 19 horas na bilheteria do local do evento, limitados \u00e0 capacidade do espa\u00e7o (480 lugares).<br \/>\n\u201cO \u201cChoro de Bras\u00edlia\u201d revisita obras dos grandes compositores da m\u00fasica popular brasileira, trazendo para Apucarana obras-primas de nomes consagrados da nossa m\u00fasica, revistas e atualizadas pelos arranjos e interpreta\u00e7\u00f5es de alguns dos maiores instrumentistas atualmente em atividade no pa\u00eds\u201d, relata professora Maria Agar Borba Ferreira, secret\u00e1ria Municipal da Promo\u00e7\u00e3o Art\u00edstica, Cultural e Tur\u00edstica da Prefeitura de Apucarana (Promatur).<br \/>\nCom quarenta anos de funda\u00e7\u00e3o, a forma\u00e7\u00e3o atual tem Fernando C\u00e9sar (viol\u00e3o 7 cordas), L\u00e9o Benon (cavaquinho), S\u00e9rgio Morais (flauta) e Valerinho Xavier (pandeiro), m\u00fasicos-professores da Escola Brasileira de Choro Raphael Rabello, em Bras\u00edlia. \u201cO repert\u00f3rio para o show de Apucarana inclui cl\u00e1ssicos dos grandes mestres do Choro com Pixinguinha, Jacob do Bandolim, Waldir Azevedo e Altamiro Carrilho, al\u00e9m de composi\u00e7\u00f5es pr\u00f3prias\u201d, informa Maria Agar.<br \/>\nO ritmo &#8211; Popularmente chamado de \u201cchorinho\u201d, o Choro \u00e9 um g\u00eanero de m\u00fasica popular e instrumental brasileira que surgiu no Rio de Janeiro em meados do s\u00e9culo XIX. O choro pode ser considerado como a primeira m\u00fasica urbana tipicamente brasileira e, ao longo dos anos, transformou-se em um dos g\u00eaneros mais prestigiados da m\u00fasica popular nacional, reconhecido em excel\u00eancia e requinte.<br \/>\nExtens\u00e3o do FML prev\u00ea outros tr\u00eas espet\u00e1culos em Apucarana<br \/>\nA programa\u00e7\u00e3o extensiva do 38\u00ba FML na Cidade Alta tem apoio da Prefeitura de Apucarana, atrav\u00e9s da Promatur, e engloba ainda outros tr\u00eas espet\u00e1culos com entrada gratuita. Na sexta-feira (20\/07), \u00e0s 20 horas, a Orquestra Sinf\u00f4nica do Paran\u00e1 far\u00e1 um concerto de gala na Catedral Nossa Senhora de Lourdes. No domingo (22\/07), \u00e0s 16 horas, no Cine F\u00eanix, ser\u00e1 a vez da \u00d3pera Contada Jo\u00e3o e Maria \u2013 uma livre adapta\u00e7\u00e3o da \u00f3pera de Engelbert Humperdinck. E, finalizando a programa\u00e7\u00e3o, dia 27 de julho, \u00e0s 20 horas, tem o recital de piano, no Cine Teatro F\u00eanix, com Allan Duarte Manhas. \u201c\u00c9 uma honra para Apucarana receber mais uma vez eventos do Festival Internacional de M\u00fasica de Londrina (FML), que ao logo dos \u00faltimos 38 anos firmou-se como um dos eventos mais importantes da agenda cultural do pa\u00eds\u201d, destaca professora Maria Agar Borba Ferreira, secret\u00e1ria da Promatur.<br \/>\nServi\u00e7o &#8211; Mais detalhes sobre os espet\u00e1culos da extens\u00e3o Apucarana podem ser obtidas no site www.apucarana.pr.gov.br ou pelo telefone 3423-2944. O FML \u00e9 uma realiza\u00e7\u00e3o do Governo do Paran\u00e1, Prefeitura do Munic\u00edpio de Londrina, Universidade Estadual de Londrina (UEL) e Associa\u00e7\u00e3o de Amigos do FML. O site oficial do evento \u00e9 o http:\/\/www.fml.com.br.<\/p>\n","protected":false},"excerpt":{"rendered":"<p>Evento faz parte do Festival Internacional de M\u00fasica de Londrina (FML), que ao logo dos \u00faltimos 38 anos firmou-se como um dos eventos mais importantes da agenda cultural do pa\u00eds (Foto: Site FML\/divulga\u00e7\u00e3o)<\/p>\n","protected":false},"author":4,"featured_media":16322,"comment_status":"closed","ping_status":"open","sticky":false,"template":"","format":"standard","meta":{"footnotes":""},"categories":[24],"tags":[],"class_list":["post-16332","post","type-post","status-publish","format-standard","has-post-thumbnail","hentry","category-noticias"],"acf":[],"_links":{"self":[{"href":"https:\/\/www.apucarana.pr.gov.br\/site\/wp-json\/wp\/v2\/posts\/16332","targetHints":{"allow":["GET"]}}],"collection":[{"href":"https:\/\/www.apucarana.pr.gov.br\/site\/wp-json\/wp\/v2\/posts"}],"about":[{"href":"https:\/\/www.apucarana.pr.gov.br\/site\/wp-json\/wp\/v2\/types\/post"}],"author":[{"embeddable":true,"href":"https:\/\/www.apucarana.pr.gov.br\/site\/wp-json\/wp\/v2\/users\/4"}],"replies":[{"embeddable":true,"href":"https:\/\/www.apucarana.pr.gov.br\/site\/wp-json\/wp\/v2\/comments?post=16332"}],"version-history":[{"count":1,"href":"https:\/\/www.apucarana.pr.gov.br\/site\/wp-json\/wp\/v2\/posts\/16332\/revisions"}],"predecessor-version":[{"id":101256,"href":"https:\/\/www.apucarana.pr.gov.br\/site\/wp-json\/wp\/v2\/posts\/16332\/revisions\/101256"}],"wp:featuredmedia":[{"embeddable":true,"href":"https:\/\/www.apucarana.pr.gov.br\/site\/wp-json\/"}],"wp:attachment":[{"href":"https:\/\/www.apucarana.pr.gov.br\/site\/wp-json\/wp\/v2\/media?parent=16332"}],"wp:term":[{"taxonomy":"category","embeddable":true,"href":"https:\/\/www.apucarana.pr.gov.br\/site\/wp-json\/wp\/v2\/categories?post=16332"},{"taxonomy":"post_tag","embeddable":true,"href":"https:\/\/www.apucarana.pr.gov.br\/site\/wp-json\/wp\/v2\/tags?post=16332"}],"curies":[{"name":"wp","href":"https:\/\/api.w.org\/{rel}","templated":true}]}}