{"id":13775,"date":"2018-03-20T15:30:14","date_gmt":"2018-03-20T18:30:14","guid":{"rendered":"http:\/\/172.16.0.7\/site-antigo\/?p=13775"},"modified":"2024-10-08T09:16:13","modified_gmt":"2024-10-08T12:16:13","slug":"cine-fenix-recebe-encenacao-da-paixao-de-cristo","status":"publish","type":"post","link":"https:\/\/www.apucarana.pr.gov.br\/site\/cine-fenix-recebe-encenacao-da-paixao-de-cristo\/","title":{"rendered":"Cine F\u00eanix recebe encena\u00e7\u00e3o da \u201cPaix\u00e3o de Cristo\u201d"},"content":{"rendered":"<p>A Secretaria da Promo\u00e7\u00e3o Art\u00edstica, Cultural e Tur\u00edstica da Prefeitura de Apucarana (Promatur) convida a popula\u00e7\u00e3o para prestigiar o espet\u00e1culo \u201cPaix\u00e3o de Cristo, que acontece nesta pr\u00f3xima ter\u00e7a-feira (27\/03), a partir das 20 horas, no Cine Teatro F\u00eanix. A entrada ser\u00e1 gratuita e os convites dever\u00e3o ser retirados na bilheteria do Cine F\u00eanix, uma hora antes do in\u00edcio do evento.<br \/>\n\u201cPelo d\u00e9cimo s\u00e9timo ano consecutivo a Prefeitura de Apucarana promove a encena\u00e7\u00e3o e, nesta edi\u00e7\u00e3o, o espet\u00e1culo conta com 60 alunos da Escola Municipal de Teatro, que com muita emo\u00e7\u00e3o v\u00e3o recontar um pouco dessa hist\u00f3ria magn\u00edfica\u201d, destaca professora Maria Agar Borba Ferreira, secret\u00e1ria da Promatur.<br \/>\nA dire\u00e7\u00e3o geral do espet\u00e1culo est\u00e1 a cargo do diretor Art\u00edstico Orisvaldo C\u00e9sar, com ensaios e produ\u00e7\u00e3o da professora de teatro Franciani Gomes. \u201c\u00c9 incans\u00e1vel para qualquer ator e diretor, descrever a fabulosa hist\u00f3ria do homem que revolucionou o mundo. A vida e morte de Jesus Cristo, que ainda hoje s\u00e3o marcadas pelas suas escrituras deixadas pelos grandes profetas da \u00e9poca\u201d, assinala Maria Agar.<br \/>\nEla destaca o apoio do prefeito Beto Preto. \u201cTemos um gestor que sabe o valor da Cultura e nos solicita sempre esfor\u00e7os para oferecer o melhor para a comunidade apucaranense\u201d, disse.<br \/>\nAs entradas para a Paix\u00e3o de Cristo s\u00e3o limitadas a 480 lugares, que \u00e9 a capacidade m\u00e1xima do teatro. Mais informa\u00e7\u00f5es podem ser obtidas diretamente no Cine Teatro F\u00eanix ou pelo telefone 3423-2944.<\/p>\n","protected":false},"excerpt":{"rendered":"<p>Espet\u00e1culo ter\u00e1 em cena alunos da Escola Municipal de Teatro (Foto: Profeta\/arquivo)<\/p>\n","protected":false},"author":4,"featured_media":13781,"comment_status":"closed","ping_status":"open","sticky":false,"template":"","format":"standard","meta":{"footnotes":""},"categories":[24],"tags":[],"class_list":["post-13775","post","type-post","status-publish","format-standard","has-post-thumbnail","hentry","category-noticias"],"acf":[],"_links":{"self":[{"href":"https:\/\/www.apucarana.pr.gov.br\/site\/wp-json\/wp\/v2\/posts\/13775","targetHints":{"allow":["GET"]}}],"collection":[{"href":"https:\/\/www.apucarana.pr.gov.br\/site\/wp-json\/wp\/v2\/posts"}],"about":[{"href":"https:\/\/www.apucarana.pr.gov.br\/site\/wp-json\/wp\/v2\/types\/post"}],"author":[{"embeddable":true,"href":"https:\/\/www.apucarana.pr.gov.br\/site\/wp-json\/wp\/v2\/users\/4"}],"replies":[{"embeddable":true,"href":"https:\/\/www.apucarana.pr.gov.br\/site\/wp-json\/wp\/v2\/comments?post=13775"}],"version-history":[{"count":1,"href":"https:\/\/www.apucarana.pr.gov.br\/site\/wp-json\/wp\/v2\/posts\/13775\/revisions"}],"predecessor-version":[{"id":101555,"href":"https:\/\/www.apucarana.pr.gov.br\/site\/wp-json\/wp\/v2\/posts\/13775\/revisions\/101555"}],"wp:featuredmedia":[{"embeddable":true,"href":"https:\/\/www.apucarana.pr.gov.br\/site\/wp-json\/"}],"wp:attachment":[{"href":"https:\/\/www.apucarana.pr.gov.br\/site\/wp-json\/wp\/v2\/media?parent=13775"}],"wp:term":[{"taxonomy":"category","embeddable":true,"href":"https:\/\/www.apucarana.pr.gov.br\/site\/wp-json\/wp\/v2\/categories?post=13775"},{"taxonomy":"post_tag","embeddable":true,"href":"https:\/\/www.apucarana.pr.gov.br\/site\/wp-json\/wp\/v2\/tags?post=13775"}],"curies":[{"name":"wp","href":"https:\/\/api.w.org\/{rel}","templated":true}]}}