{"id":13767,"date":"2018-03-20T15:10:54","date_gmt":"2018-03-20T18:10:54","guid":{"rendered":"http:\/\/172.16.0.7\/site-antigo\/?p=13767"},"modified":"2024-10-08T09:16:13","modified_gmt":"2024-10-08T12:16:13","slug":"prefeitura-faz-a-recuperacao-asfaltica-em-tres-bairros","status":"publish","type":"post","link":"https:\/\/www.apucarana.pr.gov.br\/site\/prefeitura-faz-a-recuperacao-asfaltica-em-tres-bairros\/","title":{"rendered":"Prefeitura faz a recupera\u00e7\u00e3o asf\u00e1ltica em tr\u00eas bairros"},"content":{"rendered":"<p>As frentes de reperfilamento e micropavimento est\u00e3o levando melhorias ao asfalto em tr\u00eas regi\u00f5es da cidade. As equipes atuam nesta semana na Vila S\u00e3o Carlos, Residencial Franca e Jardim Diamantina. O investimento total \u00e9 de cerca de R$ 350 mil e as solu\u00e7\u00f5es de engenharia foram definidas de acordo com as caracter\u00edsticas do pavimento.<br \/>\nCerca de 800 metros lineares da Rua Ur\u00e2nio, na Vila S\u00e3o Carlos, foram recuperados com a execu\u00e7\u00e3o do reperfilamento asf\u00e1ltico. O investimento nesta via faz parte de um pacote de obras que est\u00e1 levando essa melhoria em v\u00e1rios pontos da cidade e o servi\u00e7o est\u00e1 a cargo da Tapalam Constru\u00e7\u00f5es e Empreendimentos Ltda, contratada pelo Munic\u00edpio.<br \/>\nO prefeito de Apucarana, Beto Preto, afirma que a recupera\u00e7\u00e3o foi feita no trecho entre a Avenida Governador Roberto da Silveira e a Rua Ponta Grossa, totalizando uma \u00e1rea de cerca de 7 mil metros quadrados. \u201cTrata-se de uma via com intenso tr\u00e1fego de ve\u00edculos, bastante utilizada para chegar \u00e0 Avenida Governador Roberto da Silveira, acessando a sa\u00edda para Maring\u00e1\u201d, observa Beto Preto.<br \/>\nJ\u00e1 na Rua Piratininga (Jardim Diamantina) a recupera\u00e7\u00e3o, feita no sistema de micropavimento  e executada pela empresa Asfaltopav, atingiu cerca de mil metros lineares. Beto Preto frisa que nesta via ficam localizados importantes servi\u00e7os e equipamentos p\u00fablicos, como o p\u00e1tio de m\u00e1quinas da Prefeitura, a subesta\u00e7\u00e3o da Copel e o Centro da Juventude.<br \/>\nNo Residencial Franca, o servi\u00e7o tamb\u00e9m est\u00e1 sendo realizado pela Asfaltopav e o micropavimento foi executado nas ruas Jo\u00e3o Aba Neto e Manoel Francisco da Silva, em \u00e1rea de cerca de 4 mil metros quadrados. \u201cNo entanto, a recupera\u00e7\u00e3o abranger\u00e1 todas as ruas do bairro, atingindo investimentos de R$ 140 mil somente nesta frente\u201d, refor\u00e7a o prefeito Beto Preto.<br \/>\nO secret\u00e1rio municipal de Obras, engenheiro Herivelto Moreno, explica que o micropavimento \u00e9 uma mistura a frio de agregado e emuls\u00e3o asf\u00e1ltica.  \u201cJ\u00e1 o reperfilamento asf\u00e1ltico consiste na limpeza, pintura de liga\u00e7\u00e3o e aplica\u00e7\u00e3o de dois cent\u00edmetros compactados de Concreto Betuminoso Usinado a Quente (CBUQ)\u201d, esclarece. <\/p>\n","protected":false},"excerpt":{"rendered":"<p>As equipes atuam nesta semana na Vila S\u00e3o Carlos, Residencial Franca e Jardim Diamantina. O investimento total \u00e9 de cerca de R$ 350 mil e as solu\u00e7\u00f5es de engenharia foram definidas de acordo com as caracter\u00edsticas do pavimento (Foto: Profeta)<\/p>\n","protected":false},"author":4,"featured_media":13769,"comment_status":"closed","ping_status":"open","sticky":false,"template":"","format":"standard","meta":{"footnotes":""},"categories":[24],"tags":[],"class_list":["post-13767","post","type-post","status-publish","format-standard","has-post-thumbnail","hentry","category-noticias"],"acf":[],"_links":{"self":[{"href":"https:\/\/www.apucarana.pr.gov.br\/site\/wp-json\/wp\/v2\/posts\/13767","targetHints":{"allow":["GET"]}}],"collection":[{"href":"https:\/\/www.apucarana.pr.gov.br\/site\/wp-json\/wp\/v2\/posts"}],"about":[{"href":"https:\/\/www.apucarana.pr.gov.br\/site\/wp-json\/wp\/v2\/types\/post"}],"author":[{"embeddable":true,"href":"https:\/\/www.apucarana.pr.gov.br\/site\/wp-json\/wp\/v2\/users\/4"}],"replies":[{"embeddable":true,"href":"https:\/\/www.apucarana.pr.gov.br\/site\/wp-json\/wp\/v2\/comments?post=13767"}],"version-history":[{"count":1,"href":"https:\/\/www.apucarana.pr.gov.br\/site\/wp-json\/wp\/v2\/posts\/13767\/revisions"}],"predecessor-version":[{"id":101556,"href":"https:\/\/www.apucarana.pr.gov.br\/site\/wp-json\/wp\/v2\/posts\/13767\/revisions\/101556"}],"wp:featuredmedia":[{"embeddable":true,"href":"https:\/\/www.apucarana.pr.gov.br\/site\/wp-json\/"}],"wp:attachment":[{"href":"https:\/\/www.apucarana.pr.gov.br\/site\/wp-json\/wp\/v2\/media?parent=13767"}],"wp:term":[{"taxonomy":"category","embeddable":true,"href":"https:\/\/www.apucarana.pr.gov.br\/site\/wp-json\/wp\/v2\/categories?post=13767"},{"taxonomy":"post_tag","embeddable":true,"href":"https:\/\/www.apucarana.pr.gov.br\/site\/wp-json\/wp\/v2\/tags?post=13767"}],"curies":[{"name":"wp","href":"https:\/\/api.w.org\/{rel}","templated":true}]}}