{"id":13759,"date":"2018-03-19T16:37:02","date_gmt":"2018-03-19T19:37:02","guid":{"rendered":"http:\/\/172.16.0.7\/site-antigo\/?p=13759"},"modified":"2024-10-08T09:16:13","modified_gmt":"2024-10-08T12:16:13","slug":"capacitacoes-contribuem-para-consolidacao-da-economia-solidaria-em-apucarana","status":"publish","type":"post","link":"https:\/\/www.apucarana.pr.gov.br\/site\/capacitacoes-contribuem-para-consolidacao-da-economia-solidaria-em-apucarana\/","title":{"rendered":"Capacita\u00e7\u00f5es contribuem para consolida\u00e7\u00e3o da economia solid\u00e1ria em Apucarana"},"content":{"rendered":"<p>Perto de completar quatro anos, o Programa de Economia Solid\u00e1ria e Protagonismo Feminino da Secretaria da Mulher e Assuntos da Fam\u00edlia da Prefeitura de Apucarana (Semaf) iniciou nesta segunda-feira (19\/03), nas depend\u00eancias do Polo UAB, a capacita\u00e7\u00e3o da vig\u00e9sima sexta turma. Com a participa\u00e7\u00e3o de mulheres de diversos bairros, distritos e at\u00e9 de outros munic\u00edpios, como Lunardelli e Jacarezinho, chamou a aten\u00e7\u00e3o a presen\u00e7a de alguns homens. \u201cApucarana tem um prefeito com um olhar sens\u00edvel \u00e0s necessidades das mulheres, das nossas fam\u00edlias. Assim, as capacita\u00e7\u00f5es da economia solid\u00e1ria, que iniciaram em abril de 2014 com o vi\u00e9s de promover a gera\u00e7\u00e3o de renda e autonomia financeira da mulher, hoje contam tamb\u00e9m com a presen\u00e7a de alguns homens, o que \u00e9 muito salutar, pois ao longo dos trabalhos percebemos que os empreendimentos solid\u00e1rios formados t\u00eam tamb\u00e9m a contribui\u00e7\u00e3o do marido, do irm\u00e3o, do filho\u201d, destacou Denise Canesin Mois\u00e9s Machado, secret\u00e1ria Municipal da Mulher, que no ato de abertura da capacita\u00e7\u00e3o representou o prefeito Beto Preto.<br \/>\nDe acordo com a secret\u00e1ria, a iniciativa hoje est\u00e1 consolidada como pol\u00edtica p\u00fablica municipal. \u201cA economia solid\u00e1ria faz parte de uma administra\u00e7\u00e3o municipal que tem um plano de governo centrado na comunidade, por isto o prefeito Beto Preto ordenou que nossa equipe alicer\u00e7asse o programa com todo o respaldo legal necess\u00e1rio para que esta pol\u00edtica n\u00e3o termine com o mandato\u201d, informou Denise. Para tanto, continuou: \u201cFoi ent\u00e3o editada uma legisla\u00e7\u00e3o municipal espec\u00edfica, aprovada pelos vereadores, e criado um conselho que tem fiscalizado, empoderado a\u00e7\u00f5es e contribu\u00eddo para a viabiliza\u00e7\u00e3o de recursos para o programa, que hoje \u00e9 referenciado positivamente por outros munic\u00edpios do Paran\u00e1 e do Brasil, conquistando premia\u00e7\u00f5es\u201d, detalhou Denise Canesin, lembrando que tamb\u00e9m existem os \u201cEspa\u00e7o Mulher\u201d, que s\u00e3o pontos de mobiliza\u00e7\u00e3o e comercializa\u00e7\u00e3o da produ\u00e7\u00e3o dos empreendimentos solid\u00e1rios.<br \/>\nSob a coordena\u00e7\u00e3o da diretora-geral do Departamento da Mulher e Assuntos da Fam\u00edlia e coordenadora do programa, Terezinha Elizabete Berton Pereira (Bete Berton), a vig\u00e9sima sexta turma de economia solid\u00e1ria segue com instru\u00e7\u00f5es at\u00e9 a sexta-feira, das 14 \u00e0s 17 horas. Todos os alunos que conclu\u00edrem ter\u00e3o direito a certificado de forma\u00e7\u00e3o. A primeira oficina do curso \u2013 sobre relacionamento interpessoal &#8211; foi ministrada pela professora M\u00e1rcia Alves, do campus Apucarana da Universidade Tecnol\u00f3gica Federal do Paran\u00e1 (UTFPR). \u201cNeste dia 25 de abril completaremos quatro anos do programa de economia solid\u00e1ria, per\u00edodo em que alicer\u00e7amos um trabalho significativo, sempre contando com o amparo do prefeito Beto Preto, gest\u00e3o da secret\u00e1ria Denise e equipe de profissionais da Semaf, bem como valiosos parceiros como a UTFPR Apucarana\u201d, pontuou Bete Berton.<br \/>\nUma das mais numerosas, a vig\u00e9sima sexta turma do programa conta tamb\u00e9m com mulheres de diversas forma\u00e7\u00f5es. \u201cDurante a apresenta\u00e7\u00e3o fiquei bastante feliz em perceber que al\u00e9m de numerosa, essa turma \u00e9 diferenciada tamb\u00e9m pela presen\u00e7a de mulheres profissionais de diversas \u00e1reas. Temos desde donas de casa a profissionais da odontologia, psicologia, enfermagem, nutri\u00e7\u00e3o, fisioterapia e educa\u00e7\u00e3o f\u00edsica. Mulheres que j\u00e1 t\u00eam habilidades em artesanato, gastronomia, corte e costura, bordado e outras que nos informaram que atrav\u00e9s da capacita\u00e7\u00e3o v\u00e3o procurar descobrir aptid\u00f5es\u201d, concluiu Denise Canesin, secretaria Municipal da Mulher. Ela orienta que interessadas em fazer parte da rede de economia solid\u00e1ria devem procurar o Espa\u00e7o Mulher da Rua Osvaldo Cruz, 432 (ao lado da Casa da Gestante). Mais detalhes podem ser obtidos tamb\u00e9m pelo telefone 3122-0457 ou ainda atrav\u00e9s da rede social no endere\u00e7o https:\/\/www.facebook.com\/rededemulheresecosol.<\/p>\n","protected":false},"excerpt":{"rendered":"<p>Cursos de forma\u00e7\u00e3o, que iniciaram em 2014 com o vi\u00e9s de promover a gera\u00e7\u00e3o de renda e autonomia financeira da mulher, hoje contam tamb\u00e9m com a presen\u00e7a de alguns homens (Foto: Edson Denobi)<\/p>\n","protected":false},"author":4,"featured_media":13763,"comment_status":"closed","ping_status":"open","sticky":false,"template":"","format":"standard","meta":{"footnotes":""},"categories":[24],"tags":[],"class_list":["post-13759","post","type-post","status-publish","format-standard","has-post-thumbnail","hentry","category-noticias"],"acf":[],"_links":{"self":[{"href":"https:\/\/www.apucarana.pr.gov.br\/site\/wp-json\/wp\/v2\/posts\/13759","targetHints":{"allow":["GET"]}}],"collection":[{"href":"https:\/\/www.apucarana.pr.gov.br\/site\/wp-json\/wp\/v2\/posts"}],"about":[{"href":"https:\/\/www.apucarana.pr.gov.br\/site\/wp-json\/wp\/v2\/types\/post"}],"author":[{"embeddable":true,"href":"https:\/\/www.apucarana.pr.gov.br\/site\/wp-json\/wp\/v2\/users\/4"}],"replies":[{"embeddable":true,"href":"https:\/\/www.apucarana.pr.gov.br\/site\/wp-json\/wp\/v2\/comments?post=13759"}],"version-history":[{"count":1,"href":"https:\/\/www.apucarana.pr.gov.br\/site\/wp-json\/wp\/v2\/posts\/13759\/revisions"}],"predecessor-version":[{"id":101557,"href":"https:\/\/www.apucarana.pr.gov.br\/site\/wp-json\/wp\/v2\/posts\/13759\/revisions\/101557"}],"wp:featuredmedia":[{"embeddable":true,"href":"https:\/\/www.apucarana.pr.gov.br\/site\/wp-json\/"}],"wp:attachment":[{"href":"https:\/\/www.apucarana.pr.gov.br\/site\/wp-json\/wp\/v2\/media?parent=13759"}],"wp:term":[{"taxonomy":"category","embeddable":true,"href":"https:\/\/www.apucarana.pr.gov.br\/site\/wp-json\/wp\/v2\/categories?post=13759"},{"taxonomy":"post_tag","embeddable":true,"href":"https:\/\/www.apucarana.pr.gov.br\/site\/wp-json\/wp\/v2\/tags?post=13759"}],"curies":[{"name":"wp","href":"https:\/\/api.w.org\/{rel}","templated":true}]}}