{"id":13752,"date":"2018-03-19T12:46:26","date_gmt":"2018-03-19T15:46:26","guid":{"rendered":"http:\/\/172.16.0.7\/site-antigo\/?p=13752"},"modified":"2024-10-08T09:16:13","modified_gmt":"2024-10-08T12:16:13","slug":"programa-da-prefeitura-revitaliza-praca","status":"publish","type":"post","link":"https:\/\/www.apucarana.pr.gov.br\/site\/programa-da-prefeitura-revitaliza-praca\/","title":{"rendered":"Programa da Prefeitura revitaliza pra\u00e7a"},"content":{"rendered":"<p style=\"text-align: justify;background: white;vertical-align: baseline;margin: 0cm 0cm 11.25pt 0cm\"><span style=\"font-size: 13.5pt;color: #333333\">Atrav\u00e9s do Programa Pra\u00e7a Viva, a Prefeitura de Apucarana est\u00e1 revitalizando a Pra\u00e7a Dem\u00e9trio Mazurok, localizada entre as ruas Clot\u00e1rio Portugal e S\u00e3o Paulo (ao lado do Sesc). Est\u00e3o sendo feitas interven\u00e7\u00f5es no paisagismo, acessibilidade e ilumina\u00e7\u00e3o p\u00fablica, al\u00e9m da coloca\u00e7\u00e3o de lixeiras, bancos e mesinhas para jogos. <\/span><\/p>\n<p style=\"text-align: justify;background: white;vertical-align: baseline;margin: 0cm 0cm 11.25pt 0cm\"><span style=\"font-size: 13.5pt;color: #333333\">O prefeito de Apucarana, Beto Preto, afirma que diversas pra\u00e7as receber\u00e3o investimentos dentro do programa. \u201cNossa proposta \u00e9 reurbanizar e valorizar estes espa\u00e7os p\u00fablicos, tornando-os mais atrativos e agrad\u00e1veis para a conviv\u00eancia dos apucaranenses, seja nos bairros como tamb\u00e9m no centro\u201d, frisa Beto Preto.<\/span><\/p>\n<p style=\"text-align: justify;background: white;vertical-align: baseline;margin: 0cm 0cm 11.25pt 0cm\"><span style=\"font-size: 13.5pt;color: #333333\">Este \u00e9 o primeiro lote de pra\u00e7as p\u00fablicas e os investimentos dever\u00e3o chegar a cerca de R$ 500 mil, com revitaliza\u00e7\u00f5es e novos equipamentos. \u201cEstamos trabalhando na Pra\u00e7a Dem\u00e9trio Mazurok e depois iremos promover melhorias na pra\u00e7a que fica em frente da igreja cat\u00f3lica, localizada no Bairro da Igrejinha\u201d, informa Helligtonn Martins, diretor municipal de Obras, refor\u00e7ando que nesta etapa do programa ser\u00e3o revitalizadas diversas outras pra\u00e7as.<\/span><\/p>\n<p style=\"text-align: justify;background: white;vertical-align: baseline;margin: 0cm 0cm 11.25pt 0cm\"><span style=\"font-size: 13.5pt;color: #333333\">Conforme Helligtonn Martins, os servi\u00e7os na Pra\u00e7a Dem\u00e9trio Mazurok dever\u00e3o ser finalizados em 15 dias. \u201cJ\u00e1 fizemos a limpeza e no lugar da grama mato grosso vamos plantar a esmeralda, que \u00e9 de f\u00e1cil manuten\u00e7\u00e3o, enquanto que as \u00e1rvores que ofereciam riscos ser\u00e3o substitu\u00eddas por quaresmeiras. No lugar da antiga cal\u00e7ada ser\u00e1 feito um passeio de concreto alisado, com seis pontos da acessibilidade\u201d, cita Helligtonn.<\/span><\/p>\n<p style=\"text-align: justify;background: white;vertical-align: baseline;margin: 0cm 0cm 11.25pt 0cm\"><span style=\"font-size: 13.5pt;color: #333333\">Os servi\u00e7os envolver\u00e3o ainda melhorias na ilumina\u00e7\u00e3o p\u00fablica e recupera\u00e7\u00e3o da pista de skate e da academia ao ar livre, al\u00e9m da pintura de faixas de sinaliza\u00e7\u00e3o e de vagas de estacionamento nas ruas pr\u00f3ximas. \u201cA pra\u00e7a, que tem \u00e1rea de cerca de 4 mil metros quadrados, foi inaugurada em 1982 e agora est\u00e1 passando por uma ampla revitaliza\u00e7\u00e3o\u201d, completa o diretor municipal de Obras. <\/span><\/p>\n","protected":false},"excerpt":{"rendered":"<p>Est\u00e3o sendo feitas interven\u00e7\u00f5es no paisagismo, acessibilidade e ilumina\u00e7\u00e3o p\u00fablica, al\u00e9m da coloca\u00e7\u00e3o de lixeiras, bancos e mesinhas para jogos (Foto: Josias Profeta)<\/p>\n","protected":false},"author":4,"featured_media":13754,"comment_status":"closed","ping_status":"open","sticky":false,"template":"","format":"standard","meta":{"footnotes":""},"categories":[24],"tags":[],"class_list":["post-13752","post","type-post","status-publish","format-standard","has-post-thumbnail","hentry","category-noticias"],"acf":[],"_links":{"self":[{"href":"https:\/\/www.apucarana.pr.gov.br\/site\/wp-json\/wp\/v2\/posts\/13752","targetHints":{"allow":["GET"]}}],"collection":[{"href":"https:\/\/www.apucarana.pr.gov.br\/site\/wp-json\/wp\/v2\/posts"}],"about":[{"href":"https:\/\/www.apucarana.pr.gov.br\/site\/wp-json\/wp\/v2\/types\/post"}],"author":[{"embeddable":true,"href":"https:\/\/www.apucarana.pr.gov.br\/site\/wp-json\/wp\/v2\/users\/4"}],"replies":[{"embeddable":true,"href":"https:\/\/www.apucarana.pr.gov.br\/site\/wp-json\/wp\/v2\/comments?post=13752"}],"version-history":[{"count":1,"href":"https:\/\/www.apucarana.pr.gov.br\/site\/wp-json\/wp\/v2\/posts\/13752\/revisions"}],"predecessor-version":[{"id":101558,"href":"https:\/\/www.apucarana.pr.gov.br\/site\/wp-json\/wp\/v2\/posts\/13752\/revisions\/101558"}],"wp:featuredmedia":[{"embeddable":true,"href":"https:\/\/www.apucarana.pr.gov.br\/site\/wp-json\/"}],"wp:attachment":[{"href":"https:\/\/www.apucarana.pr.gov.br\/site\/wp-json\/wp\/v2\/media?parent=13752"}],"wp:term":[{"taxonomy":"category","embeddable":true,"href":"https:\/\/www.apucarana.pr.gov.br\/site\/wp-json\/wp\/v2\/categories?post=13752"},{"taxonomy":"post_tag","embeddable":true,"href":"https:\/\/www.apucarana.pr.gov.br\/site\/wp-json\/wp\/v2\/tags?post=13752"}],"curies":[{"name":"wp","href":"https:\/\/api.w.org\/{rel}","templated":true}]}}