{"id":13749,"date":"2018-03-19T12:28:27","date_gmt":"2018-03-19T15:28:27","guid":{"rendered":"http:\/\/172.16.0.7\/site-antigo\/?p=13749"},"modified":"2024-10-08T09:16:13","modified_gmt":"2024-10-08T12:16:13","slug":"prefeito-manifesta-pesar-pelo-falecimento-de-thadeus-palka","status":"publish","type":"post","link":"https:\/\/www.apucarana.pr.gov.br\/site\/prefeito-manifesta-pesar-pelo-falecimento-de-thadeus-palka\/","title":{"rendered":"Prefeito manifesta pesar pelo falecimento de Thadeus Palka"},"content":{"rendered":"<p>O prefeito Beto Preto, em nome dos apucaranenses, divulgou nesta segunda-feira (19) nota de pesar pelo passamento do Sr. Thadeus Palka, aos 82 anos. \u201cTrata-se de eminente figura p\u00fablica apucaranense de tradicional fam\u00edlia, que teve uma brilhante trajet\u00f3ria como advogado, diretor da antiga Canorpa, Juiz de Paz, professor universit\u00e1rio de administra\u00e7\u00e3o na Fecea, e banc\u00e1rio, tendo sido gerente de v\u00e1rias ag\u00eancias do Banco do Brasil, incluindo a de Apucarana\u201d, comentou o prefeito, acrescentando ainda que Palka tamb\u00e9m era atuante na pol\u00edtica local, tendo sido um dos fundadores do PSDB de Apucarana.<br \/>\nPalka esteve internado por mais de quarenta dias na Unidade de Terapia Intensiva (UTI) do Hospital da Provid\u00eancia, com complica\u00e7\u00f5es geradas por pneumonia e bact\u00e9ria resistente. Ele faleceu ontem (18) e seu corpo est\u00e1 sendo velado na Capela Mortu\u00e1ria Central. O sepultamento est\u00e1 previsto para \u00e0s 17 horas, no Cemit\u00e9rio Cristo Rei.<br \/>\nO ex-professor universit\u00e1rio, que j\u00e1 havia perdido a esposa Iride Fontanini Palka, casou-se novamente com Macilda Holak. Ele deixa tamb\u00e9m os filhos D\u00e9bora, Marcelo e Paulo, al\u00e9m de quatro netas. \u201cManifesto publicamente minhas condol\u00eancias \u00e0 fam\u00edlia e aos amigos do professor Thadeus Palka\u201d, conclui Beto Preto em sua nota de pesar.<\/p>\n","protected":false},"excerpt":{"rendered":"<p>Professor ser\u00e1 sepultado no final da tarde desta segunda feira, no Cristo Rei<\/p>\n","protected":false},"author":4,"featured_media":13750,"comment_status":"closed","ping_status":"open","sticky":false,"template":"","format":"standard","meta":{"footnotes":""},"categories":[24],"tags":[],"class_list":["post-13749","post","type-post","status-publish","format-standard","has-post-thumbnail","hentry","category-noticias"],"acf":[],"_links":{"self":[{"href":"https:\/\/www.apucarana.pr.gov.br\/site\/wp-json\/wp\/v2\/posts\/13749","targetHints":{"allow":["GET"]}}],"collection":[{"href":"https:\/\/www.apucarana.pr.gov.br\/site\/wp-json\/wp\/v2\/posts"}],"about":[{"href":"https:\/\/www.apucarana.pr.gov.br\/site\/wp-json\/wp\/v2\/types\/post"}],"author":[{"embeddable":true,"href":"https:\/\/www.apucarana.pr.gov.br\/site\/wp-json\/wp\/v2\/users\/4"}],"replies":[{"embeddable":true,"href":"https:\/\/www.apucarana.pr.gov.br\/site\/wp-json\/wp\/v2\/comments?post=13749"}],"version-history":[{"count":1,"href":"https:\/\/www.apucarana.pr.gov.br\/site\/wp-json\/wp\/v2\/posts\/13749\/revisions"}],"predecessor-version":[{"id":101559,"href":"https:\/\/www.apucarana.pr.gov.br\/site\/wp-json\/wp\/v2\/posts\/13749\/revisions\/101559"}],"wp:featuredmedia":[{"embeddable":true,"href":"https:\/\/www.apucarana.pr.gov.br\/site\/wp-json\/"}],"wp:attachment":[{"href":"https:\/\/www.apucarana.pr.gov.br\/site\/wp-json\/wp\/v2\/media?parent=13749"}],"wp:term":[{"taxonomy":"category","embeddable":true,"href":"https:\/\/www.apucarana.pr.gov.br\/site\/wp-json\/wp\/v2\/categories?post=13749"},{"taxonomy":"post_tag","embeddable":true,"href":"https:\/\/www.apucarana.pr.gov.br\/site\/wp-json\/wp\/v2\/tags?post=13749"}],"curies":[{"name":"wp","href":"https:\/\/api.w.org\/{rel}","templated":true}]}}