{"id":13740,"date":"2018-03-19T10:18:10","date_gmt":"2018-03-19T13:18:10","guid":{"rendered":"http:\/\/172.16.0.7\/site-antigo\/?p=13740"},"modified":"2024-10-08T09:16:13","modified_gmt":"2024-10-08T12:16:13","slug":"apucarana-investe-em-mobilidade-urbana","status":"publish","type":"post","link":"https:\/\/www.apucarana.pr.gov.br\/site\/apucarana-investe-em-mobilidade-urbana\/","title":{"rendered":"Apucarana investe em mobilidade urbana"},"content":{"rendered":"<p>Em 2013, o prefeito Beto Preto tomou a decis\u00e3o de construir cal\u00e7adas por toda Apucarana e, a partir da\u00ed, foram criadas v\u00e1rias frentes de trabalho. Passados cinco anos, os investimentos continuam. Atualmente, est\u00e1 em execu\u00e7\u00e3o um pacote de 30 mil metros lineares, cuja licita\u00e7\u00e3o foi ganha pela Construtora Deka.<br \/>\nO secret\u00e1rio de obras, engenheiro Herivelto Moreno revela que est\u00e3o em execu\u00e7\u00e3o as cal\u00e7adas, em frente ao Col\u00e9gio Estadual Agr\u00edcola Manoel Ribas, na Rua Marc\u00edlio Dias. \u201cS\u00e3o melhorias que, efetivamente, contribuem para a seguran\u00e7a dos pedestres, que deixam de dividir espa\u00e7o com os ve\u00edculos nas pistas de rolamento\u201d, justifica o engenheiro, qualificando de hist\u00f3rico o avan\u00e7o assegurado neste setor pela gest\u00e3o do prefeito Beto Preto.<br \/>\nO projeto \u201cCal\u00e7ada Solid\u00e1ria\u201d tamb\u00e9m garantiu melhorias em diversos bairros da cidade, onde equipes de oper\u00e1rios da prefeitura trabalharam em parceria com os moradores. \u201cTamb\u00e9m estamos executando cal\u00e7adas nas ruas que recebem asfalto novo. E, mais recentemente, estamos levando cal\u00e7adas no entorno de todos os pr\u00e9dios p\u00fablicos como escolas, unidades b\u00e1sicas de sa\u00fade (UBSs) e at\u00e9 a sede do Cons\u00f3rcio Intermunicipal de Sa\u00fade do vale do Iva\u00ed e Regi\u00e3o, o Cisvir, al\u00e9m do Complexo Esportivo Lago\u00e3o\u201d, assinala o prefeito Beto Preto.<br \/>\nSegundo ele, neste \u00faltimo caso, era praticamente imposs\u00edvel caminhar junto ao Lago\u00e3o, devido \u00e0s \u00e1rvores antigas e totalmente inadequadas para a \u00e1rea urbana. \u201cAs cal\u00e7adas estavam arrebentadas pelas ra\u00edzes de \u00e1rvores, dificultando ou at\u00e9 impedindo a passagem de pedestres. Agora o trecho ganhou piso com ladrilhos hidr\u00e1ulicos e nova arboriza\u00e7\u00e3o\u201d, argumenta.<br \/>\nO Programa Interbairros tamb\u00e9m vem contribuindo para a mobilidade urbana, na medida em que encurta dist\u00e2ncias e aproxima as pessoas de bairros vizinhos. \u201cAs novas interliga\u00e7\u00f5es vem recebendo cal\u00e7adas no padr\u00e3o de um metro e vinte cent\u00edmetros de largura, ao lado de uma faixa de grama\u201d, explica o prefeito.<br \/>\nConforme destaca Beto Preto, s\u00e3o cerca de 90 quil\u00f4metros de cal\u00e7adas constru\u00eddas por toda Apucarana. \u201cCom essa decis\u00e3o queremos garantir mobilidade para os pedestres e dignidade para as pessoas, principalmente nos bairros e sobretudo para as crian\u00e7as, idosos, cadeirantes e m\u00e3es com carrinhos de beb\u00eas\u201d, avalia ele.<br \/>\n&nbsp;<br \/>\nAs cal\u00e7adas no entorno da \u201ccasa da pedra\u201d foram conclu\u00eddas recentemente e est\u00e1 previsto para breve a constru\u00e7\u00e3o da cal\u00e7ada na Rua Rafael Sorpille, na chegada do bairro Dom Romeu Alberti. As Novas cal\u00e7adas s\u00e3o feitas em concreto, com a superf\u00edcie antiderrapante e possuem rampas de assessibilidade. \u201cApucarana j\u00e1 disp\u00f5e de mais de 1.500 rampas de assessibilidade espalhadas por v\u00e1rios bairros e regi\u00e3o central\u201d, revela Beto Preto.<br \/>\n<strong>Travessias elevadas &#8211;\u00a0<\/strong>Outro entusiasta da mobilidade urbana, o vice prefeito e engenheiro civil, Junior da Femac, lembra que, para garantir acessibilidade e seguran\u00e7a aos pedestres, come\u00e7aram a ser implantadas as travessias elevadas. \u201cA primeira foi executada no Parque 70 anos, pr\u00f3ximo as port\u00e3o do Senac. Depois autorizamos o Shopping CentroNorte a construir a passarela elevada na Rua Miguel Sime\u00e3o e, nos \u00faltimos meses instalamos mais quatro travessias elevadas, em frente ao Cine Teatro F\u00eanix, na Unidade de Pronto Atendimento (UPA), na Rua Nagib Daher e na Rua Munhoz da Rocha\u201d, relata Junior, acrescentando que est\u00e3o em estudo a instala\u00e7\u00e3o de novas passarelas, em pontos estrat\u00e9gicos ou de maior movimento de pedestres.<br \/>\n<strong>Destoca urbana<\/strong>\u00a0\u2013 O grave problema de \u00e1rvores inadequadas para o per\u00edmetro urbano, levou o prefeito Beto Preto a adotar uma iniciativa in\u00e9dita no \u00e2mbito da gest\u00e3o p\u00fablica em Apucarana. Ele licitou e contratou empresas com equipamentos especiais (incluindo bob cat), para promover uma verdadeira \u201cdestoca urbana\u201d.<br \/>\n\u201cT\u00ednhamos muitos tocos nas cal\u00e7adas, principalmente na \u00e1rea central, como conseq\u00fc\u00eancia da morte ou derrubada de \u00e1rvores 40, 50 e at\u00e9 60 anos de idade, todas inadequadas para a \u00e1rea urbana. E isso se tornava um obst\u00e1culo para pedestres que ao desviar eram obrigados a caminhares nas ruas\u201d, argumenta Beto Preto.<br \/>\n\u201cEm dois contratos celebrados com uma empresa especializada j\u00e1 foram arrancados mais de 3 mil tocos das cal\u00e7adas na cidade. Pedimos a colabora\u00e7\u00e3o de comerciantes, prestadores de e servi\u00e7os e tamb\u00e9m de domic\u00edlios residenciais que colaborem, reconstruindo as cal\u00e7adas danificadas pelas \u00e1rvores inadequadas\u201d, conclui o prefeito Beto Preto.<br \/>\n&nbsp;<\/p>\n<p style=\"font-weight: 400\"><strong>Acessibilidade aos pedestres:<\/strong><\/p>\n<p style=\"font-weight: 400\">\u00a0Cal\u00e7adas \u2013 90 km (lineares)<\/p>\n<p style=\"font-weight: 400\">Destoca \u2013 3.000 tocos retirados<\/p>\n<p style=\"font-weight: 400\">Rampas \u20131.500 constru\u00eddas<\/p>\n<p style=\"font-weight: 400\">Travessias elevadas &#8211; 4 instaladas<\/p>\n","protected":false},"excerpt":{"rendered":"<p>Nos \u00faltimos cinco anos a Prefeitura j\u00e1 construiu mais de 90 quil\u00f4metros lineares de cal\u00e7adas (Foto: Josias Profeta)<\/p>\n","protected":false},"author":4,"featured_media":13741,"comment_status":"closed","ping_status":"open","sticky":false,"template":"","format":"standard","meta":{"footnotes":""},"categories":[24],"tags":[],"class_list":["post-13740","post","type-post","status-publish","format-standard","has-post-thumbnail","hentry","category-noticias"],"acf":[],"_links":{"self":[{"href":"https:\/\/www.apucarana.pr.gov.br\/site\/wp-json\/wp\/v2\/posts\/13740","targetHints":{"allow":["GET"]}}],"collection":[{"href":"https:\/\/www.apucarana.pr.gov.br\/site\/wp-json\/wp\/v2\/posts"}],"about":[{"href":"https:\/\/www.apucarana.pr.gov.br\/site\/wp-json\/wp\/v2\/types\/post"}],"author":[{"embeddable":true,"href":"https:\/\/www.apucarana.pr.gov.br\/site\/wp-json\/wp\/v2\/users\/4"}],"replies":[{"embeddable":true,"href":"https:\/\/www.apucarana.pr.gov.br\/site\/wp-json\/wp\/v2\/comments?post=13740"}],"version-history":[{"count":1,"href":"https:\/\/www.apucarana.pr.gov.br\/site\/wp-json\/wp\/v2\/posts\/13740\/revisions"}],"predecessor-version":[{"id":101560,"href":"https:\/\/www.apucarana.pr.gov.br\/site\/wp-json\/wp\/v2\/posts\/13740\/revisions\/101560"}],"wp:featuredmedia":[{"embeddable":true,"href":"https:\/\/www.apucarana.pr.gov.br\/site\/wp-json\/"}],"wp:attachment":[{"href":"https:\/\/www.apucarana.pr.gov.br\/site\/wp-json\/wp\/v2\/media?parent=13740"}],"wp:term":[{"taxonomy":"category","embeddable":true,"href":"https:\/\/www.apucarana.pr.gov.br\/site\/wp-json\/wp\/v2\/categories?post=13740"},{"taxonomy":"post_tag","embeddable":true,"href":"https:\/\/www.apucarana.pr.gov.br\/site\/wp-json\/wp\/v2\/tags?post=13740"}],"curies":[{"name":"wp","href":"https:\/\/api.w.org\/{rel}","templated":true}]}}