{"id":13735,"date":"2018-03-16T18:19:51","date_gmt":"2018-03-16T21:19:51","guid":{"rendered":"http:\/\/172.16.0.7\/site-antigo\/?p=13735"},"modified":"2024-10-08T09:16:14","modified_gmt":"2024-10-08T12:16:14","slug":"sebrae-discute-novas-parcerias-para-apucarana-e-vale-do-ivai","status":"publish","type":"post","link":"https:\/\/www.apucarana.pr.gov.br\/site\/sebrae-discute-novas-parcerias-para-apucarana-e-vale-do-ivai\/","title":{"rendered":"Sebrae discute novas parcerias para Apucarana e Vale do Iva\u00ed"},"content":{"rendered":"<p>O presidente da Associa\u00e7\u00e3o dos Munic\u00edpios do Vale do Iva\u00ed (Amuvi) e prefeito de Apucarana, Beto Preto (PSD), recebeu nesta sexta-feira (16\/03), em seu gabinete, os consultores do escrit\u00f3rio Regional do Servi\u00e7o de Apoio \u00e0s Micro e Pequenas Empresas do Paran\u00e1 em Apucarana (Sebrae Apucarana), Beatriz Poletto e J\u00falio C\u00e9sar dos Santos Rodrigues.<br \/>\n\u201cO Sebrae \u00e9 um grande parceiro da Prefeitura de Apucarana, desenvolvendo diversas a\u00e7\u00f5es que tiram pessoas da informalidade e fortalecem os nossos empreendedores. Atrav\u00e9s de apoio Sala do Empreendedor, por exemplo, temos conseguido resultados superlativos, principalmente nos \u00faltimos tr\u00eas anos, em prol de nossos micro empres\u00e1rios individuais (MEI\u2019s). S\u00e3o cerca de 2 mil atendimentos todos os meses\u201d, destacou Beto Preto, dando boas vindas ao consultor J\u00falio C\u00e9sar, que est\u00e1 se transferindo de Arapongas. \u201cEle chega para contribuir com v\u00e1rios projetos importantes que temos para Apucarana e Vale do Iva\u00ed, sobretudo no que tange diagn\u00f3sticos para o desenvolvimento de programas que possibilitem a atra\u00e7\u00e3o de novos investimentos\u201d, pontuou Beto Preto.<br \/>\nMesmo atuando em Apucarana, o consultor explicou que continuar\u00e1 gerenciando os projetos relacionados \u00e0 ind\u00fastria moveleira de Arapongas. \u201cPermane\u00e7o atendendo a este setor e a partir do escrit\u00f3rio regional em Apucarana atuarei tamb\u00e9m no setor de pol\u00edticas p\u00fablicas junto \u00e0s prefeituras da regi\u00e3o\u201d, disse J\u00falio C\u00e9sar. Segundo ele, alguns contatos j\u00e1 foram realizados. \u201cJ\u00e1 mantive conversas com Jandaia do Sul, Ivaipor\u00e3, S\u00e3o Jo\u00e3o do Iva\u00ed, Lunardelli. A meta \u00e9 atuar no sentido de qualificar e aproximar o empresariado local das compras p\u00fablicas, algo que vem sendo feito em Apucarana com muito sucesso. Com isso vamos contribuir para o desenvolvimento econ\u00f4mico destas localidades, fazendo com que o dinheiro n\u00e3o v\u00e1 para fora, ficando nas cidades\u201d, exemplificou o consultor regional do Sebrae.<br \/>\nNa agenda, os consultores tamb\u00e9m repassaram a Beto Preto um material institucional da entidade alusivo a projetos realizados junto ao poder p\u00fablico e convidaram o gestor a se inscrever no Pr\u00eamio Prefeito Empreendedor 2018. Um dos materiais, um comp\u00eandio de iniciativas premiadas, trouxe a experi\u00eancia de Apucarana &#8211; Projeto Jovens Empreendedores Primeiros Passos &#8211; reconhecida pelo Sebrae dentro do Pr\u00eamio Educa\u00e7\u00e3o Empreendedora, edi\u00e7\u00e3o 2016.<br \/>\nA elabora\u00e7\u00e3o de planos Municipal (Apucarana) e Regional (Vale do Iva\u00ed) para atra\u00e7\u00e3o de novos investimentos tamb\u00e9m estiveram na pauta de debate. \u201cCom certeza teremos a parceria do Sebrae nessas iniciativas\u201d, afirmou Beto Preto, salientando que nos pr\u00f3ximos dias Apucarana ir\u00e1 sediar uma reuni\u00e3o para apresenta\u00e7\u00e3o de um \u201cplano regional de desenvolvimento\u201d tendo como foco a atra\u00e7\u00e3o de empreendimentos com base nos potenciais da regi\u00e3o, seja no turismo ecol\u00f3gico, turismo religioso, na fruticultura e na agricultura familiar. \u201cO diagn\u00f3stico vem sendo feito pela Superintend\u00eancia da Paran\u00e1 Projetos, ligada \u00e0 Secretaria de Estado do Planejamento, com apoio do Ipardes e da Ag\u00eancia Paran\u00e1 Desenvolvimento\u201d, conclui. A reuni\u00e3o tamb\u00e9m contou com a presen\u00e7a do prefeito de Maril\u00e2ndia do Sul, Aquiles Takeda.<\/p>\n","protected":false},"excerpt":{"rendered":"<p>A elabora\u00e7\u00e3o de planos Municipal e Regional para atra\u00e7\u00e3o de novos investimentos estiveram na pauta de debate (Foto: Profeta)<\/p>\n","protected":false},"author":4,"featured_media":13737,"comment_status":"closed","ping_status":"open","sticky":false,"template":"","format":"standard","meta":{"footnotes":""},"categories":[24],"tags":[],"class_list":["post-13735","post","type-post","status-publish","format-standard","has-post-thumbnail","hentry","category-noticias"],"acf":[],"_links":{"self":[{"href":"https:\/\/www.apucarana.pr.gov.br\/site\/wp-json\/wp\/v2\/posts\/13735","targetHints":{"allow":["GET"]}}],"collection":[{"href":"https:\/\/www.apucarana.pr.gov.br\/site\/wp-json\/wp\/v2\/posts"}],"about":[{"href":"https:\/\/www.apucarana.pr.gov.br\/site\/wp-json\/wp\/v2\/types\/post"}],"author":[{"embeddable":true,"href":"https:\/\/www.apucarana.pr.gov.br\/site\/wp-json\/wp\/v2\/users\/4"}],"replies":[{"embeddable":true,"href":"https:\/\/www.apucarana.pr.gov.br\/site\/wp-json\/wp\/v2\/comments?post=13735"}],"version-history":[{"count":1,"href":"https:\/\/www.apucarana.pr.gov.br\/site\/wp-json\/wp\/v2\/posts\/13735\/revisions"}],"predecessor-version":[{"id":101561,"href":"https:\/\/www.apucarana.pr.gov.br\/site\/wp-json\/wp\/v2\/posts\/13735\/revisions\/101561"}],"wp:featuredmedia":[{"embeddable":true,"href":"https:\/\/www.apucarana.pr.gov.br\/site\/wp-json\/"}],"wp:attachment":[{"href":"https:\/\/www.apucarana.pr.gov.br\/site\/wp-json\/wp\/v2\/media?parent=13735"}],"wp:term":[{"taxonomy":"category","embeddable":true,"href":"https:\/\/www.apucarana.pr.gov.br\/site\/wp-json\/wp\/v2\/categories?post=13735"},{"taxonomy":"post_tag","embeddable":true,"href":"https:\/\/www.apucarana.pr.gov.br\/site\/wp-json\/wp\/v2\/tags?post=13735"}],"curies":[{"name":"wp","href":"https:\/\/api.w.org\/{rel}","templated":true}]}}