{"id":13712,"date":"2018-03-16T17:28:43","date_gmt":"2018-03-16T20:28:43","guid":{"rendered":"http:\/\/172.16.0.7\/site-antigo\/?p=13712"},"modified":"2024-10-08T09:16:14","modified_gmt":"2024-10-08T12:16:14","slug":"bombeiro-mirim-incorpora-70-novos-meninos-e-meninas-ao-projeto-social","status":"publish","type":"post","link":"https:\/\/www.apucarana.pr.gov.br\/site\/bombeiro-mirim-incorpora-70-novos-meninos-e-meninas-ao-projeto-social\/","title":{"rendered":"Bombeiro Mirim incorpora 70 novos meninos e meninas ao projeto social"},"content":{"rendered":"<p style=\"text-align: justify;line-height: 150%;background: white;vertical-align: baseline;margin: 0cm 0cm 11.25pt 0cm\"><span style=\"font-size: 14.0pt;line-height: 150%;color: #333333\">O Bombeiro Mirim \u00e9 uma iniciativa do 4\u00ba Subgrupamento Independente do Corpo de Bombeiros (SGBI) de Apucarana e a \u201cAssocia\u00e7\u00e3o Kara t\u00ea Vida\u201d, apoiados por diversos parceiros e financiadores, com o objetivo de instruir e preparar os adolescentes para o mercado de trabalho e na forma\u00e7\u00e3o do car\u00e1ter e seu desenvolvimento pessoal. O projeto foi iniciado em 2007 e mais de 200 garotos j\u00e1 foram integrantes da corpora\u00e7\u00e3o. E esse ano a novidade, \u00e9 a incorpora\u00e7\u00e3o de 25 meninas, e a nova parceria com o Servi\u00e7o Social do Com\u00e9rcio (Sesc). <\/span><\/p>\n<p style=\"text-align: justify;line-height: 150%;background: white;vertical-align: baseline;margin: 0cm 0cm 11.25pt 0cm\"><span style=\"font-size: 14.0pt;line-height: 150%;color: #333333\">A aula inaugural, com a presen\u00e7a de familiares e convidados, aconteceu no Posto 2 do Corpo de Bombeiros, na Vila S\u00e3o Carlos. Eles foram recebidos pelo comandante do 4\u00ba SGBI major Roberto Coelho, o coordenador geral e instrutor do projeto o sub-tenente do Corpo de Bombeiros, Vanderlei Sim\u00e3o de Souza, que mesmo aposentado \u00e9 volunt\u00e1rio no Bombeiro Mirim.<\/span><\/p>\n<p style=\"text-align: justify;line-height: 150%;background: white;vertical-align: baseline;margin: 0cm 0cm 11.25pt 0cm\"><span style=\"font-size: 14.0pt;line-height: 150%;color: #333333\">Ap\u00f3s fazerem apresenta\u00e7\u00e3o de Ordem Unida, a forma\u00e7\u00e3o em pelot\u00e3o e movimentos de marcha militar aos convidados, os bombeiros mirins assistiram a uma palestra com o juiz titular da 1\u00aa Vara Criminal, Dr\u00ba Oswaldo Soares Neto. O magistrado falou sobre a import\u00e2ncia dos jovens fazerem boas escolhas e aproveitarem oportunidades, que lhes s\u00e3o dadas. \u201cIsto contribui na forma\u00e7\u00e3o do car\u00e1ter, no seu futuro, para que eles mesmos fa\u00e7am boas escolhas, e possam melhorar sua vida e das pessoas ao seu redor\u201d, destacou o juiz.<\/span><\/p>\n<p style=\"text-align: justify;line-height: 150%;background: white;vertical-align: baseline;margin: 0cm 0cm 11.25pt 0cm\"><span style=\"font-size: 14.0pt;line-height: 150%;color: #333333\">No Bombeiro Mirim os meninos e meninas aprender\u00e3o sobre hierarquia, disciplina, companheirismo e o conv\u00edvio social. \u201cOs novos bombeiros mirins ter\u00e3o aulas de inform\u00e1tica, Karat\u00ea, nata\u00e7\u00e3o, m\u00fasica, futebol, primeiros socorros, combate a inc\u00eandio, e acompanhamento psicol\u00f3gico. Nossa filosofia \u00e9 o respeito, car\u00e1ter, persist\u00eancia e companheirismo\u201d, diz o coordenador da \u201cAssocia\u00e7\u00e3o Kara t\u00ea Vida\u201d, Alan Pereira da Silva. As aulas acontecem no contra turno escolar.<\/span><\/p>\n<p style=\"text-align: justify;line-height: 150%;background: white;vertical-align: baseline;margin: 0cm 0cm 11.25pt 0cm\"><span style=\"font-size: 14.0pt;line-height: 150%;color: #333333\">Nos pr\u00f3ximos dias, al\u00e9m de agasalho estilizado e kimono, os garotos receber\u00e3o fardas id\u00eanticas aos dos bombeiros, para que se sintam integrantes da tropa. \u201cNosso sistema \u00e9 baseado na disciplina militar, e nas instru\u00e7\u00f5es do Corpo de Bombeiros. Queremos contribuir para afast\u00e1-los das armadilhas do mundo, e direcion\u00e1-los para o caminho do bem\u201d, enfatizou o sub-tenente Vanderlei Sim\u00e3o.<\/span><\/p>\n<p style=\"text-align: justify;line-height: 150%;background: white;vertical-align: baseline;margin: 0cm 0cm 11.25pt 0cm\"><span style=\"font-size: 14.0pt;line-height: 150%;color: #333333\">A secret\u00e1ria de Esportes, Jossuela Pinheiro, representou o prefeito Beto Preto na aula inaugural. Ela destacou a contribui\u00e7\u00e3o social que o Corpo de Bombeiros faz com este projeto e reafirmou a parceria do munic\u00edpio. \u201cNosso prefeito \u00e9 incentivador da forma\u00e7\u00e3o de bons cidad\u00e3os e sempre vai estar junto nas a\u00e7\u00f5es em que pudermos contribuir\u201d, destacou a secret\u00e1ria. A prefeitura fornece o transporte para os participantes do projeto e cede o Lago\u00e3o para as atividades esportivas.<\/span><\/p>\n<p style=\"text-align: justify;line-height: 150%;background: white;vertical-align: baseline;margin: 0cm 0cm 11.25pt 0cm\"><span style=\"font-size: 14.0pt;line-height: 150%;color: #333333\">A equipe t\u00e9cnica da \u201cAssocia\u00e7\u00e3o Kara t\u00ea Vida\u201d, que ser\u00e1 respons\u00e1vel pelas atividades do projeto, \u00e9 composta pelos profissionais Maikon Gaburro, professor de karat\u00ea e instrutor de ordem unida; Eliane Lemes, professora de karat\u00ea e educadora f\u00edsica; Vinicius Bolonhezi, professor de futsal; Ricardo Podmowski, professor de m\u00fasica; e as psic\u00f3logas do projeto Luzeni Pamplona e Nayra Rom\u00e1rio. <\/span><\/p>\n<p style=\"text-align: justify;line-height: 150%;background: white;vertical-align: baseline;margin: 0cm 0cm 11.25pt 0cm\"><span style=\"font-size: 14.0pt;line-height: 150%;color: #333333\">Participaram, tamb\u00e9m como convidados o juiz federal da 2\u00aa Vara do Trabalho, Dr\u00ba Mauricio Mazur; procurador do Estado, em Apucarana, Daniel Augusto Pinheiro; Dr\u00aa Elaine Caliman Soares, representando a Autarquia Municipal de Educa\u00e7\u00e3o, Secret\u00e1ria Municipal de Assist\u00eancia Social, Ana Paula Nazarko, e a vereadora M\u00e1rcia Souza. <\/span><\/p>\n<p>Clique e ou\u00e7a esta mat\u00e9ria<br \/>\nSub-tenente Vanderlei Sim\u00e3o- coordenador do Bombeiro Mirim<br \/>\nhttps:\/\/soundcloud.com\/prefeitura-municipal-apucarana\/sub-simao-aula-inaugural-bombeiro-mirim-16-03-18<br \/>\nMajor Roberto Coelho- comandante do Corpo de Bombeiros<br \/>\nhttps:\/\/soundcloud.com\/prefeitura-municipal-apucarana\/major-roberto-coelho-aula-inaugural-bombeiro-mirim-16-03-18<br \/>\nJossuela Pinheiro- secret\u00e1ria de Esportes e Juventude<br \/>\nhttps:\/\/soundcloud.com\/prefeitura-municipal-apucarana\/jossuel-pinheiro-aula-inaugural-bombeiro-mirim-16-03-18<br \/>\nOswaldo Soares Neto- juiz Criminal e diretor do F\u00f3rum de Apucarana<br \/>\nhttps:\/\/soundcloud.com\/prefeitura-municipal-apucarana\/osvaldo-soares-neto-aula-inaugural-bombeiro-mirim-16-03-18<\/p>\n","protected":false},"excerpt":{"rendered":"<p>O Corpo de Bombeiros de Apucarana iniciou nesta sexta-feira (16\/03) a turma de 2018 do projeto Bombeiro Mirim. A novidade deste ano \u00e9 a incorpora\u00e7\u00e3o de 25 meninas com idade entre 10 e 16 anos (Foto: divulga\u00e7\u00e3o)<\/p>\n","protected":false},"author":4,"featured_media":13713,"comment_status":"closed","ping_status":"open","sticky":false,"template":"","format":"standard","meta":{"footnotes":""},"categories":[24],"tags":[],"class_list":["post-13712","post","type-post","status-publish","format-standard","has-post-thumbnail","hentry","category-noticias"],"acf":[],"_links":{"self":[{"href":"https:\/\/www.apucarana.pr.gov.br\/site\/wp-json\/wp\/v2\/posts\/13712","targetHints":{"allow":["GET"]}}],"collection":[{"href":"https:\/\/www.apucarana.pr.gov.br\/site\/wp-json\/wp\/v2\/posts"}],"about":[{"href":"https:\/\/www.apucarana.pr.gov.br\/site\/wp-json\/wp\/v2\/types\/post"}],"author":[{"embeddable":true,"href":"https:\/\/www.apucarana.pr.gov.br\/site\/wp-json\/wp\/v2\/users\/4"}],"replies":[{"embeddable":true,"href":"https:\/\/www.apucarana.pr.gov.br\/site\/wp-json\/wp\/v2\/comments?post=13712"}],"version-history":[{"count":1,"href":"https:\/\/www.apucarana.pr.gov.br\/site\/wp-json\/wp\/v2\/posts\/13712\/revisions"}],"predecessor-version":[{"id":101562,"href":"https:\/\/www.apucarana.pr.gov.br\/site\/wp-json\/wp\/v2\/posts\/13712\/revisions\/101562"}],"wp:featuredmedia":[{"embeddable":true,"href":"https:\/\/www.apucarana.pr.gov.br\/site\/wp-json\/"}],"wp:attachment":[{"href":"https:\/\/www.apucarana.pr.gov.br\/site\/wp-json\/wp\/v2\/media?parent=13712"}],"wp:term":[{"taxonomy":"category","embeddable":true,"href":"https:\/\/www.apucarana.pr.gov.br\/site\/wp-json\/wp\/v2\/categories?post=13712"},{"taxonomy":"post_tag","embeddable":true,"href":"https:\/\/www.apucarana.pr.gov.br\/site\/wp-json\/wp\/v2\/tags?post=13712"}],"curies":[{"name":"wp","href":"https:\/\/api.w.org\/{rel}","templated":true}]}}