{"id":13679,"date":"2018-03-16T09:59:55","date_gmt":"2018-03-16T12:59:55","guid":{"rendered":"http:\/\/172.16.0.7\/site-antigo\/?p=13679"},"modified":"2024-10-08T09:16:14","modified_gmt":"2024-10-08T12:16:14","slug":"pr-saude-firma-parceria-com-o-cisvir-e-apucarana","status":"publish","type":"post","link":"https:\/\/www.apucarana.pr.gov.br\/site\/pr-saude-firma-parceria-com-o-cisvir-e-apucarana\/","title":{"rendered":"PR Sa\u00fade firma parceria com o Cisvir e Apucarana"},"content":{"rendered":"<p style=\"font-weight: 400\">O prefeito Beto Preto recebeu no in\u00edcio da tarde de ontem (15), a visita do diretor executivo do Cons\u00f3rcio Paran\u00e1 Sa\u00fade, Carlos Roberto Setti, e da farmac\u00eautica Francine Mioduski. Eles vieram acompanhados da diretora geral do Cons\u00f3rcio Intermunicipal de Sa\u00fade de Vale do Iva\u00ed e regi\u00e3o (Cisvir), Joana D\u00b4arc Previatti.<\/p>\n<p style=\"font-weight: 400\">O objetivo do contato foi solicitar ao prefeito de Apucarana apoio na conserva\u00e7\u00e3o adequada de materiais m\u00e9dicos e hospitalares, visando atender os pequenos munic\u00edpios ligados ao Cisvir. \u201cVisitamos o almoxarifado da Autarquia Municipal de Sa\u00fade de Apucarana e constatamos que o ambiente \u00e9 adequado e muito bem organizado pelo servidor respons\u00e1vel\u201d, assinalou Carlos Roberto Setti.<\/p>\n<p style=\"font-weight: 400\">Segundo ele, que ainda ontem se reuniu com todos os secret\u00e1rios de sa\u00fade dos munic\u00edpios ligados ao Cisvir, o Cons\u00f3rcio Paran\u00e1 Sa\u00fade planeja comprar os insumos necess\u00e1rios, de acordo com a demanda dos pequenos munic\u00edpios e manter os materiais no almoxarifado da Autarquia de sa\u00fade de Apucarana.<\/p>\n<p style=\"font-weight: 400\">De pronto o prefeito Beto Preto se colocou \u00e0 disposi\u00e7\u00e3o para atender todos os munic\u00edpios da regi\u00e3o, ligados ao Cisvir. \u201cNosso almoxarifado tem espa\u00e7o e plenas condi\u00e7\u00f5es para atender as prefeituras que est\u00e3o firmando essa parceria com o Cons\u00f3rcio Paran\u00e1 Sa\u00fade\u201d, anunciou Beto Preto.<\/p>\n<p style=\"font-weight: 400\">O prefeito fez quest\u00e3o de elogiar o trabalho realizado pelo cons\u00f3rcio, do qual j\u00e1 foi membro do conselho administrativo por dois anos. \u201c\u00c0 exce\u00e7\u00e3o de Curitiba e Foz do Igua\u00e7u, todos os demais munic\u00edpios do Estado integram este cons\u00f3rcio que viabiliza a compra de medicamentos e insumos com pre\u00e7os de 30 a 50% mais baratos\u201d, assinala Beto Preto.<\/p>\n<p style=\"font-weight: 400\">Conforme explicou Setti, um pacote de cinq\u00fcenta itens comp\u00f5e os materiais m\u00e9dicos e hospitalares que o Paran\u00e1 Sa\u00fade pretende comprar para atender os pequenos munic\u00edpios ligados ao Cisvir. Entre os produtos est\u00e3o algod\u00e3o, esparadrapo, gase e etc.<\/p>\n<p style=\"font-weight: 400\">A diretora do Cisvir, Joana Previatti, falando em nome do presidente do cons\u00f3rcio, Aquiles Takeda, agradeceu a nova parceria que est\u00e1 sendo firmada com o Paran\u00e1 Sa\u00fade. \u201cTamb\u00e9m agradecemos o pronto apoio do prefeito Beto Preto, ao disponibilizar o almoxarifado da Autarquia de Sa\u00fade de Apucarana, para armazenar os insumos\u201d, afirmou Joana.<\/p>\n<p style=\"font-weight: 400\"><strong>FINANCIAMENTO\u00a0<\/strong>&#8211; Financiado pelas tr\u00eas esferas de gest\u00e3o (financiamento tripartite), a atua\u00e7\u00e3o do Cons\u00f3rcio Paran\u00e1 Sa\u00fade destina-se \u00e0 aquisi\u00e7\u00e3o dos medicamentos no \u00e2mbito da aten\u00e7\u00e3o b\u00e1sica em sa\u00fade, com base em valores per capita. As Comiss\u00f5es Intergestores Bipartite (CIB) de cada estado estabelecem o mecanismo de operacionaliza\u00e7\u00e3o desta sistem\u00e1tica, respeitando a aplica\u00e7\u00e3o m\u00ednima dos seguintes valores monet\u00e1rios\/habitante\/ano: R$ 5,10 pela Uni\u00e3o; R$ 2,36 pelos Estados e R$ 2,36 pelos Munic\u00edpios, conforme estabelecido na Portaria GM\/MS n\u00ba 1.555, de 30 de julho de 2013. De acordo com a referida Portaria, os munic\u00edpios podem adquirir, com estes recursos, os medicamentos e insumos relacionados ao CBAF descritos na Rela\u00e7\u00e3o Nacional de Medicamentos Essenciais (RENAME).<\/p>\n<p style=\"font-weight: 400\">\n","protected":false},"excerpt":{"rendered":"<p>Prefeitura de Apucarana colocou \u00e0 disposi\u00e7\u00e3o do cons\u00f3rcio o seu almoxarifado de medicamentos. Foto (Elaine Miranda)<\/p>\n","protected":false},"author":4,"featured_media":13680,"comment_status":"closed","ping_status":"open","sticky":false,"template":"","format":"standard","meta":{"footnotes":""},"categories":[24],"tags":[],"class_list":["post-13679","post","type-post","status-publish","format-standard","has-post-thumbnail","hentry","category-noticias"],"acf":[],"_links":{"self":[{"href":"https:\/\/www.apucarana.pr.gov.br\/site\/wp-json\/wp\/v2\/posts\/13679","targetHints":{"allow":["GET"]}}],"collection":[{"href":"https:\/\/www.apucarana.pr.gov.br\/site\/wp-json\/wp\/v2\/posts"}],"about":[{"href":"https:\/\/www.apucarana.pr.gov.br\/site\/wp-json\/wp\/v2\/types\/post"}],"author":[{"embeddable":true,"href":"https:\/\/www.apucarana.pr.gov.br\/site\/wp-json\/wp\/v2\/users\/4"}],"replies":[{"embeddable":true,"href":"https:\/\/www.apucarana.pr.gov.br\/site\/wp-json\/wp\/v2\/comments?post=13679"}],"version-history":[{"count":1,"href":"https:\/\/www.apucarana.pr.gov.br\/site\/wp-json\/wp\/v2\/posts\/13679\/revisions"}],"predecessor-version":[{"id":101563,"href":"https:\/\/www.apucarana.pr.gov.br\/site\/wp-json\/wp\/v2\/posts\/13679\/revisions\/101563"}],"wp:featuredmedia":[{"embeddable":true,"href":"https:\/\/www.apucarana.pr.gov.br\/site\/wp-json\/"}],"wp:attachment":[{"href":"https:\/\/www.apucarana.pr.gov.br\/site\/wp-json\/wp\/v2\/media?parent=13679"}],"wp:term":[{"taxonomy":"category","embeddable":true,"href":"https:\/\/www.apucarana.pr.gov.br\/site\/wp-json\/wp\/v2\/categories?post=13679"},{"taxonomy":"post_tag","embeddable":true,"href":"https:\/\/www.apucarana.pr.gov.br\/site\/wp-json\/wp\/v2\/tags?post=13679"}],"curies":[{"name":"wp","href":"https:\/\/api.w.org\/{rel}","templated":true}]}}