{"id":130974,"date":"2026-09-02T19:01:55","date_gmt":"2026-09-02T22:01:55","guid":{"rendered":"https:\/\/www.apucarana.pr.gov.br\/site\/?p=130974"},"modified":"2026-09-02T19:01:55","modified_gmt":"2026-09-02T22:01:55","slug":"apucarana-coloca-industria-do-vestuario-frente-a-frente-com-o-mercado-internacional","status":"publish","type":"post","link":"https:\/\/www.apucarana.pr.gov.br\/site\/apucarana-coloca-industria-do-vestuario-frente-a-frente-com-o-mercado-internacional\/","title":{"rendered":"Apucarana coloca ind\u00fastria do vestu\u00e1rio frente a frente com o mercado internacional"},"content":{"rendered":"\n\t\t<!-- MasterSlider -->\n\t\t<div id=\"P_MS6a98c6e95a4c0\" class=\"master-slider-parent master-slider-gallery   ms-parent-id-0\" style=\"\" >\n\n\t\t\t\n\t\t\t<!-- MasterSlider Main -->\n\t\t\t<div id=\"MS6a98c6e95a4c0\" class=\"master-slider ms-skin-default\" >\n\t\t\t\t \t\t\t\t \n\t\t\t<div  class=\"ms-slide\" data-delay=\"3\"    >\n\t\t\t\t\t<img decoding=\"async\" src=\"https:\/\/www.apucarana.pr.gov.br\/site\/wp-content\/plugins\/masterslider\/public\/assets\/css\/blank.gif\" alt=\"WhatsApp Image 2026-09-02 at 16.29.29\" title=\"WhatsApp Image 2026-09-02 at 16.29.29\" data-src=\"https:\/\/www.apucarana.pr.gov.br\/site\/wp-content\/uploads\/2026\/09\/WhatsApp-Image-2026-09-02-at-16.29.29-1024x576.jpeg\" \/>\n\t<a href=\"https:\/\/www.apucarana.pr.gov.br\/site\/wp-content\/uploads\/2026\/09\/WhatsApp-Image-2026-09-02-at-16.29.29-1024x576.jpeg\" target=\"_self\"    >WhatsApp Image 2026-09-02 at 16.29.29<\/a>\n\n\n\t<img decoding=\"async\" class=\"ms-thumb\" src=\"https:\/\/www.apucarana.pr.gov.br\/site\/wp-content\/uploads\/2026\/09\/WhatsApp-Image-2026-09-02-at-16.29.29-1024x576-140x80.jpeg\" alt=\"WhatsApp Image 2026-09-02 at 16.29.29\" \/>\n\t\t\t\t<\/div>\n\t\t\t<div  class=\"ms-slide\" data-delay=\"3\"    >\n\t\t\t\t\t<img decoding=\"async\" src=\"https:\/\/www.apucarana.pr.gov.br\/site\/wp-content\/plugins\/masterslider\/public\/assets\/css\/blank.gif\" alt=\"WhatsApp Image 2026-09-02 at 16.29.30\" title=\"WhatsApp Image 2026-09-02 at 16.29.30\" data-src=\"https:\/\/www.apucarana.pr.gov.br\/site\/wp-content\/uploads\/2026\/09\/WhatsApp-Image-2026-09-02-at-16.29.30-1024x576.jpeg\" \/>\n\t<a href=\"https:\/\/www.apucarana.pr.gov.br\/site\/wp-content\/uploads\/2026\/09\/WhatsApp-Image-2026-09-02-at-16.29.30-1024x576.jpeg\" target=\"_self\"    >WhatsApp Image 2026-09-02 at 16.29.30<\/a>\n\n\n\t<img decoding=\"async\" class=\"ms-thumb\" src=\"https:\/\/www.apucarana.pr.gov.br\/site\/wp-content\/uploads\/2026\/09\/WhatsApp-Image-2026-09-02-at-16.29.30-1024x576-140x80.jpeg\" alt=\"WhatsApp Image 2026-09-02 at 16.29.30\" \/>\n\t\t\t\t<\/div>\n\t\t\t<div  class=\"ms-slide\" data-delay=\"3\"    >\n\t\t\t\t\t<img decoding=\"async\" src=\"https:\/\/www.apucarana.pr.gov.br\/site\/wp-content\/plugins\/masterslider\/public\/assets\/css\/blank.gif\" alt=\"WhatsApp Image 2026-09-02 at 16.29.31\" title=\"WhatsApp Image 2026-09-02 at 16.29.31\" data-src=\"https:\/\/www.apucarana.pr.gov.br\/site\/wp-content\/uploads\/2026\/09\/WhatsApp-Image-2026-09-02-at-16.29.31-1024x576.jpeg\" \/>\n\t<a href=\"https:\/\/www.apucarana.pr.gov.br\/site\/wp-content\/uploads\/2026\/09\/WhatsApp-Image-2026-09-02-at-16.29.31-1024x576.jpeg\" target=\"_self\"    >WhatsApp Image 2026-09-02 at 16.29.31<\/a>\n\n\n\t<img decoding=\"async\" class=\"ms-thumb\" src=\"https:\/\/www.apucarana.pr.gov.br\/site\/wp-content\/uploads\/2026\/09\/WhatsApp-Image-2026-09-02-at-16.29.31-1024x576-140x80.jpeg\" alt=\"WhatsApp Image 2026-09-02 at 16.29.31\" \/>\n\t\t\t\t<\/div>\n\n\t\t\t<\/div>\n\t\t\t<!-- END MasterSlider Main -->\n\n\t\t\t \n\t\t<\/div>\n\t\t<!-- END MasterSlider -->\n\n\t\t<script>\n\t\t( window.MSReady = window.MSReady || [] ).push( function( $ ) {\n\n\t\t\t\"use strict\";\n\t\t\tvar masterslider_a4c0 = new MasterSlider();\n\n\t\t\t\/\/ slider controls\n\t\t\tmasterslider_a4c0.control('arrows'     ,{ autohide:true, overVideo:true  });\n\t\t\tmasterslider_a4c0.control('thumblist'  ,{ autohide:false, overVideo:true, dir:'h', speed:17, inset:false, arrows:false, hover:false, customClass:'', align:'bottom',type:'thumbs', margin:2, width:140, height:80, space:2, fillMode:'fill'  });\n\t\t\t\/\/ slider setup\n\t\t\tmasterslider_a4c0.setup(\"MS6a98c6e95a4c0\", {\n\t\t\t\twidth           : 960,\n\t\t\t\theight          : 540,\n\t\t\t\tminHeight       : 0,\n\t\t\t\tspace           : 0,\n\t\t\t\tstart           : 1,\n\t\t\t\tgrabCursor      : true,\n\t\t\t\tswipe           : true,\n\t\t\t\tmouse           : true,\n\t\t\t\tkeyboard        : false,\n\t\t\t\tlayout          : \"fillwidth\",\n\t\t\t\twheel           : false,\n\t\t\t\tautoplay        : true,\n                instantStartLayers:false,\n\t\t\t\tmobileBGVideo:false,\n\t\t\t\tloop            : true,\n\t\t\t\tshuffle         : false,\n\t\t\t\tpreload         : 3,\n\t\t\t\theightLimit     : false,\n\t\t\t\tautoHeight      : false,\n\t\t\t\tsmoothHeight    : true,\n\t\t\t\tendPause        : false,\n\t\t\t\toverPause       : false,\n\t\t\t\tfillMode        : \"fill\",\n\t\t\t\tcenterControls  : true,\n\t\t\t\tstartOnAppear   : false,\n\t\t\t\tlayersMode      : \"center\",\n\t\t\t\tautofillTarget  : \"\",\n\t\t\t\thideLayers      : false,\n\t\t\t\tfullscreenMargin: 0,\n\t\t\t\tspeed           : 17,\n\t\t\t\tdir             : \"h\",\n\t\t\t\tresponsive      : true,\n\t\t\t\ttabletWidth     : 768,\n\t\t\t\ttabletHeight    : null,\n\t\t\t\tphoneWidth      : 480,\n\t\t\t\tphoneHeight    : null,\n\t\t\t\tsizingReference : window,\n\t\t\t\tparallaxMode    : 'swipe',\n\t\t\t\tview            : \"basic\"\n\t\t\t});\n\n\t\t\t\n\t\t\twindow.masterslider_instances = window.masterslider_instances || [];\n\t\t\twindow.masterslider_instances.push( masterslider_a4c0 );\n\t\t});\n\t\t<\/script>\n\n\n<p>Com o prop\u00f3sito de conectar ind\u00fastrias locais de confec\u00e7\u00e3o a compradores internacionais, aconteceu na noite desta ter\u00e7a-feira (01\/09), na sede da sociedade rural, a 1\u00aa Rodada Internacional do Vestu\u00e1rio de Apucarana. Uma promo\u00e7\u00e3o da Federa\u00e7\u00e3o das Ind\u00fastrias do Paran\u00e1 (Fiep\/PR), com apoio da Secretaria da Ind\u00fastria, Com\u00e9rcio e Servi\u00e7os da Prefeitura de Apucarana, do Sindicato das Ind\u00fastrias do Vestu\u00e1rio de Apucarana e Vale do Iva\u00ed (Sivale), APL de Bon\u00e9s, Sebrae e Associa\u00e7\u00e3o Comercial, Industrial e de Servi\u00e7os de Apucarana (Acia), o evento reuniu 36 empresas e seis compradores oriundos do Uruguai, Chile, Bol\u00edvia, B\u00e9lgica, Paraguai e Estados Unidos.<\/p>\n<p>O prefeito Rodolfo Mota esteve presente e enalteceu a iniciativa que visa ampliar oportunidades de neg\u00f3cios e de inser\u00e7\u00e3o da ind\u00fastria local no mercado externo. \u201cApucarana tem uma ind\u00fastria forte e produtos com qualidade para conquistar novos mercados. Receber compradores internacionais mostra que estamos preparados para avan\u00e7ar. Nosso compromisso \u00e9 criar condi\u00e7\u00f5es para que nossas empresas cres\u00e7am, gerem empregos e levem a marca de Apucarana para o mundo. Parabenizo a Fiep pela iniciativa. A prefeitura vai estar sempre de portas abertas para apoiar iniciativas como estas\u201d, disse o prefeito.<\/p>\n<p>A programa\u00e7\u00e3o da rodada de neg\u00f3cios tamb\u00e9m contou com o especialista italiano Giorgio Secoli, que realizou visitas t\u00e9cnicas \u00e0s empresas It\u00e1lia Milano e Tasciana Flores, e palestra sobre forma\u00e7\u00e3o t\u00e9cnica, inova\u00e7\u00e3o e processos produtivos. \u201cApucarana e Vale do Iva\u00ed possuem empresas com capacidade, qualidade e produtos para conquistar novos mercados. Aproximar nossos empres\u00e1rios de compradores internacionais gera oportunidades de neg\u00f3cios, estimula a inova\u00e7\u00e3o e fortalece toda a cadeia do vestu\u00e1rio\u201d, disse a empres\u00e1ria Elisabete Ardigo, presidente do Sivale.<\/p>\n<p>O secret\u00e1rio municipal da Ind\u00fastria, Com\u00e9rcio e Servi\u00e7os, Neno Leiroz, acompanhou o prefeito Rodolfo Mota e destacou que a rodada internacional aproxima as empresas locais de novos mercados. \u201cCertamente oportunidades concretas de neg\u00f3cios foram iniciadas com esta iniciativa. Para a nossa Secretaria \u00e9 uma honra poder ser parceira, contribuindo para refor\u00e7ar a ponte entre o setor produtivo e o mercado internacional com vistas a fortalecer nossas empresas e sua capacidade de competir\u201d, afirmou Leiroz.<\/p>\n","protected":false},"excerpt":{"rendered":"<p>Com o prop&oacute;sito de conectar ind&uacute;strias locais de confec&ccedil;&atilde;o a compradores internacionais, aconteceu na noite desta ter&ccedil;a-feira (01\/09), na sede da sociedade rural, a 1&ordf; Rodada Internacional do Vestu&aacute;rio de Apucarana. Uma promo&ccedil;&atilde;o da Federa&ccedil;&atilde;o das Ind&uacute;strias do Paran&aacute; (Fiep\/PR), com apoio da Secretaria da Ind&uacute;stria, Com&eacute;rcio e Servi&ccedil;os da Prefeitura de Apucarana, do Sindicato [&hellip;]<\/p>\n","protected":false},"author":7,"featured_media":130975,"comment_status":"closed","ping_status":"closed","sticky":false,"template":"","format":"standard","meta":{"footnotes":""},"categories":[24],"tags":[],"class_list":["post-130974","post","type-post","status-publish","format-standard","has-post-thumbnail","hentry","category-noticias"],"acf":[],"_links":{"self":[{"href":"https:\/\/www.apucarana.pr.gov.br\/site\/wp-json\/wp\/v2\/posts\/130974","targetHints":{"allow":["GET"]}}],"collection":[{"href":"https:\/\/www.apucarana.pr.gov.br\/site\/wp-json\/wp\/v2\/posts"}],"about":[{"href":"https:\/\/www.apucarana.pr.gov.br\/site\/wp-json\/wp\/v2\/types\/post"}],"author":[{"embeddable":true,"href":"https:\/\/www.apucarana.pr.gov.br\/site\/wp-json\/wp\/v2\/users\/7"}],"replies":[{"embeddable":true,"href":"https:\/\/www.apucarana.pr.gov.br\/site\/wp-json\/wp\/v2\/comments?post=130974"}],"version-history":[{"count":1,"href":"https:\/\/www.apucarana.pr.gov.br\/site\/wp-json\/wp\/v2\/posts\/130974\/revisions"}],"predecessor-version":[{"id":130978,"href":"https:\/\/www.apucarana.pr.gov.br\/site\/wp-json\/wp\/v2\/posts\/130974\/revisions\/130978"}],"wp:featuredmedia":[{"embeddable":true,"href":"https:\/\/www.apucarana.pr.gov.br\/site\/wp-json\/wp\/v2\/media\/130975"}],"wp:attachment":[{"href":"https:\/\/www.apucarana.pr.gov.br\/site\/wp-json\/wp\/v2\/media?parent=130974"}],"wp:term":[{"taxonomy":"category","embeddable":true,"href":"https:\/\/www.apucarana.pr.gov.br\/site\/wp-json\/wp\/v2\/categories?post=130974"},{"taxonomy":"post_tag","embeddable":true,"href":"https:\/\/www.apucarana.pr.gov.br\/site\/wp-json\/wp\/v2\/tags?post=130974"}],"curies":[{"name":"wp","href":"https:\/\/api.w.org\/{rel}","templated":true}]}}