{"id":130955,"date":"2026-09-02T18:56:56","date_gmt":"2026-09-02T21:56:56","guid":{"rendered":"https:\/\/www.apucarana.pr.gov.br\/site\/?p=130955"},"modified":"2026-09-02T18:56:56","modified_gmt":"2026-09-02T21:56:56","slug":"cinco-empresas-beneficiadas-pelo-prodea-projetam-a-criacao-de-112-empregos-diretos-em-apucarana","status":"publish","type":"post","link":"https:\/\/www.apucarana.pr.gov.br\/site\/cinco-empresas-beneficiadas-pelo-prodea-projetam-a-criacao-de-112-empregos-diretos-em-apucarana\/","title":{"rendered":"Cinco empresas beneficiadas pelo Prodea projetam a cria\u00e7\u00e3o de 112 empregos diretos em Apucarana"},"content":{"rendered":"\n\t\t<!-- MasterSlider -->\n\t\t<div id=\"P_MS6a98d1c7ae768\" class=\"master-slider-parent master-slider-gallery   ms-parent-id-0\" style=\"\" >\n\n\t\t\t\n\t\t\t<!-- MasterSlider Main -->\n\t\t\t<div id=\"MS6a98d1c7ae768\" class=\"master-slider ms-skin-default\" >\n\t\t\t\t \t\t\t\t \n\t\t\t<div  class=\"ms-slide\" data-delay=\"3\"    >\n\t\t\t\t\t<img decoding=\"async\" src=\"https:\/\/www.apucarana.pr.gov.br\/site\/wp-content\/plugins\/masterslider\/public\/assets\/css\/blank.gif\" alt=\"02-09-2026_assinatura_prodea01\" title=\"02-09-2026_assinatura_prodea01\" data-src=\"https:\/\/www.apucarana.pr.gov.br\/site\/wp-content\/uploads\/2026\/09\/02-09-2026_assinatura_prodea01-1024x683.jpg\" \/>\n\t<a href=\"https:\/\/www.apucarana.pr.gov.br\/site\/wp-content\/uploads\/2026\/09\/02-09-2026_assinatura_prodea01-1024x683.jpg\" target=\"_self\"    >02-09-2026_assinatura_prodea01<\/a>\n\n\n\t<img decoding=\"async\" class=\"ms-thumb\" src=\"https:\/\/www.apucarana.pr.gov.br\/site\/wp-content\/uploads\/2026\/09\/02-09-2026_assinatura_prodea01-1024x683-140x80.jpg\" alt=\"02-09-2026_assinatura_prodea01\" \/>\n\t\t\t\t<\/div>\n\t\t\t<div  class=\"ms-slide\" data-delay=\"3\"    >\n\t\t\t\t\t<img decoding=\"async\" src=\"https:\/\/www.apucarana.pr.gov.br\/site\/wp-content\/plugins\/masterslider\/public\/assets\/css\/blank.gif\" alt=\"02-09-2026_assinatura_prodea01-5\" title=\"02-09-2026_assinatura_prodea01-5\" data-src=\"https:\/\/www.apucarana.pr.gov.br\/site\/wp-content\/uploads\/2026\/09\/02-09-2026_assinatura_prodea01-5-1024x688.jpg\" \/>\n\t<a href=\"https:\/\/www.apucarana.pr.gov.br\/site\/wp-content\/uploads\/2026\/09\/02-09-2026_assinatura_prodea01-5-1024x688.jpg\" target=\"_self\"    >02-09-2026_assinatura_prodea01-5<\/a>\n\n\n\t<img decoding=\"async\" class=\"ms-thumb\" src=\"https:\/\/www.apucarana.pr.gov.br\/site\/wp-content\/uploads\/2026\/09\/02-09-2026_assinatura_prodea01-5-1024x688-140x80.jpg\" alt=\"02-09-2026_assinatura_prodea01-5\" \/>\n\t\t\t\t<\/div>\n\t\t\t<div  class=\"ms-slide\" data-delay=\"3\"    >\n\t\t\t\t\t<img decoding=\"async\" src=\"https:\/\/www.apucarana.pr.gov.br\/site\/wp-content\/plugins\/masterslider\/public\/assets\/css\/blank.gif\" alt=\"02-09-2026_assinatura_prodea01-7\" title=\"02-09-2026_assinatura_prodea01-7\" data-src=\"https:\/\/www.apucarana.pr.gov.br\/site\/wp-content\/uploads\/2026\/09\/02-09-2026_assinatura_prodea01-7-1024x745.jpg\" \/>\n\t<a href=\"https:\/\/www.apucarana.pr.gov.br\/site\/wp-content\/uploads\/2026\/09\/02-09-2026_assinatura_prodea01-7-1024x745.jpg\" target=\"_self\"    >02-09-2026_assinatura_prodea01-7<\/a>\n\n\n\t<img decoding=\"async\" class=\"ms-thumb\" src=\"https:\/\/www.apucarana.pr.gov.br\/site\/wp-content\/uploads\/2026\/09\/02-09-2026_assinatura_prodea01-7-1024x745-140x80.jpg\" alt=\"02-09-2026_assinatura_prodea01-7\" \/>\n\t\t\t\t<\/div>\n\t\t\t<div  class=\"ms-slide\" data-delay=\"3\"    >\n\t\t\t\t\t<img decoding=\"async\" src=\"https:\/\/www.apucarana.pr.gov.br\/site\/wp-content\/plugins\/masterslider\/public\/assets\/css\/blank.gif\" alt=\"02-09-2026_assinatura_prodea01-10\" title=\"02-09-2026_assinatura_prodea01-10\" data-src=\"https:\/\/www.apucarana.pr.gov.br\/site\/wp-content\/uploads\/2026\/09\/02-09-2026_assinatura_prodea01-10-1024x683.jpg\" \/>\n\t<a href=\"https:\/\/www.apucarana.pr.gov.br\/site\/wp-content\/uploads\/2026\/09\/02-09-2026_assinatura_prodea01-10-1024x683.jpg\" target=\"_self\"    >02-09-2026_assinatura_prodea01-10<\/a>\n\n\n\t<img decoding=\"async\" class=\"ms-thumb\" src=\"https:\/\/www.apucarana.pr.gov.br\/site\/wp-content\/uploads\/2026\/09\/02-09-2026_assinatura_prodea01-10-1024x683-140x80.jpg\" alt=\"02-09-2026_assinatura_prodea01-10\" \/>\n\t\t\t\t<\/div>\n\t\t\t<div  class=\"ms-slide\" data-delay=\"3\"    >\n\t\t\t\t\t<img decoding=\"async\" src=\"https:\/\/www.apucarana.pr.gov.br\/site\/wp-content\/plugins\/masterslider\/public\/assets\/css\/blank.gif\" alt=\"02-09-2026_assinatura_prodea01-11\" title=\"02-09-2026_assinatura_prodea01-11\" data-src=\"https:\/\/www.apucarana.pr.gov.br\/site\/wp-content\/uploads\/2026\/09\/02-09-2026_assinatura_prodea01-11-1024x683.jpg\" \/>\n\t<a href=\"https:\/\/www.apucarana.pr.gov.br\/site\/wp-content\/uploads\/2026\/09\/02-09-2026_assinatura_prodea01-11-1024x683.jpg\" target=\"_self\"    >02-09-2026_assinatura_prodea01-11<\/a>\n\n\n\t<img decoding=\"async\" class=\"ms-thumb\" src=\"https:\/\/www.apucarana.pr.gov.br\/site\/wp-content\/uploads\/2026\/09\/02-09-2026_assinatura_prodea01-11-1024x683-140x80.jpg\" alt=\"02-09-2026_assinatura_prodea01-11\" \/>\n\t\t\t\t<\/div>\n\t\t\t<div  class=\"ms-slide\" data-delay=\"3\"    >\n\t\t\t\t\t<img decoding=\"async\" src=\"https:\/\/www.apucarana.pr.gov.br\/site\/wp-content\/plugins\/masterslider\/public\/assets\/css\/blank.gif\" alt=\"02-09-2026_assinatura_prodea01-12\" title=\"02-09-2026_assinatura_prodea01-12\" data-src=\"https:\/\/www.apucarana.pr.gov.br\/site\/wp-content\/uploads\/2026\/09\/02-09-2026_assinatura_prodea01-12-1024x683.jpg\" \/>\n\t<a href=\"https:\/\/www.apucarana.pr.gov.br\/site\/wp-content\/uploads\/2026\/09\/02-09-2026_assinatura_prodea01-12-1024x683.jpg\" target=\"_self\"    >02-09-2026_assinatura_prodea01-12<\/a>\n\n\n\t<img decoding=\"async\" class=\"ms-thumb\" src=\"https:\/\/www.apucarana.pr.gov.br\/site\/wp-content\/uploads\/2026\/09\/02-09-2026_assinatura_prodea01-12-1024x683-140x80.jpg\" alt=\"02-09-2026_assinatura_prodea01-12\" \/>\n\t\t\t\t<\/div>\n\t\t\t<div  class=\"ms-slide\" data-delay=\"3\"    >\n\t\t\t\t\t<img decoding=\"async\" src=\"https:\/\/www.apucarana.pr.gov.br\/site\/wp-content\/plugins\/masterslider\/public\/assets\/css\/blank.gif\" alt=\"02-09-2026_assinatura_prodea01-13\" title=\"02-09-2026_assinatura_prodea01-13\" data-src=\"https:\/\/www.apucarana.pr.gov.br\/site\/wp-content\/uploads\/2026\/09\/02-09-2026_assinatura_prodea01-13-1024x683.jpg\" \/>\n\t<a href=\"https:\/\/www.apucarana.pr.gov.br\/site\/wp-content\/uploads\/2026\/09\/02-09-2026_assinatura_prodea01-13-1024x683.jpg\" target=\"_self\"    >02-09-2026_assinatura_prodea01-13<\/a>\n\n\n\t<img decoding=\"async\" class=\"ms-thumb\" src=\"https:\/\/www.apucarana.pr.gov.br\/site\/wp-content\/uploads\/2026\/09\/02-09-2026_assinatura_prodea01-13-1024x683-140x80.jpg\" alt=\"02-09-2026_assinatura_prodea01-13\" \/>\n\t\t\t\t<\/div>\n\t\t\t<div  class=\"ms-slide\" data-delay=\"3\"    >\n\t\t\t\t\t<img decoding=\"async\" src=\"https:\/\/www.apucarana.pr.gov.br\/site\/wp-content\/plugins\/masterslider\/public\/assets\/css\/blank.gif\" alt=\"02-09-2026_assinatura_prodea01-14\" title=\"02-09-2026_assinatura_prodea01-14\" data-src=\"https:\/\/www.apucarana.pr.gov.br\/site\/wp-content\/uploads\/2026\/09\/02-09-2026_assinatura_prodea01-14-1024x683.jpg\" \/>\n\t<a href=\"https:\/\/www.apucarana.pr.gov.br\/site\/wp-content\/uploads\/2026\/09\/02-09-2026_assinatura_prodea01-14-1024x683.jpg\" target=\"_self\"    >02-09-2026_assinatura_prodea01-14<\/a>\n\n\n\t<img decoding=\"async\" class=\"ms-thumb\" src=\"https:\/\/www.apucarana.pr.gov.br\/site\/wp-content\/uploads\/2026\/09\/02-09-2026_assinatura_prodea01-14-1024x683-140x80.jpg\" alt=\"02-09-2026_assinatura_prodea01-14\" \/>\n\t\t\t\t<\/div>\n\t\t\t<div  class=\"ms-slide\" data-delay=\"3\"    >\n\t\t\t\t\t<img decoding=\"async\" src=\"https:\/\/www.apucarana.pr.gov.br\/site\/wp-content\/plugins\/masterslider\/public\/assets\/css\/blank.gif\" alt=\"02-09-2026_assinatura_prodea01-16\" title=\"02-09-2026_assinatura_prodea01-16\" data-src=\"https:\/\/www.apucarana.pr.gov.br\/site\/wp-content\/uploads\/2026\/09\/02-09-2026_assinatura_prodea01-16-1024x683.jpg\" \/>\n\t<a href=\"https:\/\/www.apucarana.pr.gov.br\/site\/wp-content\/uploads\/2026\/09\/02-09-2026_assinatura_prodea01-16-1024x683.jpg\" target=\"_self\"    >02-09-2026_assinatura_prodea01-16<\/a>\n\n\n\t<img decoding=\"async\" class=\"ms-thumb\" src=\"https:\/\/www.apucarana.pr.gov.br\/site\/wp-content\/uploads\/2026\/09\/02-09-2026_assinatura_prodea01-16-1024x683-140x80.jpg\" alt=\"02-09-2026_assinatura_prodea01-16\" \/>\n\t\t\t\t<\/div>\n\t\t\t<div  class=\"ms-slide\" data-delay=\"3\"    >\n\t\t\t\t\t<img decoding=\"async\" src=\"https:\/\/www.apucarana.pr.gov.br\/site\/wp-content\/plugins\/masterslider\/public\/assets\/css\/blank.gif\" alt=\"02-09-2026_assinatura_prodea01-18\" title=\"02-09-2026_assinatura_prodea01-18\" data-src=\"https:\/\/www.apucarana.pr.gov.br\/site\/wp-content\/uploads\/2026\/09\/02-09-2026_assinatura_prodea01-18-1024x683.jpg\" \/>\n\t<a href=\"https:\/\/www.apucarana.pr.gov.br\/site\/wp-content\/uploads\/2026\/09\/02-09-2026_assinatura_prodea01-18-1024x683.jpg\" target=\"_self\"    >02-09-2026_assinatura_prodea01-18<\/a>\n\n\n\t<img decoding=\"async\" class=\"ms-thumb\" src=\"https:\/\/www.apucarana.pr.gov.br\/site\/wp-content\/uploads\/2026\/09\/02-09-2026_assinatura_prodea01-18-1024x683-140x80.jpg\" alt=\"02-09-2026_assinatura_prodea01-18\" \/>\n\t\t\t\t<\/div>\n\t\t\t<div  class=\"ms-slide\" data-delay=\"3\"    >\n\t\t\t\t\t<img decoding=\"async\" src=\"https:\/\/www.apucarana.pr.gov.br\/site\/wp-content\/plugins\/masterslider\/public\/assets\/css\/blank.gif\" alt=\"02-09-2026_assinatura_prodea01-22\" title=\"02-09-2026_assinatura_prodea01-22\" data-src=\"https:\/\/www.apucarana.pr.gov.br\/site\/wp-content\/uploads\/2026\/09\/02-09-2026_assinatura_prodea01-22-1024x683.jpg\" \/>\n\t<a href=\"https:\/\/www.apucarana.pr.gov.br\/site\/wp-content\/uploads\/2026\/09\/02-09-2026_assinatura_prodea01-22-1024x683.jpg\" target=\"_self\"    >02-09-2026_assinatura_prodea01-22<\/a>\n\n\n\t<img decoding=\"async\" class=\"ms-thumb\" src=\"https:\/\/www.apucarana.pr.gov.br\/site\/wp-content\/uploads\/2026\/09\/02-09-2026_assinatura_prodea01-22-1024x683-140x80.jpg\" alt=\"02-09-2026_assinatura_prodea01-22\" \/>\n\t\t\t\t<\/div>\n\t\t\t<div  class=\"ms-slide\" data-delay=\"3\"    >\n\t\t\t\t\t<img decoding=\"async\" src=\"https:\/\/www.apucarana.pr.gov.br\/site\/wp-content\/plugins\/masterslider\/public\/assets\/css\/blank.gif\" alt=\"02-09-2026_assinatura_prodea01-23\" title=\"02-09-2026_assinatura_prodea01-23\" data-src=\"https:\/\/www.apucarana.pr.gov.br\/site\/wp-content\/uploads\/2026\/09\/02-09-2026_assinatura_prodea01-23-1024x683.jpg\" \/>\n\t<a href=\"https:\/\/www.apucarana.pr.gov.br\/site\/wp-content\/uploads\/2026\/09\/02-09-2026_assinatura_prodea01-23-1024x683.jpg\" target=\"_self\"    >02-09-2026_assinatura_prodea01-23<\/a>\n\n\n\t<img decoding=\"async\" class=\"ms-thumb\" src=\"https:\/\/www.apucarana.pr.gov.br\/site\/wp-content\/uploads\/2026\/09\/02-09-2026_assinatura_prodea01-23-1024x683-140x80.jpg\" alt=\"02-09-2026_assinatura_prodea01-23\" \/>\n\t\t\t\t<\/div>\n\t\t\t<div  class=\"ms-slide\" data-delay=\"3\"    >\n\t\t\t\t\t<img decoding=\"async\" src=\"https:\/\/www.apucarana.pr.gov.br\/site\/wp-content\/plugins\/masterslider\/public\/assets\/css\/blank.gif\" alt=\"02-09-2026_assinatura_prodea01-26\" title=\"02-09-2026_assinatura_prodea01-26\" data-src=\"https:\/\/www.apucarana.pr.gov.br\/site\/wp-content\/uploads\/2026\/09\/02-09-2026_assinatura_prodea01-26-1024x683.jpg\" \/>\n\t<a href=\"https:\/\/www.apucarana.pr.gov.br\/site\/wp-content\/uploads\/2026\/09\/02-09-2026_assinatura_prodea01-26-1024x683.jpg\" target=\"_self\"    >02-09-2026_assinatura_prodea01-26<\/a>\n\n\n\t<img decoding=\"async\" class=\"ms-thumb\" src=\"https:\/\/www.apucarana.pr.gov.br\/site\/wp-content\/uploads\/2026\/09\/02-09-2026_assinatura_prodea01-26-1024x683-140x80.jpg\" alt=\"02-09-2026_assinatura_prodea01-26\" \/>\n\t\t\t\t<\/div>\n\t\t\t<div  class=\"ms-slide\" data-delay=\"3\"    >\n\t\t\t\t\t<img decoding=\"async\" src=\"https:\/\/www.apucarana.pr.gov.br\/site\/wp-content\/plugins\/masterslider\/public\/assets\/css\/blank.gif\" alt=\"02-09-2026_assinatura_prodea01-27\" title=\"02-09-2026_assinatura_prodea01-27\" data-src=\"https:\/\/www.apucarana.pr.gov.br\/site\/wp-content\/uploads\/2026\/09\/02-09-2026_assinatura_prodea01-27-1024x683.jpg\" \/>\n\t<a href=\"https:\/\/www.apucarana.pr.gov.br\/site\/wp-content\/uploads\/2026\/09\/02-09-2026_assinatura_prodea01-27-1024x683.jpg\" target=\"_self\"    >02-09-2026_assinatura_prodea01-27<\/a>\n\n\n\t<img decoding=\"async\" class=\"ms-thumb\" src=\"https:\/\/www.apucarana.pr.gov.br\/site\/wp-content\/uploads\/2026\/09\/02-09-2026_assinatura_prodea01-27-1024x683-140x80.jpg\" alt=\"02-09-2026_assinatura_prodea01-27\" \/>\n\t\t\t\t<\/div>\n\t\t\t<div  class=\"ms-slide\" data-delay=\"3\"    >\n\t\t\t\t\t<img decoding=\"async\" src=\"https:\/\/www.apucarana.pr.gov.br\/site\/wp-content\/plugins\/masterslider\/public\/assets\/css\/blank.gif\" alt=\"02-09-2026_assinatura_prodea01-30\" title=\"02-09-2026_assinatura_prodea01-30\" data-src=\"https:\/\/www.apucarana.pr.gov.br\/site\/wp-content\/uploads\/2026\/09\/02-09-2026_assinatura_prodea01-30-1024x683.jpg\" \/>\n\t<a href=\"https:\/\/www.apucarana.pr.gov.br\/site\/wp-content\/uploads\/2026\/09\/02-09-2026_assinatura_prodea01-30-1024x683.jpg\" target=\"_self\"    >02-09-2026_assinatura_prodea01-30<\/a>\n\n\n\t<img decoding=\"async\" class=\"ms-thumb\" src=\"https:\/\/www.apucarana.pr.gov.br\/site\/wp-content\/uploads\/2026\/09\/02-09-2026_assinatura_prodea01-30-1024x683-140x80.jpg\" alt=\"02-09-2026_assinatura_prodea01-30\" \/>\n\t\t\t\t<\/div>\n\t\t\t<div  class=\"ms-slide\" data-delay=\"3\"    >\n\t\t\t\t\t<img decoding=\"async\" src=\"https:\/\/www.apucarana.pr.gov.br\/site\/wp-content\/plugins\/masterslider\/public\/assets\/css\/blank.gif\" alt=\"02-09-2026_assinatura_prodea01-31\" title=\"02-09-2026_assinatura_prodea01-31\" data-src=\"https:\/\/www.apucarana.pr.gov.br\/site\/wp-content\/uploads\/2026\/09\/02-09-2026_assinatura_prodea01-31-1024x683.jpg\" \/>\n\t<a href=\"https:\/\/www.apucarana.pr.gov.br\/site\/wp-content\/uploads\/2026\/09\/02-09-2026_assinatura_prodea01-31-1024x683.jpg\" target=\"_self\"    >02-09-2026_assinatura_prodea01-31<\/a>\n\n\n\t<img decoding=\"async\" class=\"ms-thumb\" src=\"https:\/\/www.apucarana.pr.gov.br\/site\/wp-content\/uploads\/2026\/09\/02-09-2026_assinatura_prodea01-31-1024x683-140x80.jpg\" alt=\"02-09-2026_assinatura_prodea01-31\" \/>\n\t\t\t\t<\/div>\n\n\t\t\t<\/div>\n\t\t\t<!-- END MasterSlider Main -->\n\n\t\t\t \n\t\t<\/div>\n\t\t<!-- END MasterSlider -->\n\n\t\t<script>\n\t\t( window.MSReady = window.MSReady || [] ).push( function( $ ) {\n\n\t\t\t\"use strict\";\n\t\t\tvar masterslider_e768 = new MasterSlider();\n\n\t\t\t\/\/ slider controls\n\t\t\tmasterslider_e768.control('arrows'     ,{ autohide:true, overVideo:true  });\n\t\t\tmasterslider_e768.control('thumblist'  ,{ autohide:false, overVideo:true, dir:'h', speed:17, inset:false, arrows:false, hover:false, customClass:'', align:'bottom',type:'thumbs', margin:2, width:140, height:80, space:2, fillMode:'fill'  });\n\t\t\t\/\/ slider setup\n\t\t\tmasterslider_e768.setup(\"MS6a98d1c7ae768\", {\n\t\t\t\twidth           : 960,\n\t\t\t\theight          : 540,\n\t\t\t\tminHeight       : 0,\n\t\t\t\tspace           : 0,\n\t\t\t\tstart           : 1,\n\t\t\t\tgrabCursor      : true,\n\t\t\t\tswipe           : true,\n\t\t\t\tmouse           : true,\n\t\t\t\tkeyboard        : false,\n\t\t\t\tlayout          : \"fillwidth\",\n\t\t\t\twheel           : false,\n\t\t\t\tautoplay        : true,\n                instantStartLayers:false,\n\t\t\t\tmobileBGVideo:false,\n\t\t\t\tloop            : true,\n\t\t\t\tshuffle         : false,\n\t\t\t\tpreload         : 3,\n\t\t\t\theightLimit     : false,\n\t\t\t\tautoHeight      : false,\n\t\t\t\tsmoothHeight    : true,\n\t\t\t\tendPause        : false,\n\t\t\t\toverPause       : false,\n\t\t\t\tfillMode        : \"fill\",\n\t\t\t\tcenterControls  : true,\n\t\t\t\tstartOnAppear   : false,\n\t\t\t\tlayersMode      : \"center\",\n\t\t\t\tautofillTarget  : \"\",\n\t\t\t\thideLayers      : false,\n\t\t\t\tfullscreenMargin: 0,\n\t\t\t\tspeed           : 17,\n\t\t\t\tdir             : \"h\",\n\t\t\t\tresponsive      : true,\n\t\t\t\ttabletWidth     : 768,\n\t\t\t\ttabletHeight    : null,\n\t\t\t\tphoneWidth      : 480,\n\t\t\t\tphoneHeight    : null,\n\t\t\t\tsizingReference : window,\n\t\t\t\tparallaxMode    : 'swipe',\n\t\t\t\tview            : \"basic\"\n\t\t\t});\n\n\t\t\t\n\t\t\twindow.masterslider_instances = window.masterslider_instances || [];\n\t\t\twindow.masterslider_instances.push( masterslider_e768 );\n\t\t});\n\t\t<\/script>\n\n\n<p>&nbsp;<\/p>\n<p>A Prefeitura de Apucarana, atrav\u00e9s da Secretaria Municipal da Ind\u00fastria, Com\u00e9rcio e Servi\u00e7os, oficializou nesta quarta-feira (02\/09), em ato no gabinete municipal, a aliena\u00e7\u00e3o de im\u00f3veis a cinco empresas junto ao Parque Cidade Industrial de Apucarana, tamb\u00e9m chamado de Parque Industrial da Juruba. A concess\u00e3o de incentivos, previstos na Lei Municipal n\u00ba 009\/2002 (Programa de Desenvolvimento Econ\u00f4mico de Apucarana \u2013 Prodea), foi aprovada no final de julho pelos vereadores e sancionada pelo prefeito Rodolfo Mota.<\/p>\n<p>O repasse totaliza 7.962,67 metros quadrados em \u00e1reas industriais. Juntos, os cinco empreendimentos projetam a gera\u00e7\u00e3o de 112 empregos diretos e pelo menos R$ 9,1 milh\u00f5es em investimentos iniciais<strong>.<\/strong> Durante o ato, o prefeito Rodolfo Mota destacou que a atual administra\u00e7\u00e3o remodelou o Prodea para garantir mais transpar\u00eancia, crit\u00e9rios objetivos e seguran\u00e7a jur\u00eddica na concess\u00e3o dos incentivos. Segundo ele, o objetivo \u00e9 assegurar que os benef\u00edcios previstos na legisla\u00e7\u00e3o sejam concedidos de forma p\u00fablica e respons\u00e1vel, fortalecendo a confian\u00e7a dos investidores e do pr\u00f3prio Munic\u00edpio.<\/p>\n<p>\u201cQuando assumimos, encontramos o programa de uma maneira que n\u00e3o entend\u00edamos, porque n\u00e3o havia a transpar\u00eancia que consideramos necess\u00e1ria. Por isso, paramos, revisamos o processo e constru\u00edmos um novo modelo. Hoje, estamos muito felizes de poder fazer isso do jeito certo, com transpar\u00eancia, com os crit\u00e9rios p\u00fablicos e sabendo quem est\u00e1 vindo investir na nossa cidade\u201d, afirmou.<\/p>\n<p>Rodolfo Mota tamb\u00e9m ressaltou que a localiza\u00e7\u00e3o da Cidade Industrial de Apucarana \u00e9 um diferencial para os empreendimentos, especialmente diante dos futuros investimentos em infraestrutura vi\u00e1ria. Ele citou o futuro Contorno Leste de Apucarana, previsto na nova concess\u00e3o de rodovias do Paran\u00e1, al\u00e9m de projetos para uma nova al\u00e7a de acesso no sentido Maring\u00e1 e uma trincheira na regi\u00e3o do Contorno Sul. \u201cVoc\u00eas v\u00e3o crescer e a cidade tamb\u00e9m vai crescer. O que falta hoje em infraestrutura \u00e9 uma quest\u00e3o de tempo. E o mais importante \u00e9 que teremos um contorno passando pr\u00f3ximo daqui, criando uma rota estrat\u00e9gica para a distribui\u00e7\u00e3o dos produtos. Para quem depende de log\u00edstica, esse ser\u00e1 um diferencial muito grande\u201d, destacou.<\/p>\n<p>Entre os segmentos econ\u00f4micos est\u00e3o uma ind\u00fastria de produtos de padaria e confeitaria, uma f\u00e1brica de m\u00f3veis planejados, uma vidra\u00e7aria, uma empresa de com\u00e9rcio e distribui\u00e7\u00e3o de vestu\u00e1rio e uma metal\u00fargica especializada na fabrica\u00e7\u00e3o de m\u00e1quinas-ferramentas, pe\u00e7as e acess\u00f3rios. As \u00e1reas destinadas aos empreendimentos variam de 1.456,45 m\u00b2 a 1.750 m\u00b2. Pela legisla\u00e7\u00e3o municipal, os empres\u00e1rios t\u00eam seis meses para iniciar as obras e 18 meses para conclu\u00ed-las, sob pena de revers\u00e3o dos terrenos ao patrim\u00f4nio p\u00fablico.<\/p>\n<p>Os empres\u00e1rios Indianara Siena e Jamil Gattili, da Vidra\u00e7aria Vidro Nobre, contam que a empresa pactuou gerar 29 empregos diretos, com investimento inicial de R$ 3,2 milh\u00f5es na instala\u00e7\u00e3o de sua sede em uma \u00e1rea de 1.503,11 metros quadrados. Eles agradeceram ao Munic\u00edpio pela confian\u00e7a no potencial da empresa, cuja trajet\u00f3ria come\u00e7ou de forma modesta no munic\u00edpio de Pitangueiras e, ao longo dos anos, avan\u00e7ou para diferentes mercados da regi\u00e3o e de outros estados, levando ao estabelecimento de uma unidade em Apucarana em 2014, inicialmente no segmento de serralheria. \u201cCome\u00e7amos bem pequenininhos, em Pitangueiras, um munic\u00edpio de cerca de 3 mil habitantes. Fomos crescendo, ganhando espa\u00e7o em Arapongas, Apucarana, Maring\u00e1 e toda a regi\u00e3o, at\u00e9 chegar a outros estados. Em 2014, decidimos abrir uma empresa em Apucarana, justamente pela quest\u00e3o da m\u00e3o de obra qualificada. A conquista do novo terreno representa mais uma etapa dessa trajet\u00f3ria de crescimento e permitir\u00e1 \u00e0 empresa ampliar sua estrutura e sua capacidade de atendimento\u201d, disse a empres\u00e1ria Indianara.<\/p>\n<p>Al\u00e9m dos empres\u00e1rios, o ato de assinatura das aliena\u00e7\u00f5es de lotes industriais contou com a presen\u00e7a do secret\u00e1rio municipal da Ind\u00fastria, Com\u00e9rcio e Servi\u00e7os, Neno Leiroz e dos vereadores Mois\u00e9s Tavares e Pablo da Seguran\u00e7a.<\/p>\n<table>\n<thead>\n<tr>\n<td><strong>Empresa<\/strong><\/td>\n<td width=\"164\"><strong>Atividade<\/strong><\/td>\n<td width=\"64\"><strong>\u00c1rea m\u00b2<\/strong><\/td>\n<td><strong>Investimento<\/strong><\/td>\n<td><strong>Empregos<\/strong><\/td>\n<\/tr>\n<\/thead>\n<tbody>\n<tr>\n<td><strong>Baudelaire Cookies Ltda.<\/strong><\/td>\n<td width=\"164\">Fabrica\u00e7\u00e3o de produtos de padaria e confeitaria<\/td>\n<td width=\"64\">1.503,11<\/td>\n<td>R$ 2 milh\u00f5es<\/td>\n<td>35<\/td>\n<\/tr>\n<tr>\n<td><strong>Ba.z Planejados JVM M\u00f3veis Planejados Ltda.<\/strong><\/td>\n<td width=\"164\">Fabrica\u00e7\u00e3o de m\u00f3veis com predomin\u00e2ncia de madeira<\/td>\n<td width=\"64\">1.750,00<\/td>\n<td>R$ 1,4 milh\u00e3o<\/td>\n<td>18<\/td>\n<\/tr>\n<tr>\n<td><strong>Vidra\u00e7aria Vidro Nobre Ltda.<\/strong><\/td>\n<td width=\"164\">Com\u00e9rcio varejista de vidros<\/td>\n<td width=\"64\">1.503,11<\/td>\n<td>R$ 3,2 milh\u00f5es<\/td>\n<td>29<\/td>\n<\/tr>\n<tr>\n<td><strong>L &amp; B Com\u00e9rcio e Distribui\u00e7\u00e3o Ltda.<\/strong><\/td>\n<td width=\"164\">Com\u00e9rcio varejista de vestu\u00e1rio e acess\u00f3rios<\/td>\n<td width=\"64\">1.750,00<\/td>\n<td>R$ 2,5 milh\u00f5es<\/td>\n<td>30<\/td>\n<\/tr>\n<tr>\n<td><strong>Caldeira Metalurgia Ltda.<\/strong><\/td>\n<td width=\"164\">Fabrica\u00e7\u00e3o de m\u00e1quinas-ferramentas, pe\u00e7as e acess\u00f3rios<\/td>\n<td width=\"64\">1.456,45<\/td>\n<td>\u2014<\/td>\n<td>\u2014<\/td>\n<\/tr>\n<tr>\n<td><strong>Total<\/strong><\/td>\n<td width=\"164\"><strong>5 empresas<\/strong><\/td>\n<td width=\"64\"><strong>7.962,67<\/strong><\/td>\n<td><strong>Pelo menos R$ 9,1 milh\u00f5es<\/strong><\/td>\n<td><strong>112<\/strong><\/td>\n<\/tr>\n<\/tbody>\n<\/table>\n<p>&nbsp;<\/p>\n","protected":false},"excerpt":{"rendered":"<p>&nbsp; A Prefeitura de Apucarana, atrav&eacute;s da Secretaria Municipal da Ind&uacute;stria, Com&eacute;rcio e Servi&ccedil;os, oficializou nesta quarta-feira (02\/09), em ato no gabinete municipal, a aliena&ccedil;&atilde;o de im&oacute;veis a cinco empresas junto ao Parque Cidade Industrial de Apucarana, tamb&eacute;m chamado de Parque Industrial da Juruba. A concess&atilde;o de incentivos, previstos na Lei Municipal n&ordm; 009\/2002 (Programa [&hellip;]<\/p>\n","protected":false},"author":7,"featured_media":130972,"comment_status":"closed","ping_status":"closed","sticky":false,"template":"","format":"standard","meta":{"footnotes":""},"categories":[203],"tags":[],"class_list":["post-130955","post","type-post","status-publish","format-standard","has-post-thumbnail","hentry","category-destaque"],"acf":[],"_links":{"self":[{"href":"https:\/\/www.apucarana.pr.gov.br\/site\/wp-json\/wp\/v2\/posts\/130955","targetHints":{"allow":["GET"]}}],"collection":[{"href":"https:\/\/www.apucarana.pr.gov.br\/site\/wp-json\/wp\/v2\/posts"}],"about":[{"href":"https:\/\/www.apucarana.pr.gov.br\/site\/wp-json\/wp\/v2\/types\/post"}],"author":[{"embeddable":true,"href":"https:\/\/www.apucarana.pr.gov.br\/site\/wp-json\/wp\/v2\/users\/7"}],"replies":[{"embeddable":true,"href":"https:\/\/www.apucarana.pr.gov.br\/site\/wp-json\/wp\/v2\/comments?post=130955"}],"version-history":[{"count":1,"href":"https:\/\/www.apucarana.pr.gov.br\/site\/wp-json\/wp\/v2\/posts\/130955\/revisions"}],"predecessor-version":[{"id":130973,"href":"https:\/\/www.apucarana.pr.gov.br\/site\/wp-json\/wp\/v2\/posts\/130955\/revisions\/130973"}],"wp:featuredmedia":[{"embeddable":true,"href":"https:\/\/www.apucarana.pr.gov.br\/site\/wp-json\/wp\/v2\/media\/130972"}],"wp:attachment":[{"href":"https:\/\/www.apucarana.pr.gov.br\/site\/wp-json\/wp\/v2\/media?parent=130955"}],"wp:term":[{"taxonomy":"category","embeddable":true,"href":"https:\/\/www.apucarana.pr.gov.br\/site\/wp-json\/wp\/v2\/categories?post=130955"},{"taxonomy":"post_tag","embeddable":true,"href":"https:\/\/www.apucarana.pr.gov.br\/site\/wp-json\/wp\/v2\/tags?post=130955"}],"curies":[{"name":"wp","href":"https:\/\/api.w.org\/{rel}","templated":true}]}}