{"id":130945,"date":"2026-09-02T11:50:57","date_gmt":"2026-09-02T14:50:57","guid":{"rendered":"https:\/\/www.apucarana.pr.gov.br\/site\/?p=130945"},"modified":"2026-09-02T11:55:32","modified_gmt":"2026-09-02T14:55:32","slug":"acao-do-procon-de-apucarana-na-praca-rui-barbosa-reforca-alerta-sobre-golpes-digitais","status":"publish","type":"post","link":"https:\/\/www.apucarana.pr.gov.br\/site\/acao-do-procon-de-apucarana-na-praca-rui-barbosa-reforca-alerta-sobre-golpes-digitais\/","title":{"rendered":"A\u00e7\u00e3o do Procon de Apucarana na Pra\u00e7a Rui Barbosa refor\u00e7a alerta sobre golpes digitais"},"content":{"rendered":"\n\t\t<!-- MasterSlider -->\n\t\t<div id=\"P_MS6a98c6e88d3b2\" class=\"master-slider-parent master-slider-gallery   ms-parent-id-0\" style=\"\" >\n\n\t\t\t\n\t\t\t<!-- MasterSlider Main -->\n\t\t\t<div id=\"MS6a98c6e88d3b2\" class=\"master-slider ms-skin-default\" >\n\t\t\t\t \t\t\t\t \n\t\t\t<div  class=\"ms-slide\" data-delay=\"3\"    >\n\t\t\t\t\t<img decoding=\"async\" src=\"https:\/\/www.apucarana.pr.gov.br\/site\/wp-content\/plugins\/masterslider\/public\/assets\/css\/blank.gif\" alt=\"02-09-2026_golpes_na_internet01-27\" title=\"02-09-2026_golpes_na_internet01-27\" data-src=\"https:\/\/www.apucarana.pr.gov.br\/site\/wp-content\/uploads\/2026\/09\/02-09-2026_golpes_na_internet01-27-1024x683.jpg\" \/>\n\t<a href=\"https:\/\/www.apucarana.pr.gov.br\/site\/acao-do-procon-de-apucarana-na-praca-rui-barbosa-reforca-alerta-sobre-golpes-digitais\/02-09-2026_golpes_na_internet01-27\/\" target=\"_self\"    >02-09-2026_golpes_na_internet01-27<\/a>\n\n\n\t<img decoding=\"async\" class=\"ms-thumb\" src=\"https:\/\/www.apucarana.pr.gov.br\/site\/wp-content\/uploads\/2026\/09\/02-09-2026_golpes_na_internet01-27-1024x683-140x80.jpg\" alt=\"02-09-2026_golpes_na_internet01-27\" \/>\n\t\t\t\t<\/div>\n\t\t\t<div  class=\"ms-slide\" data-delay=\"3\"    >\n\t\t\t\t\t<img decoding=\"async\" src=\"https:\/\/www.apucarana.pr.gov.br\/site\/wp-content\/plugins\/masterslider\/public\/assets\/css\/blank.gif\" alt=\"02-09-2026_golpes_na_internet01\" title=\"02-09-2026_golpes_na_internet01\" data-src=\"https:\/\/www.apucarana.pr.gov.br\/site\/wp-content\/uploads\/2026\/09\/02-09-2026_golpes_na_internet01-1024x706.jpg\" \/>\n\t<a href=\"https:\/\/www.apucarana.pr.gov.br\/site\/acao-do-procon-de-apucarana-na-praca-rui-barbosa-reforca-alerta-sobre-golpes-digitais\/02-09-2026_golpes_na_internet01\/\" target=\"_self\"    >02-09-2026_golpes_na_internet01<\/a>\n\n\n\t<img decoding=\"async\" class=\"ms-thumb\" src=\"https:\/\/www.apucarana.pr.gov.br\/site\/wp-content\/uploads\/2026\/09\/02-09-2026_golpes_na_internet01-1024x706-140x80.jpg\" alt=\"02-09-2026_golpes_na_internet01\" \/>\n\t\t\t\t<\/div>\n\t\t\t<div  class=\"ms-slide\" data-delay=\"3\"    >\n\t\t\t\t\t<img decoding=\"async\" src=\"https:\/\/www.apucarana.pr.gov.br\/site\/wp-content\/plugins\/masterslider\/public\/assets\/css\/blank.gif\" alt=\"02-09-2026_golpes_na_internet01-4\" title=\"02-09-2026_golpes_na_internet01-4\" data-src=\"https:\/\/www.apucarana.pr.gov.br\/site\/wp-content\/uploads\/2026\/09\/02-09-2026_golpes_na_internet01-4-1024x683.jpg\" \/>\n\t<a href=\"https:\/\/www.apucarana.pr.gov.br\/site\/acao-do-procon-de-apucarana-na-praca-rui-barbosa-reforca-alerta-sobre-golpes-digitais\/02-09-2026_golpes_na_internet01-4\/\" target=\"_self\"    >02-09-2026_golpes_na_internet01-4<\/a>\n\n\n\t<img decoding=\"async\" class=\"ms-thumb\" src=\"https:\/\/www.apucarana.pr.gov.br\/site\/wp-content\/uploads\/2026\/09\/02-09-2026_golpes_na_internet01-4-1024x683-140x80.jpg\" alt=\"02-09-2026_golpes_na_internet01-4\" \/>\n\t\t\t\t<\/div>\n\t\t\t<div  class=\"ms-slide\" data-delay=\"3\"    >\n\t\t\t\t\t<img decoding=\"async\" src=\"https:\/\/www.apucarana.pr.gov.br\/site\/wp-content\/plugins\/masterslider\/public\/assets\/css\/blank.gif\" alt=\"02-09-2026_golpes_na_internet01-10\" title=\"02-09-2026_golpes_na_internet01-10\" data-src=\"https:\/\/www.apucarana.pr.gov.br\/site\/wp-content\/uploads\/2026\/09\/02-09-2026_golpes_na_internet01-10-1024x705.jpg\" \/>\n\t<a href=\"https:\/\/www.apucarana.pr.gov.br\/site\/acao-do-procon-de-apucarana-na-praca-rui-barbosa-reforca-alerta-sobre-golpes-digitais\/02-09-2026_golpes_na_internet01-10\/\" target=\"_self\"    >02-09-2026_golpes_na_internet01-10<\/a>\n\n\n\t<img decoding=\"async\" class=\"ms-thumb\" src=\"https:\/\/www.apucarana.pr.gov.br\/site\/wp-content\/uploads\/2026\/09\/02-09-2026_golpes_na_internet01-10-1024x705-140x80.jpg\" alt=\"02-09-2026_golpes_na_internet01-10\" \/>\n\t\t\t\t<\/div>\n\t\t\t<div  class=\"ms-slide\" data-delay=\"3\"    >\n\t\t\t\t\t<img decoding=\"async\" src=\"https:\/\/www.apucarana.pr.gov.br\/site\/wp-content\/plugins\/masterslider\/public\/assets\/css\/blank.gif\" alt=\"02-09-2026_golpes_na_internet01-13\" title=\"02-09-2026_golpes_na_internet01-13\" data-src=\"https:\/\/www.apucarana.pr.gov.br\/site\/wp-content\/uploads\/2026\/09\/02-09-2026_golpes_na_internet01-13-1024x705.jpg\" \/>\n\t<a href=\"https:\/\/www.apucarana.pr.gov.br\/site\/acao-do-procon-de-apucarana-na-praca-rui-barbosa-reforca-alerta-sobre-golpes-digitais\/02-09-2026_golpes_na_internet01-13\/\" target=\"_self\"    >02-09-2026_golpes_na_internet01-13<\/a>\n\n\n\t<img decoding=\"async\" class=\"ms-thumb\" src=\"https:\/\/www.apucarana.pr.gov.br\/site\/wp-content\/uploads\/2026\/09\/02-09-2026_golpes_na_internet01-13-1024x705-140x80.jpg\" alt=\"02-09-2026_golpes_na_internet01-13\" \/>\n\t\t\t\t<\/div>\n\t\t\t<div  class=\"ms-slide\" data-delay=\"3\"    >\n\t\t\t\t\t<img decoding=\"async\" src=\"https:\/\/www.apucarana.pr.gov.br\/site\/wp-content\/plugins\/masterslider\/public\/assets\/css\/blank.gif\" alt=\"02-09-2026_golpes_na_internet01-15\" title=\"02-09-2026_golpes_na_internet01-15\" data-src=\"https:\/\/www.apucarana.pr.gov.br\/site\/wp-content\/uploads\/2026\/09\/02-09-2026_golpes_na_internet01-15-1024x705.jpg\" \/>\n\t<a href=\"https:\/\/www.apucarana.pr.gov.br\/site\/acao-do-procon-de-apucarana-na-praca-rui-barbosa-reforca-alerta-sobre-golpes-digitais\/02-09-2026_golpes_na_internet01-15\/\" target=\"_self\"    >02-09-2026_golpes_na_internet01-15<\/a>\n\n\n\t<img decoding=\"async\" class=\"ms-thumb\" src=\"https:\/\/www.apucarana.pr.gov.br\/site\/wp-content\/uploads\/2026\/09\/02-09-2026_golpes_na_internet01-15-1024x705-140x80.jpg\" alt=\"02-09-2026_golpes_na_internet01-15\" \/>\n\t\t\t\t<\/div>\n\n\t\t\t<\/div>\n\t\t\t<!-- END MasterSlider Main -->\n\n\t\t\t \n\t\t<\/div>\n\t\t<!-- END MasterSlider -->\n\n\t\t<script>\n\t\t( window.MSReady = window.MSReady || [] ).push( function( $ ) {\n\n\t\t\t\"use strict\";\n\t\t\tvar masterslider_d3b2 = new MasterSlider();\n\n\t\t\t\/\/ slider controls\n\t\t\tmasterslider_d3b2.control('arrows'     ,{ autohide:true, overVideo:true  });\n\t\t\tmasterslider_d3b2.control('thumblist'  ,{ autohide:false, overVideo:true, dir:'h', speed:17, inset:false, arrows:false, hover:false, customClass:'', align:'bottom',type:'thumbs', margin:2, width:140, height:80, space:2, fillMode:'fill'  });\n\t\t\t\/\/ slider setup\n\t\t\tmasterslider_d3b2.setup(\"MS6a98c6e88d3b2\", {\n\t\t\t\twidth           : 960,\n\t\t\t\theight          : 540,\n\t\t\t\tminHeight       : 0,\n\t\t\t\tspace           : 0,\n\t\t\t\tstart           : 1,\n\t\t\t\tgrabCursor      : true,\n\t\t\t\tswipe           : true,\n\t\t\t\tmouse           : true,\n\t\t\t\tkeyboard        : false,\n\t\t\t\tlayout          : \"fillwidth\",\n\t\t\t\twheel           : false,\n\t\t\t\tautoplay        : true,\n                instantStartLayers:false,\n\t\t\t\tmobileBGVideo:false,\n\t\t\t\tloop            : true,\n\t\t\t\tshuffle         : false,\n\t\t\t\tpreload         : 3,\n\t\t\t\theightLimit     : false,\n\t\t\t\tautoHeight      : false,\n\t\t\t\tsmoothHeight    : true,\n\t\t\t\tendPause        : false,\n\t\t\t\toverPause       : false,\n\t\t\t\tfillMode        : \"fill\",\n\t\t\t\tcenterControls  : true,\n\t\t\t\tstartOnAppear   : false,\n\t\t\t\tlayersMode      : \"center\",\n\t\t\t\tautofillTarget  : \"\",\n\t\t\t\thideLayers      : false,\n\t\t\t\tfullscreenMargin: 0,\n\t\t\t\tspeed           : 17,\n\t\t\t\tdir             : \"h\",\n\t\t\t\tresponsive      : true,\n\t\t\t\ttabletWidth     : 768,\n\t\t\t\ttabletHeight    : null,\n\t\t\t\tphoneWidth      : 480,\n\t\t\t\tphoneHeight    : null,\n\t\t\t\tsizingReference : window,\n\t\t\t\tparallaxMode    : 'swipe',\n\t\t\t\tview            : \"basic\"\n\t\t\t});\n\n\t\t\t\n\t\t\twindow.masterslider_instances = window.masterslider_instances || [];\n\t\t\twindow.masterslider_instances.push( masterslider_d3b2 );\n\t\t});\n\t\t<\/script>\n\n\n<p>Os golpes digitais est\u00e3o cada vez mais sofisticados e atingem pessoas de todas as idades. Para ampliar a preven\u00e7\u00e3o, o Procon de Apucarana realizou nesta quarta-feira (02\/09) uma a\u00e7\u00e3o de conscientiza\u00e7\u00e3o na Pra\u00e7a Rui Barbosa, distribuindo material informativo e orientando a popula\u00e7\u00e3o sobre as fraudes mais comuns. A campanha ser\u00e1 levada tamb\u00e9m a outros pontos da cidade ao longo dos pr\u00f3ximos meses.<\/p>\n<p>O prefeito Rodolfo Mota destaca que a preven\u00e7\u00e3o \u00e9 uma das formas de evitar preju\u00edzos financeiros e emocionais causados pelos golpistas. \u201cA campanha de alerta ser\u00e1 intensificada a partir deste m\u00eas e estendida aos bairros e ao com\u00e9rcio, especialmente com a aproxima\u00e7\u00e3o do per\u00edodo de maior movimenta\u00e7\u00e3o nas compras de fim de ano\u201d, pontuou.<\/p>\n<p>Os casos mais comuns s\u00e3o os da central banc\u00e1ria fraudulenta e do INSS, do golpe do falso advogado, da clonagem de WhatsApp e de sites enganosos que simulam lojas conhecidas. O Procon de Apucarana registra, em m\u00e9dia, de tr\u00eas a cinco atendimentos por semana relacionados a golpes digitais com preju\u00edzo financeiro. \u201cA pessoa deve registrar imediatamente um boletim de ocorr\u00eancia. Esse documento \u00e9 fundamental e, depois, procure o Procon para os demais procedimentos\u201d, orientou a diretora do \u00f3rg\u00e3o em Apucarana, Silvana Verona.<\/p>\n<p>De acordo com ela, os golpes deixaram de atingir apenas idosos e passaram a alcan\u00e7ar tamb\u00e9m adolescentes e jovens. Segundo ela, pesquisas recentes apontam o crescimento desse p\u00fablico entre as v\u00edtimas, demonstrando que ningu\u00e9m est\u00e1 imune. \u201c\u00c9 importante transformar o assunto em pauta dentro das fam\u00edlias, incentivando que amigos e parentes compartilhem informa\u00e7\u00f5es e alertas para evitar novos casos\u201d, solicitou.<\/p>\n<p><strong>CASOS MAIS COMUNS<\/strong> &#8211; Entre as fraudes mais frequentes atendidas pelo Procon est\u00e3o as falsas centrais de atendimento banc\u00e1rio e do INSS. Nesses casos, criminosos entram em contato alegando movimenta\u00e7\u00f5es suspeitas na conta e convencem a v\u00edtima a fornecer senhas e acessar o aplicativo banc\u00e1rio, permitindo a realiza\u00e7\u00e3o de transfer\u00eancias e at\u00e9 empr\u00e9stimos em nome do consumidor.<\/p>\n<p>Outro golpe que preocupa o Procon \u00e9 o do falso advogado. Os criminosos obt\u00eam informa\u00e7\u00f5es sobre processos judiciais e entram em contato com as v\u00edtimas dizendo que h\u00e1 valores a receber. Em seguida, pedem pagamentos para liberar o dinheiro. \u201cTamb\u00e9m cresceram os casos de lojas virtuais falsas, que copiam a apar\u00eancia de grandes plataformas de com\u00e9rcio eletr\u00f4nico para atrair consumidores com ofertas muito abaixo do pre\u00e7o de mercado\u201d, completou Verona.<\/p>\n<p>A clonagem de WhatsApp, caracterizada pelo envio de mensagens aos contatos pedindo dinheiro, tamb\u00e9m \u00e9 frequente. A recomenda\u00e7\u00e3o \u00e9 desconfiar de solicita\u00e7\u00f5es urgentes de valores, nunca compartilhar senhas ou c\u00f3digos de seguran\u00e7a, verificar a reputa\u00e7\u00e3o das empresas antes de comprar e confirmar informa\u00e7\u00f5es sempre pelos canais oficiais.<\/p>\n<p><strong>SERVI\u00c7O:<\/strong> Fale com o PROCON Apucarana pelo (43) 3308-1434 e WhatsApp (43) 99654-9126<\/p>\n<p>&nbsp;<\/p>\n<p>&nbsp;<\/p>\n","protected":false},"excerpt":{"rendered":"<p>Os golpes digitais est&atilde;o cada vez mais sofisticados e atingem pessoas de todas as idades. Para ampliar a preven&ccedil;&atilde;o, o Procon de Apucarana realizou nesta quarta-feira (02\/09) uma a&ccedil;&atilde;o de conscientiza&ccedil;&atilde;o na Pra&ccedil;a Rui Barbosa, distribuindo material informativo e orientando a popula&ccedil;&atilde;o sobre as fraudes mais comuns. A campanha ser&aacute; levada tamb&eacute;m a outros pontos [&hellip;]<\/p>\n","protected":false},"author":6,"featured_media":130949,"comment_status":"closed","ping_status":"closed","sticky":false,"template":"","format":"standard","meta":{"footnotes":""},"categories":[24],"tags":[],"class_list":["post-130945","post","type-post","status-publish","format-standard","has-post-thumbnail","hentry","category-noticias"],"acf":[],"_links":{"self":[{"href":"https:\/\/www.apucarana.pr.gov.br\/site\/wp-json\/wp\/v2\/posts\/130945","targetHints":{"allow":["GET"]}}],"collection":[{"href":"https:\/\/www.apucarana.pr.gov.br\/site\/wp-json\/wp\/v2\/posts"}],"about":[{"href":"https:\/\/www.apucarana.pr.gov.br\/site\/wp-json\/wp\/v2\/types\/post"}],"author":[{"embeddable":true,"href":"https:\/\/www.apucarana.pr.gov.br\/site\/wp-json\/wp\/v2\/users\/6"}],"replies":[{"embeddable":true,"href":"https:\/\/www.apucarana.pr.gov.br\/site\/wp-json\/wp\/v2\/comments?post=130945"}],"version-history":[{"count":3,"href":"https:\/\/www.apucarana.pr.gov.br\/site\/wp-json\/wp\/v2\/posts\/130945\/revisions"}],"predecessor-version":[{"id":130954,"href":"https:\/\/www.apucarana.pr.gov.br\/site\/wp-json\/wp\/v2\/posts\/130945\/revisions\/130954"}],"wp:featuredmedia":[{"embeddable":true,"href":"https:\/\/www.apucarana.pr.gov.br\/site\/wp-json\/wp\/v2\/media\/130949"}],"wp:attachment":[{"href":"https:\/\/www.apucarana.pr.gov.br\/site\/wp-json\/wp\/v2\/media?parent=130945"}],"wp:term":[{"taxonomy":"category","embeddable":true,"href":"https:\/\/www.apucarana.pr.gov.br\/site\/wp-json\/wp\/v2\/categories?post=130945"},{"taxonomy":"post_tag","embeddable":true,"href":"https:\/\/www.apucarana.pr.gov.br\/site\/wp-json\/wp\/v2\/tags?post=130945"}],"curies":[{"name":"wp","href":"https:\/\/api.w.org\/{rel}","templated":true}]}}