{"id":130935,"date":"2026-09-02T10:15:00","date_gmt":"2026-09-02T13:15:00","guid":{"rendered":"https:\/\/www.apucarana.pr.gov.br\/site\/?p=130935"},"modified":"2026-09-02T10:15:00","modified_gmt":"2026-09-02T13:15:00","slug":"defesa-civil-de-apucarana-reune-secretarias-e-orgaos-estrategicos-para-alinhar-protocolo-de-resposta-a-desastres-naturais","status":"publish","type":"post","link":"https:\/\/www.apucarana.pr.gov.br\/site\/defesa-civil-de-apucarana-reune-secretarias-e-orgaos-estrategicos-para-alinhar-protocolo-de-resposta-a-desastres-naturais\/","title":{"rendered":"Defesa Civil de Apucarana re\u00fane secretarias e \u00f3rg\u00e3os estrat\u00e9gicos para alinhar protocolo de resposta a desastres naturais"},"content":{"rendered":"\n\t\t<!-- MasterSlider -->\n\t\t<div id=\"P_MS6a98c6e8a91eb\" class=\"master-slider-parent master-slider-gallery   ms-parent-id-0\" style=\"\" >\n\n\t\t\t\n\t\t\t<!-- MasterSlider Main -->\n\t\t\t<div id=\"MS6a98c6e8a91eb\" class=\"master-slider ms-skin-default\" >\n\t\t\t\t \t\t\t\t \n\t\t\t<div  class=\"ms-slide\" data-delay=\"3\"    >\n\t\t\t\t\t<img decoding=\"async\" src=\"https:\/\/www.apucarana.pr.gov.br\/site\/wp-content\/plugins\/masterslider\/public\/assets\/css\/blank.gif\" alt=\"01\" title=\"01\" data-src=\"https:\/\/www.apucarana.pr.gov.br\/site\/wp-content\/uploads\/2026\/09\/01-1024x576.jpg\" \/>\n\t<a href=\"https:\/\/www.apucarana.pr.gov.br\/site\/wp-content\/uploads\/2026\/09\/01-1024x576.jpg\" target=\"_self\"    >01<\/a>\n\n\n\t<img decoding=\"async\" class=\"ms-thumb\" src=\"https:\/\/www.apucarana.pr.gov.br\/site\/wp-content\/uploads\/2026\/09\/01-1024x576-140x80.jpg\" alt=\"01\" \/>\n\t\t\t\t<\/div>\n\t\t\t<div  class=\"ms-slide\" data-delay=\"3\"    >\n\t\t\t\t\t<img decoding=\"async\" src=\"https:\/\/www.apucarana.pr.gov.br\/site\/wp-content\/plugins\/masterslider\/public\/assets\/css\/blank.gif\" alt=\"02\" title=\"02\" data-src=\"https:\/\/www.apucarana.pr.gov.br\/site\/wp-content\/uploads\/2026\/09\/02-1024x576.jpg\" \/>\n\t<a href=\"https:\/\/www.apucarana.pr.gov.br\/site\/wp-content\/uploads\/2026\/09\/02-1024x576.jpg\" target=\"_self\"    >02<\/a>\n\n\n\t<img decoding=\"async\" class=\"ms-thumb\" src=\"https:\/\/www.apucarana.pr.gov.br\/site\/wp-content\/uploads\/2026\/09\/02-1024x576-140x80.jpg\" alt=\"02\" \/>\n\t\t\t\t<\/div>\n\t\t\t<div  class=\"ms-slide\" data-delay=\"3\"    >\n\t\t\t\t\t<img decoding=\"async\" src=\"https:\/\/www.apucarana.pr.gov.br\/site\/wp-content\/plugins\/masterslider\/public\/assets\/css\/blank.gif\" alt=\"03\" title=\"03\" data-src=\"https:\/\/www.apucarana.pr.gov.br\/site\/wp-content\/uploads\/2026\/09\/03-1024x576.jpg\" \/>\n\t<a href=\"https:\/\/www.apucarana.pr.gov.br\/site\/wp-content\/uploads\/2026\/09\/03-1024x576.jpg\" target=\"_self\"    >03<\/a>\n\n\n\t<img decoding=\"async\" class=\"ms-thumb\" src=\"https:\/\/www.apucarana.pr.gov.br\/site\/wp-content\/uploads\/2026\/09\/03-1024x576-140x80.jpg\" alt=\"03\" \/>\n\t\t\t\t<\/div>\n\t\t\t<div  class=\"ms-slide\" data-delay=\"3\"    >\n\t\t\t\t\t<img decoding=\"async\" src=\"https:\/\/www.apucarana.pr.gov.br\/site\/wp-content\/plugins\/masterslider\/public\/assets\/css\/blank.gif\" alt=\"04\" title=\"04\" data-src=\"https:\/\/www.apucarana.pr.gov.br\/site\/wp-content\/uploads\/2026\/09\/04-1024x576.jpg\" \/>\n\t<a href=\"https:\/\/www.apucarana.pr.gov.br\/site\/wp-content\/uploads\/2026\/09\/04-1024x576.jpg\" target=\"_self\"    >04<\/a>\n\n\n\t<img decoding=\"async\" class=\"ms-thumb\" src=\"https:\/\/www.apucarana.pr.gov.br\/site\/wp-content\/uploads\/2026\/09\/04-1024x576-140x80.jpg\" alt=\"04\" \/>\n\t\t\t\t<\/div>\n\t\t\t<div  class=\"ms-slide\" data-delay=\"3\"    >\n\t\t\t\t\t<img decoding=\"async\" src=\"https:\/\/www.apucarana.pr.gov.br\/site\/wp-content\/plugins\/masterslider\/public\/assets\/css\/blank.gif\" alt=\"05\" title=\"05\" data-src=\"https:\/\/www.apucarana.pr.gov.br\/site\/wp-content\/uploads\/2026\/09\/05-1-1024x768.jpg\" \/>\n\t<a href=\"https:\/\/www.apucarana.pr.gov.br\/site\/wp-content\/uploads\/2026\/09\/05-1-1024x768.jpg\" target=\"_self\"    >05<\/a>\n\n\n\t<img decoding=\"async\" class=\"ms-thumb\" src=\"https:\/\/www.apucarana.pr.gov.br\/site\/wp-content\/uploads\/2026\/09\/05-1-1024x768-140x80.jpg\" alt=\"05\" \/>\n\t\t\t\t<\/div>\n\t\t\t<div  class=\"ms-slide\" data-delay=\"3\"    >\n\t\t\t\t\t<img decoding=\"async\" src=\"https:\/\/www.apucarana.pr.gov.br\/site\/wp-content\/plugins\/masterslider\/public\/assets\/css\/blank.gif\" alt=\"06\" title=\"06\" data-src=\"https:\/\/www.apucarana.pr.gov.br\/site\/wp-content\/uploads\/2026\/09\/06-1024x576.jpg\" \/>\n\t<a href=\"https:\/\/www.apucarana.pr.gov.br\/site\/wp-content\/uploads\/2026\/09\/06-1024x576.jpg\" target=\"_self\"    >06<\/a>\n\n\n\t<img decoding=\"async\" class=\"ms-thumb\" src=\"https:\/\/www.apucarana.pr.gov.br\/site\/wp-content\/uploads\/2026\/09\/06-1024x576-140x80.jpg\" alt=\"06\" \/>\n\t\t\t\t<\/div>\n\n\t\t\t<\/div>\n\t\t\t<!-- END MasterSlider Main -->\n\n\t\t\t \n\t\t<\/div>\n\t\t<!-- END MasterSlider -->\n\n\t\t<script>\n\t\t( window.MSReady = window.MSReady || [] ).push( function( $ ) {\n\n\t\t\t\"use strict\";\n\t\t\tvar masterslider_91eb = new MasterSlider();\n\n\t\t\t\/\/ slider controls\n\t\t\tmasterslider_91eb.control('arrows'     ,{ autohide:true, overVideo:true  });\n\t\t\tmasterslider_91eb.control('thumblist'  ,{ autohide:false, overVideo:true, dir:'h', speed:17, inset:false, arrows:false, hover:false, customClass:'', align:'bottom',type:'thumbs', margin:2, width:140, height:80, space:2, fillMode:'fill'  });\n\t\t\t\/\/ slider setup\n\t\t\tmasterslider_91eb.setup(\"MS6a98c6e8a91eb\", {\n\t\t\t\twidth           : 960,\n\t\t\t\theight          : 540,\n\t\t\t\tminHeight       : 0,\n\t\t\t\tspace           : 0,\n\t\t\t\tstart           : 1,\n\t\t\t\tgrabCursor      : true,\n\t\t\t\tswipe           : true,\n\t\t\t\tmouse           : true,\n\t\t\t\tkeyboard        : false,\n\t\t\t\tlayout          : \"fillwidth\",\n\t\t\t\twheel           : false,\n\t\t\t\tautoplay        : false,\n                instantStartLayers:false,\n\t\t\t\tmobileBGVideo:false,\n\t\t\t\tloop            : false,\n\t\t\t\tshuffle         : false,\n\t\t\t\tpreload         : 3,\n\t\t\t\theightLimit     : false,\n\t\t\t\tautoHeight      : false,\n\t\t\t\tsmoothHeight    : true,\n\t\t\t\tendPause        : false,\n\t\t\t\toverPause       : false,\n\t\t\t\tfillMode        : \"fill\",\n\t\t\t\tcenterControls  : true,\n\t\t\t\tstartOnAppear   : false,\n\t\t\t\tlayersMode      : \"center\",\n\t\t\t\tautofillTarget  : \"\",\n\t\t\t\thideLayers      : false,\n\t\t\t\tfullscreenMargin: 0,\n\t\t\t\tspeed           : 17,\n\t\t\t\tdir             : \"h\",\n\t\t\t\tresponsive      : true,\n\t\t\t\ttabletWidth     : 768,\n\t\t\t\ttabletHeight    : null,\n\t\t\t\tphoneWidth      : 480,\n\t\t\t\tphoneHeight    : null,\n\t\t\t\tsizingReference : window,\n\t\t\t\tparallaxMode    : 'swipe',\n\t\t\t\tview            : \"basic\"\n\t\t\t});\n\n\t\t\t\n\t\t\twindow.masterslider_instances = window.masterslider_instances || [];\n\t\t\twindow.masterslider_instances.push( masterslider_91eb );\n\t\t});\n\t\t<\/script>\n\n\n<p><span style=\"font-weight: 400;\">A Defesa Civil de Apucarana promoveu uma reuni\u00e3o de alinhamento com representantes das secretarias municipais, for\u00e7as de seguran\u00e7a, \u00f3rg\u00e3os estaduais e concession\u00e1rias de servi\u00e7os essenciais para fortalecer o protocolo de atua\u00e7\u00e3o conjunta em situa\u00e7\u00f5es de desastres naturais. O encontro foi conduzido pelo coordenador da Defesa Civil de Apucarana, Rodrigo Gearola Leme, e teve como foco a organiza\u00e7\u00e3o da for\u00e7a-tarefa que ser\u00e1 acionada sempre que o munic\u00edpio enfrentar ocorr\u00eancias provocadas por eventos clim\u00e1ticos, independentemente da sua dimens\u00e3o.<\/span><\/p>\n<p><span style=\"font-weight: 400;\">A iniciativa busca garantir que todos os \u00f3rg\u00e3os envolvidos conhe\u00e7am previamente suas atribui\u00e7\u00f5es, os canais de comunica\u00e7\u00e3o e o fluxo de atendimento, proporcionando uma resposta mais r\u00e1pida, coordenada e eficiente \u00e0 popula\u00e7\u00e3o.<\/span><\/p>\n<p><span style=\"font-weight: 400;\">Durante o encontro, foram discutidos os protocolos de acionamento, a divis\u00e3o de responsabilidades entre os \u00f3rg\u00e3os, os procedimentos de comunica\u00e7\u00e3o e a log\u00edstica de atendimento em situa\u00e7\u00f5es como vendavais, chuvas intensas, alagamentos, quedas de \u00e1rvores, interrup\u00e7\u00e3o no fornecimento de energia, deslizamentos e outras ocorr\u00eancias relacionadas a eventos naturais.<\/span><\/p>\n<p><span style=\"font-weight: 400;\">O coordenador da Defesa Civil, Rodrigo Gearola Leme, destacou que o principal objetivo \u00e9 garantir que todos os integrantes da for\u00e7a-tarefa atuem de forma sincronizada.<\/span><\/p>\n<p><span style=\"font-weight: 400;\">\u201cQuando acontece uma ocorr\u00eancia, o tempo de resposta faz toda a diferen\u00e7a. Por isso, estamos reunindo todos os atores envolvidos para que cada \u00f3rg\u00e3o saiba exatamente qual \u00e9 o seu papel, como ser\u00e1 o acionamento e de que forma vamos trabalhar de maneira integrada para proteger a popula\u00e7\u00e3o de Apucarana.\u201d<\/span><\/p>\n<p><span style=\"font-weight: 400;\">A reuni\u00e3o tamb\u00e9m refor\u00e7ou a import\u00e2ncia da integra\u00e7\u00e3o permanente entre os \u00f3rg\u00e3os municipais e estaduais, permitindo que as decis\u00f5es sejam tomadas de forma \u00e1gil e que os recursos necess\u00e1rios sejam mobilizados com rapidez sempre que houver necessidade.<\/span><\/p>\n<p><span style=\"font-weight: 400;\">Participaram da reuni\u00e3o o secret\u00e1rio municipal de Esportes, <\/span><b>Bruno Marchi<\/b><span style=\"font-weight: 400;\">; o secret\u00e1rio de Servi\u00e7os P\u00fablicos, <\/span><b>Wendel Metta<\/b><span style=\"font-weight: 400;\">; o secret\u00e1rio da Seguran\u00e7a, Transporte, Tr\u00e2nsito, Mobilidade Urbana e Defesa Civil (Segtran), <\/span><b>Almir A. Freitas<\/b><span style=\"font-weight: 400;\">; a secret\u00e1ria municipal de Assist\u00eancia Social, <\/span><b>Fabiola Carrero<\/b><span style=\"font-weight: 400;\">; o secret\u00e1rio municipal de Meio Ambiente, <\/span><b>Leandro Pires<\/b><span style=\"font-weight: 400;\">; o secret\u00e1rio do Ideplan, <\/span><b>Nilton Fornaciari<\/b><span style=\"font-weight: 400;\">; o engenheiro da Secretaria Municipal de Obras, <\/span><b>Wilson de Macedo<\/b><span style=\"font-weight: 400;\">; o superintendente de Comunica\u00e7\u00e3o, <\/span><b>Luciano Ross<\/b><span style=\"font-weight: 400;\">; o diretor da Defesa Civil, <\/span><b>Alexandre Fagundes<\/b><span style=\"font-weight: 400;\">; o analista de neg\u00f3cios da Copel, <\/span><b>Walter Princ<\/b><span style=\"font-weight: 400;\">; o comandante do Corpo de Bombeiros de Apucarana, <\/span><b>Rog\u00e9rio Moreto<\/b><span style=\"font-weight: 400;\">; o coordenador regional de Prote\u00e7\u00e3o e Defesa Civil (Corpdec), <\/span><b>subtenente Vanderlei Sim\u00e3o de Souza<\/b><span style=\"font-weight: 400;\">; e <\/span><b>Felipe Augusto<\/b><span style=\"font-weight: 400;\">, representando o Departamento Municipal de Tr\u00e2nsito.\u00a0<\/span><\/p>\n<p>&nbsp;<\/p>\n<p><span style=\"font-weight: 400;\">A Defesa Civil de Apucarana mant\u00e9m um plano de resposta cont\u00ednuo para situa\u00e7\u00f5es de emerg\u00eancia e segue realizando a\u00e7\u00f5es preventivas, monitoramento das condi\u00e7\u00f5es clim\u00e1ticas e capacita\u00e7\u00e3o das equipes, fortalecendo a prepara\u00e7\u00e3o do munic\u00edpio diante de eventos extremos.<\/span><\/p>\n<p><span style=\"font-weight: 400;\">Em caso de emerg\u00eancia, a popula\u00e7\u00e3o pode acionar a Defesa Civil pelo telefone 153 ou o Corpo de Bombeiros pelo 193.<\/span><\/p>\n","protected":false},"excerpt":{"rendered":"<p>A Defesa Civil de Apucarana promoveu uma reuni&atilde;o de alinhamento com representantes das secretarias municipais, for&ccedil;as de seguran&ccedil;a, &oacute;rg&atilde;os estaduais e concession&aacute;rias de servi&ccedil;os essenciais para fortalecer o protocolo de atua&ccedil;&atilde;o conjunta em situa&ccedil;&otilde;es de desastres naturais. O encontro foi conduzido pelo coordenador da Defesa Civil de Apucarana, Rodrigo Gearola Leme, e teve como foco [&hellip;]<\/p>\n","protected":false},"author":18,"featured_media":130937,"comment_status":"closed","ping_status":"closed","sticky":false,"template":"","format":"standard","meta":{"footnotes":""},"categories":[24],"tags":[],"class_list":["post-130935","post","type-post","status-publish","format-standard","has-post-thumbnail","hentry","category-noticias"],"acf":[],"_links":{"self":[{"href":"https:\/\/www.apucarana.pr.gov.br\/site\/wp-json\/wp\/v2\/posts\/130935","targetHints":{"allow":["GET"]}}],"collection":[{"href":"https:\/\/www.apucarana.pr.gov.br\/site\/wp-json\/wp\/v2\/posts"}],"about":[{"href":"https:\/\/www.apucarana.pr.gov.br\/site\/wp-json\/wp\/v2\/types\/post"}],"author":[{"embeddable":true,"href":"https:\/\/www.apucarana.pr.gov.br\/site\/wp-json\/wp\/v2\/users\/18"}],"replies":[{"embeddable":true,"href":"https:\/\/www.apucarana.pr.gov.br\/site\/wp-json\/wp\/v2\/comments?post=130935"}],"version-history":[{"count":2,"href":"https:\/\/www.apucarana.pr.gov.br\/site\/wp-json\/wp\/v2\/posts\/130935\/revisions"}],"predecessor-version":[{"id":130944,"href":"https:\/\/www.apucarana.pr.gov.br\/site\/wp-json\/wp\/v2\/posts\/130935\/revisions\/130944"}],"wp:featuredmedia":[{"embeddable":true,"href":"https:\/\/www.apucarana.pr.gov.br\/site\/wp-json\/wp\/v2\/media\/130937"}],"wp:attachment":[{"href":"https:\/\/www.apucarana.pr.gov.br\/site\/wp-json\/wp\/v2\/media?parent=130935"}],"wp:term":[{"taxonomy":"category","embeddable":true,"href":"https:\/\/www.apucarana.pr.gov.br\/site\/wp-json\/wp\/v2\/categories?post=130935"},{"taxonomy":"post_tag","embeddable":true,"href":"https:\/\/www.apucarana.pr.gov.br\/site\/wp-json\/wp\/v2\/tags?post=130935"}],"curies":[{"name":"wp","href":"https:\/\/api.w.org\/{rel}","templated":true}]}}