{"id":130878,"date":"2026-09-01T10:44:30","date_gmt":"2026-09-01T13:44:30","guid":{"rendered":"https:\/\/www.apucarana.pr.gov.br\/site\/?p=130878"},"modified":"2026-09-01T11:58:02","modified_gmt":"2026-09-01T14:58:02","slug":"prefeitura-de-apucarana-e-pastoral-do-meio-ambiente-distribuem-mudas-de-arvores-gratuitas-a-populacao","status":"publish","type":"post","link":"https:\/\/www.apucarana.pr.gov.br\/site\/prefeitura-de-apucarana-e-pastoral-do-meio-ambiente-distribuem-mudas-de-arvores-gratuitas-a-populacao\/","title":{"rendered":"Prefeitura de Apucarana e Pastoral do Meio Ambiente v\u00e3o distribuir mudas de \u00e1rvores gratuitas \u00e0 popula\u00e7\u00e3o"},"content":{"rendered":"<p>A Prefeitura de Apucarana, por meio da Secretaria Municipal de Meio Ambiente, em parceria com a Pastoral do Meio Ambiente da Diocese de Apucarana, realizar\u00e1 no dia 19 de setembro, s\u00e1bado, a distribui\u00e7\u00e3o gratuita de mudas de \u00e1rvores frut\u00edferas e ornamentais nas par\u00f3quias Nossa Senhora de F\u00e1tima, Nossa Senhora Aparecida e Nossa Senhora do Perp\u00e9tuo Socorro. A iniciativa busca ampliar a arboriza\u00e7\u00e3o do munic\u00edpio e incentivar a popula\u00e7\u00e3o a contribuir para uma cidade mais verde, sustent\u00e1vel e agrad\u00e1vel.<\/p>\n<p>Os interessados em receber as mudas devem preencher, at\u00e9 o dia 14 de setembro, o cadastro dispon\u00edvel no formul\u00e1rio eletr\u00f4nico: <a href=\"https:\/\/forms.gle\/smJxoMhRxVx2sVTz8\">https:\/\/forms.gle\/smJxoMhRxVx2sVTz8<\/a>. Cada pessoa poder\u00e1 solicitar at\u00e9 duas mudas.<\/p>\n<p>No momento do cadastro, o cidad\u00e3o dever\u00e1 escolher as esp\u00e9cies que deseja receber. Entre as op\u00e7\u00f5es est\u00e3o Palmeira Leque, Ara\u00e7\u00e1 Roxo, Ara\u00e7\u00e1 Amarelo, Resed\u00e1, Escova de Garrafa, Cerejeira, Pitanga, Uvaia, Quaresmeira, N\u00easpera, Gabiroba, Cereja do Rio Grande, Oiti, Ip\u00ea Branco, Ip\u00ea Roxo, Ip\u00ea Amarelo e Palmeira Real.<\/p>\n<p>O secret\u00e1rio municipal de Meio Ambiente, Leandro Gustavo Pires, destaca que a a\u00e7\u00e3o integra o trabalho de refor\u00e7o da arboriza\u00e7\u00e3o urbana desenvolvido pela administra\u00e7\u00e3o municipal por meio do programa Apucarana Mais Verde e Sustent\u00e1vel. \u201cN\u00f3s contratamos uma empresa terceirizada que est\u00e1 realizando o plantio de \u00e1rvores nos parques, pra\u00e7as, unidades educacionais e em diversas ruas. A previs\u00e3o \u00e9 plantarmos 4 mil \u00e1rvores at\u00e9 o final do ano, levando mais sombra, beleza e qualidade de vida para a popula\u00e7\u00e3o. Al\u00e9m disso, a secretaria distribui mudas para os cidad\u00e3os que desejam plantar em ch\u00e1caras, quintais ou em frente \u00e0s suas casas. Cada pessoa tem direito a at\u00e9 duas mudas\u201d, explicou.<\/p>\n<p>Leandro tamb\u00e9m orienta os moradores a observarem se o porte da esp\u00e9cie escolhida \u00e9 adequado para o local de plantio. \u201cAlgumas esp\u00e9cies t\u00eam porte m\u00e9dio e podem ser plantadas nas cal\u00e7adas, embaixo da rede el\u00e9trica. Outras, por atingirem uma altura maior, s\u00e3o recomendadas apenas para quintais e ch\u00e1caras\u201d, acrescentou o secret\u00e1rio.<\/p>\n<p>As mudas poder\u00e3o ser retiradas no dia 19 de setembro, das 9 \u00e0s 14 horas, nas par\u00f3quias Nossa Senhora de F\u00e1tima (N\u00facleo Jo\u00e3o Paulo), Nossa Senhora Aparecida (Jardim S\u00e3o Pedro) e Nossa Senhora do Perp\u00e9tuo Socorro (Jardim Trabalhista).<\/p>\n<p><strong>Orienta\u00e7\u00f5es para o plantio nas cal\u00e7adas<\/strong><br \/>\nPara garantir o desenvolvimento adequado das \u00e1rvores e preservar a circula\u00e7\u00e3o e a seguran\u00e7a de pedestres, cadeirantes e demais usu\u00e1rios das cal\u00e7adas, o plantio em \u00e1reas p\u00fablicas deve respeitar alguns crit\u00e9rios. A muda deve ficar 50 cent\u00edmetros afastada da guia do meio-fio, mantendo um recuo m\u00ednimo de 1,5 metro para a passagem de pedestres e cadeirantes at\u00e9 o muro.<\/p>\n<p>O local escolhido tamb\u00e9m deve estar a, pelo menos, cinco metros de esquinas e bocas de lobo e tr\u00eas metros de postes. O plantio deve ser realizado somente em cal\u00e7adas com mais de 2,5 metros de largura.<\/p>\n<p>A Secretaria Municipal de Meio Ambiente refor\u00e7a ainda que, em locais sob a rede el\u00e9trica, devem ser escolhidas exclusivamente esp\u00e9cies de pequeno e m\u00e9dio porte, evitando conflitos com a fia\u00e7\u00e3o e contribuindo para uma arboriza\u00e7\u00e3o urbana segura e adequada.<\/p>\n","protected":false},"excerpt":{"rendered":"<p>A Prefeitura de Apucarana, por meio da Secretaria Municipal de Meio Ambiente, em parceria com a Pastoral do Meio Ambiente da Diocese de Apucarana, realizar&aacute; no dia 19 de setembro, s&aacute;bado, a distribui&ccedil;&atilde;o gratuita de mudas de &aacute;rvores frut&iacute;feras e ornamentais nas par&oacute;quias Nossa Senhora de F&aacute;tima, Nossa Senhora Aparecida e Nossa Senhora do Perp&eacute;tuo [&hellip;]<\/p>\n","protected":false},"author":8,"featured_media":130879,"comment_status":"closed","ping_status":"closed","sticky":false,"template":"","format":"standard","meta":{"footnotes":""},"categories":[24],"tags":[],"class_list":["post-130878","post","type-post","status-publish","format-standard","has-post-thumbnail","hentry","category-noticias"],"acf":[],"_links":{"self":[{"href":"https:\/\/www.apucarana.pr.gov.br\/site\/wp-json\/wp\/v2\/posts\/130878","targetHints":{"allow":["GET"]}}],"collection":[{"href":"https:\/\/www.apucarana.pr.gov.br\/site\/wp-json\/wp\/v2\/posts"}],"about":[{"href":"https:\/\/www.apucarana.pr.gov.br\/site\/wp-json\/wp\/v2\/types\/post"}],"author":[{"embeddable":true,"href":"https:\/\/www.apucarana.pr.gov.br\/site\/wp-json\/wp\/v2\/users\/8"}],"replies":[{"embeddable":true,"href":"https:\/\/www.apucarana.pr.gov.br\/site\/wp-json\/wp\/v2\/comments?post=130878"}],"version-history":[{"count":2,"href":"https:\/\/www.apucarana.pr.gov.br\/site\/wp-json\/wp\/v2\/posts\/130878\/revisions"}],"predecessor-version":[{"id":130885,"href":"https:\/\/www.apucarana.pr.gov.br\/site\/wp-json\/wp\/v2\/posts\/130878\/revisions\/130885"}],"wp:featuredmedia":[{"embeddable":true,"href":"https:\/\/www.apucarana.pr.gov.br\/site\/wp-json\/wp\/v2\/media\/130879"}],"wp:attachment":[{"href":"https:\/\/www.apucarana.pr.gov.br\/site\/wp-json\/wp\/v2\/media?parent=130878"}],"wp:term":[{"taxonomy":"category","embeddable":true,"href":"https:\/\/www.apucarana.pr.gov.br\/site\/wp-json\/wp\/v2\/categories?post=130878"},{"taxonomy":"post_tag","embeddable":true,"href":"https:\/\/www.apucarana.pr.gov.br\/site\/wp-json\/wp\/v2\/tags?post=130878"}],"curies":[{"name":"wp","href":"https:\/\/api.w.org\/{rel}","templated":true}]}}