{"id":130860,"date":"2026-08-31T17:09:54","date_gmt":"2026-08-31T20:09:54","guid":{"rendered":"https:\/\/www.apucarana.pr.gov.br\/site\/?p=130860"},"modified":"2026-08-31T17:09:54","modified_gmt":"2026-08-31T20:09:54","slug":"servidores-da-saude-recebem-formacao-sobre-fluxo-de-atendimento-do-centro-de-atendimento-a-mulher","status":"publish","type":"post","link":"https:\/\/www.apucarana.pr.gov.br\/site\/servidores-da-saude-recebem-formacao-sobre-fluxo-de-atendimento-do-centro-de-atendimento-a-mulher\/","title":{"rendered":"Servidores da Sa\u00fade recebem forma\u00e7\u00e3o sobre fluxo de atendimento do Centro de Atendimento \u00e0 Mulher"},"content":{"rendered":"\n\t\t<!-- MasterSlider -->\n\t\t<div id=\"P_MS6a964f61eb6c9\" class=\"master-slider-parent master-slider-gallery   ms-parent-id-0\" style=\"\" >\n\n\t\t\t\n\t\t\t<!-- MasterSlider Main -->\n\t\t\t<div id=\"MS6a964f61eb6c9\" class=\"master-slider ms-skin-default\" >\n\t\t\t\t \t\t\t\t \n\t\t\t<div  class=\"ms-slide\" data-delay=\"3\"    >\n\t\t\t\t\t<img decoding=\"async\" src=\"https:\/\/www.apucarana.pr.gov.br\/site\/wp-content\/plugins\/masterslider\/public\/assets\/css\/blank.gif\" alt=\"cam\" title=\"cam\" data-src=\"https:\/\/www.apucarana.pr.gov.br\/site\/wp-content\/uploads\/2026\/08\/cam-1024x576.jpeg\" \/>\n\t<a href=\"https:\/\/www.apucarana.pr.gov.br\/site\/wp-content\/uploads\/2026\/08\/cam-1024x576.jpeg\" target=\"_self\"    >cam<\/a>\n\n\t\t\t\t\t<div class=\"ms-info\">cam<\/div>\n\n\n\t<img decoding=\"async\" class=\"ms-thumb\" src=\"https:\/\/www.apucarana.pr.gov.br\/site\/wp-content\/uploads\/2026\/08\/cam-1024x576-140x80.jpeg\" alt=\"cam\" \/>\n\t\t\t\t<\/div>\n\n\t\t\t<\/div>\n\t\t\t<!-- END MasterSlider Main -->\n\n\t\t\t \n\t\t<\/div>\n\t\t<!-- END MasterSlider -->\n\n\t\t<script>\n\t\t( window.MSReady = window.MSReady || [] ).push( function( $ ) {\n\n\t\t\t\"use strict\";\n\t\t\tvar masterslider_b6c9 = new MasterSlider();\n\n\t\t\t\/\/ slider controls\n\t\t\tmasterslider_b6c9.control('arrows'     ,{ autohide:true, overVideo:true  });\n\t\t\tmasterslider_b6c9.control('thumblist'  ,{ autohide:false, overVideo:true, dir:'h', speed:17, inset:false, arrows:false, hover:false, customClass:'', align:'bottom',type:'thumbs', margin:2, width:140, height:80, space:2, fillMode:'fill'  });\n\t\t\tmasterslider_b6c9.control('slideinfo'  ,{ autohide:true, overVideo:true, dir:'h', align:'bottom',inset:true , margin:80  , size:30 });\n\t\t\t\/\/ slider setup\n\t\t\tmasterslider_b6c9.setup(\"MS6a964f61eb6c9\", {\n\t\t\t\twidth           : 960,\n\t\t\t\theight          : 540,\n\t\t\t\tminHeight       : 0,\n\t\t\t\tspace           : 0,\n\t\t\t\tstart           : 1,\n\t\t\t\tgrabCursor      : true,\n\t\t\t\tswipe           : true,\n\t\t\t\tmouse           : true,\n\t\t\t\tkeyboard        : false,\n\t\t\t\tlayout          : \"fillwidth\",\n\t\t\t\twheel           : false,\n\t\t\t\tautoplay        : true,\n                instantStartLayers:false,\n\t\t\t\tmobileBGVideo:false,\n\t\t\t\tloop            : true,\n\t\t\t\tshuffle         : false,\n\t\t\t\tpreload         : 3,\n\t\t\t\theightLimit     : false,\n\t\t\t\tautoHeight      : false,\n\t\t\t\tsmoothHeight    : true,\n\t\t\t\tendPause        : false,\n\t\t\t\toverPause       : false,\n\t\t\t\tfillMode        : \"fill\",\n\t\t\t\tcenterControls  : true,\n\t\t\t\tstartOnAppear   : false,\n\t\t\t\tlayersMode      : \"center\",\n\t\t\t\tautofillTarget  : \"\",\n\t\t\t\thideLayers      : false,\n\t\t\t\tfullscreenMargin: 0,\n\t\t\t\tspeed           : 17,\n\t\t\t\tdir             : \"h\",\n\t\t\t\tresponsive      : true,\n\t\t\t\ttabletWidth     : 768,\n\t\t\t\ttabletHeight    : null,\n\t\t\t\tphoneWidth      : 480,\n\t\t\t\tphoneHeight    : null,\n\t\t\t\tsizingReference : window,\n\t\t\t\tparallaxMode    : 'swipe',\n\t\t\t\tview            : \"basic\"\n\t\t\t});\n\n\t\t\t\n\t\t\twindow.masterslider_instances = window.masterslider_instances || [];\n\t\t\twindow.masterslider_instances.push( masterslider_b6c9 );\n\t\t});\n\t\t<\/script>\n\n\n<p>Durante o Agosto Lil\u00e1s, campanha nacional de conscientiza\u00e7\u00e3o e enfrentamento \u00e0 viol\u00eancia dom\u00e9stica e familiar contra a mulher, servidores da Autarquia Municipal de Sa\u00fade da Prefeitura de Apucarana (AMS) participaram de dois encontros de forma\u00e7\u00e3o continuada sobre os protocolos e o fluxo de atendimento do Centro de Atendimento \u00e0 Mulher (CAM). A capacita\u00e7\u00e3o foi organizada pela Divis\u00e3o de Educa\u00e7\u00e3o Permanente e conduzida por profissionais da Secretaria Municipal da Mulher e Assuntos da Fam\u00edlia (Semaf), com o objetivo de preparar as equipes para identificar situa\u00e7\u00f5es de viol\u00eancia e realizar os encaminhamentos adequados dentro da rede de prote\u00e7\u00e3o.<\/p>\n<p>Um dos principais temas abordados nos encontros foi a forma de acolher a mulher que procura ajuda. \u201cAo buscar a quebra do ciclo de viol\u00eancia, a v\u00edtima chega fragilizada, por isso \u00e9 fundamental que o atendimento seja o mais cuidadoso poss\u00edvel. \u00c9 um momento delicado, que exige escuta qualificada, acolhimento e respeito \u00e0 hist\u00f3ria de cada pessoa. Por isso, parabenizo todas as equipes envolvidas nesta capacita\u00e7\u00e3o, que contribui para um atendimento de qualidade\u201d, afirma o prefeito Rodolfo Mota. Ele destaca que o CAM \u00e9 gerido pela Secretaria Municipal da Mulher e Assuntos da Fam\u00edlia, que tem \u00e0 frente a primeira-dama Karine Mota.<\/p>\n<p>O secret\u00e1rio municipal de Sa\u00fade, m\u00e9dico Guilherme de Paula, explica que a equipe do CAM apresentou aos profissionais o trabalho desenvolvido pelo servi\u00e7o, os caminhos para encaminhamento e os protocolos que devem ser observados em cada situa\u00e7\u00e3o. \u201cFortalecer a rede de prote\u00e7\u00e3o come\u00e7a por dentro das equipes. Quando cada profissional compreende seu papel dentro do fluxo, a mulher que busca ajuda encontra um caminho mais seguro, humano e resolutivo\u201d, assinala.<\/p>\n<p>A forma\u00e7\u00e3o tamb\u00e9m refor\u00e7ou a import\u00e2ncia da integra\u00e7\u00e3o entre os diferentes servi\u00e7os p\u00fablicos que podem participar do atendimento \u00e0s mulheres em situa\u00e7\u00e3o de viol\u00eancia. A proposta \u00e9 fazer com que os profissionais da sa\u00fade saibam reconhecer essas situa\u00e7\u00f5es, acolher a v\u00edtima de forma adequada e direcion\u00e1-la ao servi\u00e7o respons\u00e1vel, evitando encaminhamentos incorretos ou a repeti\u00e7\u00e3o desnecess\u00e1ria do relato de viol\u00eancia.<\/p>\n<p>Com a capacita\u00e7\u00e3o, a Prefeitura busca qualificar a atua\u00e7\u00e3o das equipes da sa\u00fade e tornar mais \u00e1gil e humanizado o acesso das mulheres \u00e0 rede municipal de prote\u00e7\u00e3o. O Centro de Atendimento \u00e0 Mulher oferece atendimento especializado e integra as a\u00e7\u00f5es desenvolvidas pelo munic\u00edpio para o enfrentamento \u00e0 viol\u00eancia dom\u00e9stica e familiar.<\/p>\n<p>Com a capacita\u00e7\u00e3o, a Prefeitura busca qualificar a atua\u00e7\u00e3o das equipes da sa\u00fade e tornar mais \u00e1gil e humanizado o acesso das mulheres \u00e0 rede municipal de prote\u00e7\u00e3o. O Centro de Atendimento \u00e0 Mulher oferece atendimento especializado e integra as a\u00e7\u00f5es desenvolvidas pelo munic\u00edpio para o enfrentamento \u00e0 viol\u00eancia dom\u00e9stica e familiar.<\/p>\n","protected":false},"excerpt":{"rendered":"<p>Durante o Agosto Lil&aacute;s, campanha nacional de conscientiza&ccedil;&atilde;o e enfrentamento &agrave; viol&ecirc;ncia dom&eacute;stica e familiar contra a mulher, servidores da Autarquia Municipal de Sa&uacute;de da Prefeitura de Apucarana (AMS) participaram de dois encontros de forma&ccedil;&atilde;o continuada sobre os protocolos e o fluxo de atendimento do Centro de Atendimento &agrave; Mulher (CAM). A capacita&ccedil;&atilde;o foi organizada [&hellip;]<\/p>\n","protected":false},"author":7,"featured_media":130862,"comment_status":"closed","ping_status":"closed","sticky":false,"template":"","format":"standard","meta":{"footnotes":""},"categories":[24],"tags":[],"class_list":["post-130860","post","type-post","status-publish","format-standard","has-post-thumbnail","hentry","category-noticias"],"acf":[],"_links":{"self":[{"href":"https:\/\/www.apucarana.pr.gov.br\/site\/wp-json\/wp\/v2\/posts\/130860","targetHints":{"allow":["GET"]}}],"collection":[{"href":"https:\/\/www.apucarana.pr.gov.br\/site\/wp-json\/wp\/v2\/posts"}],"about":[{"href":"https:\/\/www.apucarana.pr.gov.br\/site\/wp-json\/wp\/v2\/types\/post"}],"author":[{"embeddable":true,"href":"https:\/\/www.apucarana.pr.gov.br\/site\/wp-json\/wp\/v2\/users\/7"}],"replies":[{"embeddable":true,"href":"https:\/\/www.apucarana.pr.gov.br\/site\/wp-json\/wp\/v2\/comments?post=130860"}],"version-history":[{"count":1,"href":"https:\/\/www.apucarana.pr.gov.br\/site\/wp-json\/wp\/v2\/posts\/130860\/revisions"}],"predecessor-version":[{"id":130863,"href":"https:\/\/www.apucarana.pr.gov.br\/site\/wp-json\/wp\/v2\/posts\/130860\/revisions\/130863"}],"wp:featuredmedia":[{"embeddable":true,"href":"https:\/\/www.apucarana.pr.gov.br\/site\/wp-json\/wp\/v2\/media\/130862"}],"wp:attachment":[{"href":"https:\/\/www.apucarana.pr.gov.br\/site\/wp-json\/wp\/v2\/media?parent=130860"}],"wp:term":[{"taxonomy":"category","embeddable":true,"href":"https:\/\/www.apucarana.pr.gov.br\/site\/wp-json\/wp\/v2\/categories?post=130860"},{"taxonomy":"post_tag","embeddable":true,"href":"https:\/\/www.apucarana.pr.gov.br\/site\/wp-json\/wp\/v2\/tags?post=130860"}],"curies":[{"name":"wp","href":"https:\/\/api.w.org\/{rel}","templated":true}]}}