{"id":130838,"date":"2026-08-31T15:57:36","date_gmt":"2026-08-31T18:57:36","guid":{"rendered":"https:\/\/www.apucarana.pr.gov.br\/site\/?p=130838"},"modified":"2026-08-31T15:57:36","modified_gmt":"2026-08-31T18:57:36","slug":"3a-etapa-do-circuito-de-corridas-de-rua-foi-marcada-por-animacao-alegria-e-presenca-das-familias","status":"publish","type":"post","link":"https:\/\/www.apucarana.pr.gov.br\/site\/3a-etapa-do-circuito-de-corridas-de-rua-foi-marcada-por-animacao-alegria-e-presenca-das-familias\/","title":{"rendered":"3\u00aa etapa do Circuito de Corridas de Rua foi marcada por anima\u00e7\u00e3o, alegria e presen\u00e7a das fam\u00edlias"},"content":{"rendered":"\n\t\t<!-- MasterSlider -->\n\t\t<div id=\"P_MS6a964ff2a930a\" class=\"master-slider-parent master-slider-gallery   ms-parent-id-0\" style=\"\" >\n\n\t\t\t\n\t\t\t<!-- MasterSlider Main -->\n\t\t\t<div id=\"MS6a964ff2a930a\" class=\"master-slider ms-skin-default\" >\n\t\t\t\t \t\t\t\t \n\t\t\t<div  class=\"ms-slide\" data-delay=\"3\"    >\n\t\t\t\t\t<img decoding=\"async\" src=\"https:\/\/www.apucarana.pr.gov.br\/site\/wp-content\/plugins\/masterslider\/public\/assets\/css\/blank.gif\" alt=\"IMG_6329\" title=\"IMG_6329\" data-src=\"https:\/\/www.apucarana.pr.gov.br\/site\/wp-content\/uploads\/2026\/08\/IMG_6329-1024x732.jpg\" \/>\n\t<a href=\"https:\/\/www.apucarana.pr.gov.br\/site\/wp-content\/uploads\/2026\/08\/IMG_6329-1024x732.jpg\" target=\"_self\"    >IMG_6329<\/a>\n\n\n\t<img decoding=\"async\" class=\"ms-thumb\" src=\"https:\/\/www.apucarana.pr.gov.br\/site\/wp-content\/uploads\/2026\/08\/IMG_6329-1024x732-140x80.jpg\" alt=\"IMG_6329\" \/>\n\t\t\t\t<\/div>\n\t\t\t<div  class=\"ms-slide\" data-delay=\"3\"    >\n\t\t\t\t\t<img decoding=\"async\" src=\"https:\/\/www.apucarana.pr.gov.br\/site\/wp-content\/plugins\/masterslider\/public\/assets\/css\/blank.gif\" alt=\"IMG_6332\" title=\"IMG_6332\" data-src=\"https:\/\/www.apucarana.pr.gov.br\/site\/wp-content\/uploads\/2026\/08\/IMG_6332-1024x731.jpg\" \/>\n\t<a href=\"https:\/\/www.apucarana.pr.gov.br\/site\/wp-content\/uploads\/2026\/08\/IMG_6332-1024x731.jpg\" target=\"_self\"    >IMG_6332<\/a>\n\n\n\t<img decoding=\"async\" class=\"ms-thumb\" src=\"https:\/\/www.apucarana.pr.gov.br\/site\/wp-content\/uploads\/2026\/08\/IMG_6332-1024x731-140x80.jpg\" alt=\"IMG_6332\" \/>\n\t\t\t\t<\/div>\n\t\t\t<div  class=\"ms-slide\" data-delay=\"3\"    >\n\t\t\t\t\t<img decoding=\"async\" src=\"https:\/\/www.apucarana.pr.gov.br\/site\/wp-content\/plugins\/masterslider\/public\/assets\/css\/blank.gif\" alt=\"IMG_6393.JPG\" title=\"IMG_6393.JPG\" data-src=\"https:\/\/www.apucarana.pr.gov.br\/site\/wp-content\/uploads\/2026\/08\/IMG_6393.JPG-1024x731.jpeg\" \/>\n\t<a href=\"https:\/\/www.apucarana.pr.gov.br\/site\/wp-content\/uploads\/2026\/08\/IMG_6393.JPG-1024x731.jpeg\" target=\"_self\"    >IMG_6393.JPG<\/a>\n\n\n\t<img decoding=\"async\" class=\"ms-thumb\" src=\"https:\/\/www.apucarana.pr.gov.br\/site\/wp-content\/uploads\/2026\/08\/IMG_6393.JPG-1024x731-140x80.jpeg\" alt=\"IMG_6393.JPG\" \/>\n\t\t\t\t<\/div>\n\t\t\t<div  class=\"ms-slide\" data-delay=\"3\"    >\n\t\t\t\t\t<img decoding=\"async\" src=\"https:\/\/www.apucarana.pr.gov.br\/site\/wp-content\/plugins\/masterslider\/public\/assets\/css\/blank.gif\" alt=\"IMG_6397h.JPG\" title=\"IMG_6397h.JPG\" data-src=\"https:\/\/www.apucarana.pr.gov.br\/site\/wp-content\/uploads\/2026\/08\/IMG_6397h.JPG-1024x731.jpeg\" \/>\n\t<a href=\"https:\/\/www.apucarana.pr.gov.br\/site\/wp-content\/uploads\/2026\/08\/IMG_6397h.JPG-1024x731.jpeg\" target=\"_self\"    >IMG_6397h.JPG<\/a>\n\n\n\t<img decoding=\"async\" class=\"ms-thumb\" src=\"https:\/\/www.apucarana.pr.gov.br\/site\/wp-content\/uploads\/2026\/08\/IMG_6397h.JPG-1024x731-140x80.jpeg\" alt=\"IMG_6397h.JPG\" \/>\n\t\t\t\t<\/div>\n\t\t\t<div  class=\"ms-slide\" data-delay=\"3\"    >\n\t\t\t\t\t<img decoding=\"async\" src=\"https:\/\/www.apucarana.pr.gov.br\/site\/wp-content\/plugins\/masterslider\/public\/assets\/css\/blank.gif\" alt=\"IMG_6415h.JPG\" title=\"IMG_6415h.JPG\" data-src=\"https:\/\/www.apucarana.pr.gov.br\/site\/wp-content\/uploads\/2026\/08\/IMG_6415h.JPG-1024x731.jpeg\" \/>\n\t<a href=\"https:\/\/www.apucarana.pr.gov.br\/site\/wp-content\/uploads\/2026\/08\/IMG_6415h.JPG-1024x731.jpeg\" target=\"_self\"    >IMG_6415h.JPG<\/a>\n\n\n\t<img decoding=\"async\" class=\"ms-thumb\" src=\"https:\/\/www.apucarana.pr.gov.br\/site\/wp-content\/uploads\/2026\/08\/IMG_6415h.JPG-1024x731-140x80.jpeg\" alt=\"IMG_6415h.JPG\" \/>\n\t\t\t\t<\/div>\n\t\t\t<div  class=\"ms-slide\" data-delay=\"3\"    >\n\t\t\t\t\t<img decoding=\"async\" src=\"https:\/\/www.apucarana.pr.gov.br\/site\/wp-content\/plugins\/masterslider\/public\/assets\/css\/blank.gif\" alt=\"IMG_6492\" title=\"IMG_6492\" data-src=\"https:\/\/www.apucarana.pr.gov.br\/site\/wp-content\/uploads\/2026\/08\/IMG_6492-1024x731.jpg\" \/>\n\t<a href=\"https:\/\/www.apucarana.pr.gov.br\/site\/wp-content\/uploads\/2026\/08\/IMG_6492-1024x731.jpg\" target=\"_self\"    >IMG_6492<\/a>\n\n\n\t<img decoding=\"async\" class=\"ms-thumb\" src=\"https:\/\/www.apucarana.pr.gov.br\/site\/wp-content\/uploads\/2026\/08\/IMG_6492-1024x731-140x80.jpg\" alt=\"IMG_6492\" \/>\n\t\t\t\t<\/div>\n\t\t\t<div  class=\"ms-slide\" data-delay=\"3\"    >\n\t\t\t\t\t<img decoding=\"async\" src=\"https:\/\/www.apucarana.pr.gov.br\/site\/wp-content\/plugins\/masterslider\/public\/assets\/css\/blank.gif\" alt=\"IMG_6511\" title=\"IMG_6511\" data-src=\"https:\/\/www.apucarana.pr.gov.br\/site\/wp-content\/uploads\/2026\/08\/IMG_6511-1024x731.jpg\" \/>\n\t<a href=\"https:\/\/www.apucarana.pr.gov.br\/site\/wp-content\/uploads\/2026\/08\/IMG_6511-1024x731.jpg\" target=\"_self\"    >IMG_6511<\/a>\n\n\n\t<img decoding=\"async\" class=\"ms-thumb\" src=\"https:\/\/www.apucarana.pr.gov.br\/site\/wp-content\/uploads\/2026\/08\/IMG_6511-1024x731-140x80.jpg\" alt=\"IMG_6511\" \/>\n\t\t\t\t<\/div>\n\t\t\t<div  class=\"ms-slide\" data-delay=\"3\"    >\n\t\t\t\t\t<img decoding=\"async\" src=\"https:\/\/www.apucarana.pr.gov.br\/site\/wp-content\/plugins\/masterslider\/public\/assets\/css\/blank.gif\" alt=\"IMG_6565\" title=\"IMG_6565\" data-src=\"https:\/\/www.apucarana.pr.gov.br\/site\/wp-content\/uploads\/2026\/08\/IMG_6565-1024x731.jpg\" \/>\n\t<a href=\"https:\/\/www.apucarana.pr.gov.br\/site\/wp-content\/uploads\/2026\/08\/IMG_6565-1024x731.jpg\" target=\"_self\"    >IMG_6565<\/a>\n\n\n\t<img decoding=\"async\" class=\"ms-thumb\" src=\"https:\/\/www.apucarana.pr.gov.br\/site\/wp-content\/uploads\/2026\/08\/IMG_6565-1024x731-140x80.jpg\" alt=\"IMG_6565\" \/>\n\t\t\t\t<\/div>\n\t\t\t<div  class=\"ms-slide\" data-delay=\"3\"    >\n\t\t\t\t\t<img decoding=\"async\" src=\"https:\/\/www.apucarana.pr.gov.br\/site\/wp-content\/plugins\/masterslider\/public\/assets\/css\/blank.gif\" alt=\"IMG_6619\" title=\"IMG_6619\" data-src=\"https:\/\/www.apucarana.pr.gov.br\/site\/wp-content\/uploads\/2026\/08\/IMG_6619-1024x731.jpg\" \/>\n\t<a href=\"https:\/\/www.apucarana.pr.gov.br\/site\/wp-content\/uploads\/2026\/08\/IMG_6619-1024x731.jpg\" target=\"_self\"    >IMG_6619<\/a>\n\n\n\t<img decoding=\"async\" class=\"ms-thumb\" src=\"https:\/\/www.apucarana.pr.gov.br\/site\/wp-content\/uploads\/2026\/08\/IMG_6619-1024x731-140x80.jpg\" alt=\"IMG_6619\" \/>\n\t\t\t\t<\/div>\n\t\t\t<div  class=\"ms-slide\" data-delay=\"3\"    >\n\t\t\t\t\t<img decoding=\"async\" src=\"https:\/\/www.apucarana.pr.gov.br\/site\/wp-content\/plugins\/masterslider\/public\/assets\/css\/blank.gif\" alt=\"IMG_6635\" title=\"IMG_6635\" data-src=\"https:\/\/www.apucarana.pr.gov.br\/site\/wp-content\/uploads\/2026\/08\/IMG_6635-1024x576.jpg\" \/>\n\t<a href=\"https:\/\/www.apucarana.pr.gov.br\/site\/wp-content\/uploads\/2026\/08\/IMG_6635-1024x576.jpg\" target=\"_self\"    >IMG_6635<\/a>\n\n\n\t<img decoding=\"async\" class=\"ms-thumb\" src=\"https:\/\/www.apucarana.pr.gov.br\/site\/wp-content\/uploads\/2026\/08\/IMG_6635-1024x576-140x80.jpg\" alt=\"IMG_6635\" \/>\n\t\t\t\t<\/div>\n\n\t\t\t<\/div>\n\t\t\t<!-- END MasterSlider Main -->\n\n\t\t\t \n\t\t<\/div>\n\t\t<!-- END MasterSlider -->\n\n\t\t<script>\n\t\t( window.MSReady = window.MSReady || [] ).push( function( $ ) {\n\n\t\t\t\"use strict\";\n\t\t\tvar masterslider_930a = new MasterSlider();\n\n\t\t\t\/\/ slider controls\n\t\t\tmasterslider_930a.control('arrows'     ,{ autohide:true, overVideo:true  });\n\t\t\tmasterslider_930a.control('thumblist'  ,{ autohide:false, overVideo:true, dir:'h', speed:17, inset:false, arrows:false, hover:false, customClass:'', align:'bottom',type:'thumbs', margin:2, width:140, height:80, space:2, fillMode:'fill'  });\n\t\t\t\/\/ slider setup\n\t\t\tmasterslider_930a.setup(\"MS6a964ff2a930a\", {\n\t\t\t\twidth           : 960,\n\t\t\t\theight          : 540,\n\t\t\t\tminHeight       : 0,\n\t\t\t\tspace           : 0,\n\t\t\t\tstart           : 1,\n\t\t\t\tgrabCursor      : true,\n\t\t\t\tswipe           : true,\n\t\t\t\tmouse           : true,\n\t\t\t\tkeyboard        : false,\n\t\t\t\tlayout          : \"fillwidth\",\n\t\t\t\twheel           : false,\n\t\t\t\tautoplay        : true,\n                instantStartLayers:false,\n\t\t\t\tmobileBGVideo:false,\n\t\t\t\tloop            : true,\n\t\t\t\tshuffle         : false,\n\t\t\t\tpreload         : 3,\n\t\t\t\theightLimit     : false,\n\t\t\t\tautoHeight      : false,\n\t\t\t\tsmoothHeight    : true,\n\t\t\t\tendPause        : false,\n\t\t\t\toverPause       : false,\n\t\t\t\tfillMode        : \"fill\",\n\t\t\t\tcenterControls  : true,\n\t\t\t\tstartOnAppear   : false,\n\t\t\t\tlayersMode      : \"center\",\n\t\t\t\tautofillTarget  : \"\",\n\t\t\t\thideLayers      : false,\n\t\t\t\tfullscreenMargin: 0,\n\t\t\t\tspeed           : 17,\n\t\t\t\tdir             : \"h\",\n\t\t\t\tresponsive      : true,\n\t\t\t\ttabletWidth     : 768,\n\t\t\t\ttabletHeight    : null,\n\t\t\t\tphoneWidth      : 480,\n\t\t\t\tphoneHeight    : null,\n\t\t\t\tsizingReference : window,\n\t\t\t\tparallaxMode    : 'swipe',\n\t\t\t\tview            : \"basic\"\n\t\t\t});\n\n\t\t\t\n\t\t\twindow.masterslider_instances = window.masterslider_instances || [];\n\t\t\twindow.masterslider_instances.push( masterslider_930a );\n\t\t});\n\t\t<\/script>\n\n\n<p>A Prefeitura de Apucarana realizou, neste domingo (30\/08), a terceira etapa do Circuito de Corridas de Rua das Escolas Municipais \u2014 Edi\u00e7\u00e3o 2026. A prova ocorreu no Jardim Am\u00e9rica e reuniu cerca de 800 atletas mirins das redes de ensino do munic\u00edpio. O evento \u00e9 organizado em parceria pela Autarquia Municipal de Educa\u00e7\u00e3o e pela Secretaria Municipal de Esportes.<\/p>\n<p>O projeto busca incentivar a pr\u00e1tica do atletismo desde a inf\u00e2ncia, promovendo a socializa\u00e7\u00e3o, a sa\u00fade e o desenvolvimento motor e cognitivo dos estudantes. A competi\u00e7\u00e3o contou com disputas nos naipes masculino e feminino, divididas em quatro categorias: A (nascidos em 2018 &#8211; 400m), B (nascidos em 2017 &#8211; 400m), C (nascidos em 2016 &#8211; 600m) e D (nascidos em 2015 &#8211; 600m).<\/p>\n<p>O prefeito Rodolfo Mota acompanhou as provas e destacou a import\u00e2ncia de investir no esporte escolar. &#8220;\u00c9 muito gratificante ver a energia e a alegria das nossas crian\u00e7as e de suas fam\u00edlias. O esporte transforma vidas, ensina valores como disciplina e respeito, e o nosso compromisso \u00e9 continuar incentivando h\u00e1bitos saud\u00e1veis para o futuro da nossa popula\u00e7\u00e3o&#8221;, afirmou.<\/p>\n<p>Para o secret\u00e1rio municipal de Esportes, Bruno Marchi, a ades\u00e3o dos alunos reflete o sucesso da iniciativa. &#8220;Ver o empenho de cada atleta mirim e o apoio dos pais nos d\u00e1 a certeza de que estamos no caminho certo. O circuito j\u00e1 se consolidou no calend\u00e1rio esportivo da nossa cidade e fortalece a base do nosso atletismo&#8221;, destacou.<\/p>\n<p>O superintendente pedag\u00f3gico da Autarquia Municipal de Educa\u00e7\u00e3o, Pablo Costa, refor\u00e7ou o impacto da atividade no ambiente escolar. &#8220;A corrida de rua integra o aprendizado da sala de aula com a pr\u00e1tica corporal. A atividade f\u00edsica contribui para o foco, a autoestima e a coopera\u00e7\u00e3o entre os estudantes&#8221;, pontuou.<\/p>\n<p>Todos os participantes receberam medalhas de participa\u00e7\u00e3o como forma de incentivo, e os tr\u00eas primeiros colocados de cada categoria foram premiados com trof\u00e9us. Nesta etapa, participaram alunos das escolas municipais Monsenhor Arnaldo Beltrami, Dr. Osvaldo dos Santos Lima, Juiz Luiz Fernando Ara\u00fajo Pereira, Karel Kober, Humberto de Alencar Castelo Branco, Professora Marilda Duarte Noli, Senador Marcos de Barros Freire, F\u00e1bio Henrique, Luiz Carlos Prestes, Professor Idalice Moreira Prates, Dr. Edson Giacomini, Augusto Weyand e Jos\u00e9 Brazil Camargo.<\/p>\n<p>A grande final do Circuito de Corridas de Rua das Escolas Municipais acontecer\u00e1 no dia 25 de outubro, na Pra\u00e7a Rui Barbosa. Est\u00e3o classificados para a decis\u00e3o os 20 melhores colocados de cada categoria nas tr\u00eas etapas preliminares (Parque Jaboti, Distrito de Pirap\u00f3 e Jardim Am\u00e9rica).<\/p>\n<p><strong>Confira os resultados da 3\u00aa etapa:<\/strong><\/p>\n<p>Categoria Nascidos em 2015 \u2013 Feminino<br \/>\n1\u00ba lugar: Thayemilly Almeida \u2013 E. M. Monsenhor Arnaldo Beltrami<br \/>\n2\u00ba lugar: L\u00edvia Siqueira \u2013 E. M. Jos\u00e9 Brazil Camargo<br \/>\n3\u00ba lugar: Mirela Santos \u2013 E. M. Luiz Carlos Prestes<\/p>\n<p>Categoria Nascidos em 2015 \u2013 Masculino<br \/>\n1\u00ba lugar: Lucas Canhete \u2013 E. M. Humberto de Alencar Castelo Branco<br \/>\n2\u00ba lugar: Miguel Adorno \u2013 E. M. Humberto de Alencar Castelo Branco<br \/>\n3\u00ba lugar: Artur Vicente \u2013 E. M. Humberto de Alencar Castelo Branco<\/p>\n<p>Categoria Nascidos em 2016 \u2013 Feminino<br \/>\n1\u00ba lugar: Victoria Ribas \u2013 E. M. Augusto Weyand<br \/>\n2\u00ba lugar: Lorena Cardoso \u2013 E. M. Karel Kober<br \/>\n3\u00ba lugar: Rebeca Izabele \u2013 E. M. Luiz Carlos Prestes<\/p>\n<p>Categoria Nascidos em 2016 \u2013 Masculino<br \/>\n1\u00ba lugar: Yuri Espazin \u2013 E. M. Dr. Edson Giacomini<br \/>\n2\u00ba lugar: Davi Pereira \u2013 E. M. Jos\u00e9 Brazil Camargo<br \/>\n3\u00ba lugar: Michel Moreira \u2013 E. M. Monsenhor Arnaldo Beltrami<\/p>\n<p>Categoria Nascidos em 2017 \u2013 Feminino<br \/>\n1\u00ba lugar: Melinda Hadassa \u2013 E. M. Luiz Carlos Prestes<br \/>\n2\u00ba lugar: Maria Lisboa \u2013 E. M. Augusto Weyand<br \/>\n3\u00ba lugar: Maria Clara Ferreira \u2013 E. M. Professora Marilda Duarte Noli<\/p>\n<p>Categoria Nascidos em 2017 \u2013 Masculino<br \/>\n1\u00ba lugar: Kauan Ferreira \u2013 E. M. Dr. Osvaldo dos Santos Lima<br \/>\n2\u00ba lugar: Brendo Felipe Santos \u2013 E. M. Karel Kober<br \/>\n3\u00ba lugar: Jo\u00e3o Pedro Ferreira \u2013 E. M. Augusto Weyand<\/p>\n<p>Categoria Nascidos em 2018 \u2013 Feminino<br \/>\n1\u00ba lugar: Eloiza Beluco \u2013 E. M. Dr. Osvaldo dos Santos Lima<br \/>\n2\u00ba lugar: Alice Lopes \u2013 E. M. Professora Marilda Duarte Noli<br \/>\n3\u00ba lugar: Maria Clara C\u00e2ndido \u2013 E. M. Augusto Weyand<\/p>\n<p>Categoria Nascidos em 2018 \u2013 Masculino<br \/>\n1\u00ba lugar: Adryel Cust\u00f3dio \u2013 E. M. Jos\u00e9 Brazil Camargo<br \/>\n2\u00ba lugar: Lucas Brizo \u2013 E. M. Professora Marilda Duarte Noli<br \/>\n3\u00ba lugar: Luiz Felipe Rocha \u2013 E. M. Augusto Weyand<\/p>\n","protected":false},"excerpt":{"rendered":"<p>A Prefeitura de Apucarana realizou, neste domingo (30\/08), a terceira etapa do Circuito de Corridas de Rua das Escolas Municipais &mdash; Edi&ccedil;&atilde;o 2026. A prova ocorreu no Jardim Am&eacute;rica e reuniu cerca de 800 atletas mirins das redes de ensino do munic&iacute;pio. O evento &eacute; organizado em parceria pela Autarquia Municipal de Educa&ccedil;&atilde;o e pela [&hellip;]<\/p>\n","protected":false},"author":8,"featured_media":130849,"comment_status":"closed","ping_status":"closed","sticky":false,"template":"","format":"standard","meta":{"footnotes":""},"categories":[24],"tags":[],"class_list":["post-130838","post","type-post","status-publish","format-standard","has-post-thumbnail","hentry","category-noticias"],"acf":[],"_links":{"self":[{"href":"https:\/\/www.apucarana.pr.gov.br\/site\/wp-json\/wp\/v2\/posts\/130838","targetHints":{"allow":["GET"]}}],"collection":[{"href":"https:\/\/www.apucarana.pr.gov.br\/site\/wp-json\/wp\/v2\/posts"}],"about":[{"href":"https:\/\/www.apucarana.pr.gov.br\/site\/wp-json\/wp\/v2\/types\/post"}],"author":[{"embeddable":true,"href":"https:\/\/www.apucarana.pr.gov.br\/site\/wp-json\/wp\/v2\/users\/8"}],"replies":[{"embeddable":true,"href":"https:\/\/www.apucarana.pr.gov.br\/site\/wp-json\/wp\/v2\/comments?post=130838"}],"version-history":[{"count":1,"href":"https:\/\/www.apucarana.pr.gov.br\/site\/wp-json\/wp\/v2\/posts\/130838\/revisions"}],"predecessor-version":[{"id":130850,"href":"https:\/\/www.apucarana.pr.gov.br\/site\/wp-json\/wp\/v2\/posts\/130838\/revisions\/130850"}],"wp:featuredmedia":[{"embeddable":true,"href":"https:\/\/www.apucarana.pr.gov.br\/site\/wp-json\/wp\/v2\/media\/130849"}],"wp:attachment":[{"href":"https:\/\/www.apucarana.pr.gov.br\/site\/wp-json\/wp\/v2\/media?parent=130838"}],"wp:term":[{"taxonomy":"category","embeddable":true,"href":"https:\/\/www.apucarana.pr.gov.br\/site\/wp-json\/wp\/v2\/categories?post=130838"},{"taxonomy":"post_tag","embeddable":true,"href":"https:\/\/www.apucarana.pr.gov.br\/site\/wp-json\/wp\/v2\/tags?post=130838"}],"curies":[{"name":"wp","href":"https:\/\/api.w.org\/{rel}","templated":true}]}}