{"id":130829,"date":"2026-08-31T14:51:12","date_gmt":"2026-08-31T17:51:12","guid":{"rendered":"https:\/\/www.apucarana.pr.gov.br\/site\/?p=130829"},"modified":"2026-08-31T14:51:12","modified_gmt":"2026-08-31T17:51:12","slug":"apucarana-da-inicio-nesta-semana-ao-campeonato-amador-de-futebol","status":"publish","type":"post","link":"https:\/\/www.apucarana.pr.gov.br\/site\/apucarana-da-inicio-nesta-semana-ao-campeonato-amador-de-futebol\/","title":{"rendered":"Apucarana d\u00e1 in\u00edcio nesta semana ao Campeonato Amador de Futebol"},"content":{"rendered":"\n\t\t<!-- MasterSlider -->\n\t\t<div id=\"P_MS6a964f619c36f\" class=\"master-slider-parent master-slider-gallery   ms-parent-id-0\" style=\"\" >\n\n\t\t\t\n\t\t\t<!-- MasterSlider Main -->\n\t\t\t<div id=\"MS6a964f619c36f\" class=\"master-slider ms-skin-default\" >\n\t\t\t\t \t\t\t\t \n\t\t\t<div  class=\"ms-slide\" data-delay=\"3\"    >\n\t\t\t\t\t<img decoding=\"async\" src=\"https:\/\/www.apucarana.pr.gov.br\/site\/wp-content\/plugins\/masterslider\/public\/assets\/css\/blank.gif\" alt=\"WhatsApp Image 2026-08-31 at 12.48.58\" title=\"WhatsApp Image 2026-08-31 at 12.48.58\" data-src=\"https:\/\/www.apucarana.pr.gov.br\/site\/wp-content\/uploads\/2026\/08\/WhatsApp-Image-2026-08-31-at-12.48.58-1024x622.jpeg\" \/>\n\t<a href=\"https:\/\/www.apucarana.pr.gov.br\/site\/wp-content\/uploads\/2026\/08\/WhatsApp-Image-2026-08-31-at-12.48.58-1024x622.jpeg\" target=\"_self\"    >WhatsApp Image 2026-08-31 at 12.48.58<\/a>\n\n\n\t<img decoding=\"async\" class=\"ms-thumb\" src=\"https:\/\/www.apucarana.pr.gov.br\/site\/wp-content\/uploads\/2026\/08\/WhatsApp-Image-2026-08-31-at-12.48.58-1024x622-140x80.jpeg\" alt=\"WhatsApp Image 2026-08-31 at 12.48.58\" \/>\n\t\t\t\t<\/div>\n\n\t\t\t<\/div>\n\t\t\t<!-- END MasterSlider Main -->\n\n\t\t\t \n\t\t<\/div>\n\t\t<!-- END MasterSlider -->\n\n\t\t<script>\n\t\t( window.MSReady = window.MSReady || [] ).push( function( $ ) {\n\n\t\t\t\"use strict\";\n\t\t\tvar masterslider_c36f = new MasterSlider();\n\n\t\t\t\/\/ slider controls\n\t\t\tmasterslider_c36f.control('arrows'     ,{ autohide:true, overVideo:true  });\n\t\t\tmasterslider_c36f.control('thumblist'  ,{ autohide:false, overVideo:true, dir:'h', speed:17, inset:false, arrows:false, hover:false, customClass:'', align:'bottom',type:'thumbs', margin:2, width:140, height:80, space:2, fillMode:'fill'  });\n\t\t\t\/\/ slider setup\n\t\t\tmasterslider_c36f.setup(\"MS6a964f619c36f\", {\n\t\t\t\twidth           : 960,\n\t\t\t\theight          : 540,\n\t\t\t\tminHeight       : 0,\n\t\t\t\tspace           : 0,\n\t\t\t\tstart           : 1,\n\t\t\t\tgrabCursor      : true,\n\t\t\t\tswipe           : true,\n\t\t\t\tmouse           : true,\n\t\t\t\tkeyboard        : false,\n\t\t\t\tlayout          : \"fillwidth\",\n\t\t\t\twheel           : false,\n\t\t\t\tautoplay        : true,\n                instantStartLayers:false,\n\t\t\t\tmobileBGVideo:false,\n\t\t\t\tloop            : true,\n\t\t\t\tshuffle         : false,\n\t\t\t\tpreload         : 3,\n\t\t\t\theightLimit     : false,\n\t\t\t\tautoHeight      : false,\n\t\t\t\tsmoothHeight    : true,\n\t\t\t\tendPause        : false,\n\t\t\t\toverPause       : false,\n\t\t\t\tfillMode        : \"fill\",\n\t\t\t\tcenterControls  : true,\n\t\t\t\tstartOnAppear   : false,\n\t\t\t\tlayersMode      : \"center\",\n\t\t\t\tautofillTarget  : \"\",\n\t\t\t\thideLayers      : false,\n\t\t\t\tfullscreenMargin: 0,\n\t\t\t\tspeed           : 17,\n\t\t\t\tdir             : \"h\",\n\t\t\t\tresponsive      : true,\n\t\t\t\ttabletWidth     : 768,\n\t\t\t\ttabletHeight    : null,\n\t\t\t\tphoneWidth      : 480,\n\t\t\t\tphoneHeight    : null,\n\t\t\t\tsizingReference : window,\n\t\t\t\tparallaxMode    : 'swipe',\n\t\t\t\tview            : \"basic\"\n\t\t\t});\n\n\t\t\t\n\t\t\twindow.masterslider_instances = window.masterslider_instances || [];\n\t\t\twindow.masterslider_instances.push( masterslider_c36f );\n\t\t});\n\t\t<\/script>\n\n\n<p>Com 34 equipes, sendo 12 na Primeira Divis\u00e3o e 22 na Segunda Divis\u00e3o, t\u00eam in\u00edcio nesta quinta-feira (03\/09), no Est\u00e1dio Municipal Ol\u00edmpio Barreto, a edi\u00e7\u00e3o 2026 do Campeonato Amador de Futebol de Campo de Apucarana. As equipes participantes e os confrontos classificat\u00f3rios foram definidos na \u00faltima sexta-feira (28\/08), no Centro da Juventude Alex Mazaron, durante congresso t\u00e9cnico realizado pela Secretaria Municipal de Esportes. A rodada inaugural da primeira divis\u00e3o, nesta quinta-feira, ter\u00e1 dois jogos, sendo o primeiro \u00e0s 19 horas, entre Colorado e Diamantina, e a partir das 21 horas, o atual campe\u00e3o JPG estreia contra o Lava Car Apucarana. A entrada \u00e9 gratuita.<\/p>\n<p>O prefeito Rodolfo Mota retrata a dimens\u00e3o da tradicional competi\u00e7\u00e3o municipal. Segundo ele, as 34 equipes re\u00fanem mais de mil pessoas, entre atletas e dirigentes. \u201cTrata-se de um campeonato muito especial para a comunidade esportiva de Apucarana. S\u00e3o mais de mil pessoas envolvidas, sendo 600 atletas e dirigentes na segunda divis\u00e3o e 420 na primeira divis\u00e3o. Conforme anunciado no ano passado, estamos trabalhando para que ele seja maior a cada ano. Nesta edi\u00e7\u00e3o, al\u00e9m dos campos urbanos, tamb\u00e9m vamos ter partidas disputadas em campos da zona rural, promovendo uma maior descentraliza\u00e7\u00e3o da competi\u00e7\u00e3o\u201d, informa o prefeito.<\/p>\n<p>O secret\u00e1rio municipal de Esportes, Bruno Machi, relata que al\u00e9m do est\u00e1dio municipal, na zona urbana ser\u00e3o utilizados os campos Hairton Santos (Z\u00e9 Rico), Sesi e UTFPR Apucarana. J\u00e1 na zona rural, haver\u00e1 jogos nos campos do KM 28, Correia de Freitas e Caixa S\u00e3o Pedro. \u201cQuero convidar toda a popula\u00e7\u00e3o de Apucarana para prestigiar o nosso campeonato amador. \u00c9 uma competi\u00e7\u00e3o que re\u00fane equipes tradicionais, atletas de diferentes bairros e comunidades. \u00c9 aquele futebol que tem hist\u00f3ria, rivalidade, amizade e, acima de tudo, o orgulho de vestir a camisa e representar a sua comunidade. A entrada \u00e9 gratuita e queremos os campos com a presen\u00e7a das fam\u00edlias, amigos e torcedores\u201d, disse Marchi.<\/p>\n<p>O coordenador geral do campeonato, professor \u00c2ngelo Danilo, explica que os jogos da Primeira Divis\u00e3o ser\u00e3o realizados sempre \u00e0s ter\u00e7as e quintas-feiras, no per\u00edodo noturno, no Est\u00e1dio Municipal Ol\u00edmpio Barreto. J\u00e1 a Segunda Divis\u00e3o ter\u00e1 os confrontos disputados aos domingos, com a rodada inaugural programada para daqui a 15 dias. \u201cOptamos por n\u00e3o iniciar a competi\u00e7\u00e3o neste final de semana em raz\u00e3o do feriado de 7 de setembro, per\u00edodo em que muitas pessoas aproveitam para viajar. Assim, vamos garantir melhores condi\u00e7\u00f5es para que atletas, dirigentes e torcedores possam participar da abertura do campeonato\u201d, explica o professor \u00c2ngelo.<\/p>\n<p>Ele informa que no futebol de elite do Campeonato Amador Municipal est\u00e3o as agremia\u00e7\u00f5es do JPG, Castelo Branco, Lava Car Apucarana, Colorado, Amigos do Cid\u00e3o, Mercado Viana, Real Uni\u00e3o, Baiano, Diamantina, Adriano Correia, Dom Romeu e KM 28.\u00a0Na Segunda Divis\u00e3o, equipes do Brooklin, Tancredo Neves, Misto da Ama, Barreiro, Juventus, Rildo, S\u00e3o Domingos, Wolves Soccer\/Marymil, Juvenil do Velho Hon\u00f3rio, Veterano da Ama, Atl\u00e9tico Apucarana, H19 Soccer Team, Vila Regina, Atl\u00e9tico Malte, Rocca Futebol Clube, Telles Comunica\u00e7\u00f5es, Esquecidos, Tup\u00e3, MCN, Zona Norte e Caixa S\u00e3o Pedro.<\/p>\n<p><strong><u>Equipes confirmadas<\/p>\n<p><\/u><\/strong>1\u00b0 Divis\u00e3o 2026<\/p>\n<p>Castelo Branco<br \/>\nLavacar Apucarana<br \/>\nColorado<br \/>\nAmigos do Cid\u00e3o<br \/>\nMercado Viana<br \/>\nReal Uni\u00e3o<br \/>\nBaiano<br \/>\nDiamantina<br \/>\nJPG<br \/>\nAdriano<br \/>\nDom Romeu<br \/>\nKM 28<\/p>\n<p><strong><u>2\u00b0 Divis\u00e3o 2026<\/p>\n<p><\/u><\/strong>Brooklin<br \/>\nTancredo<br \/>\nMisto Ama<br \/>\nBarreiro<br \/>\nJuventus<br \/>\nTime do Rildo F.C<br \/>\nS\u00e3o Domingos<br \/>\nWolves Soccer\/Marymill<br \/>\nJuvenil Velho On\u00f3rio<br \/>\nVeterano da Ama<br \/>\nAtl\u00e9tico Apucarana<br \/>\nH19 SOCCER TEAM<br \/>\nE.C Vila Regina<br \/>\nAtl\u00e9tico Malte<br \/>\nRocca Futebol clube<br \/>\nTelles confec\u00e7\u00f5es<br \/>\nEsquecidos<br \/>\nImperadores<br \/>\nTup\u00e3<br \/>\nMCN Futebol Clube<br \/>\nZona Norte<br \/>\nCaixa de S\u00e3o Pedro<\/p>\n","protected":false},"excerpt":{"rendered":"<p>Com 34 equipes, sendo 12 na Primeira Divis&atilde;o e 22 na Segunda Divis&atilde;o, t&ecirc;m in&iacute;cio nesta quinta-feira (03\/09), no Est&aacute;dio Municipal Ol&iacute;mpio Barreto, a edi&ccedil;&atilde;o 2026 do Campeonato Amador de Futebol de Campo de Apucarana. As equipes participantes e os confrontos classificat&oacute;rios foram definidos na &uacute;ltima sexta-feira (28\/08), no Centro da Juventude Alex Mazaron, durante [&hellip;]<\/p>\n","protected":false},"author":7,"featured_media":130830,"comment_status":"closed","ping_status":"closed","sticky":false,"template":"","format":"standard","meta":{"footnotes":""},"categories":[24],"tags":[],"class_list":["post-130829","post","type-post","status-publish","format-standard","has-post-thumbnail","hentry","category-noticias"],"acf":[],"_links":{"self":[{"href":"https:\/\/www.apucarana.pr.gov.br\/site\/wp-json\/wp\/v2\/posts\/130829","targetHints":{"allow":["GET"]}}],"collection":[{"href":"https:\/\/www.apucarana.pr.gov.br\/site\/wp-json\/wp\/v2\/posts"}],"about":[{"href":"https:\/\/www.apucarana.pr.gov.br\/site\/wp-json\/wp\/v2\/types\/post"}],"author":[{"embeddable":true,"href":"https:\/\/www.apucarana.pr.gov.br\/site\/wp-json\/wp\/v2\/users\/7"}],"replies":[{"embeddable":true,"href":"https:\/\/www.apucarana.pr.gov.br\/site\/wp-json\/wp\/v2\/comments?post=130829"}],"version-history":[{"count":1,"href":"https:\/\/www.apucarana.pr.gov.br\/site\/wp-json\/wp\/v2\/posts\/130829\/revisions"}],"predecessor-version":[{"id":130831,"href":"https:\/\/www.apucarana.pr.gov.br\/site\/wp-json\/wp\/v2\/posts\/130829\/revisions\/130831"}],"wp:featuredmedia":[{"embeddable":true,"href":"https:\/\/www.apucarana.pr.gov.br\/site\/wp-json\/wp\/v2\/media\/130830"}],"wp:attachment":[{"href":"https:\/\/www.apucarana.pr.gov.br\/site\/wp-json\/wp\/v2\/media?parent=130829"}],"wp:term":[{"taxonomy":"category","embeddable":true,"href":"https:\/\/www.apucarana.pr.gov.br\/site\/wp-json\/wp\/v2\/categories?post=130829"},{"taxonomy":"post_tag","embeddable":true,"href":"https:\/\/www.apucarana.pr.gov.br\/site\/wp-json\/wp\/v2\/tags?post=130829"}],"curies":[{"name":"wp","href":"https:\/\/api.w.org\/{rel}","templated":true}]}}