{"id":126558,"date":"2026-04-30T15:55:40","date_gmt":"2026-04-30T18:55:40","guid":{"rendered":"https:\/\/www.apucarana.pr.gov.br\/site\/?p=126558"},"modified":"2026-04-30T15:57:48","modified_gmt":"2026-04-30T18:57:48","slug":"decisao-do-torneio-do-trabalhador-de-apucarana-acontece-nesta-sexta-feira-no-campo-do-ze-rico","status":"publish","type":"post","link":"https:\/\/www.apucarana.pr.gov.br\/site\/decisao-do-torneio-do-trabalhador-de-apucarana-acontece-nesta-sexta-feira-no-campo-do-ze-rico\/","title":{"rendered":"Decis\u00e3o do Torneio do Trabalhador de Apucarana acontece nesta sexta-feira no Campo do Z\u00e9 Rico"},"content":{"rendered":"\n\t\t<!-- MasterSlider -->\n\t\t<div id=\"P_MS69f3c55d04cbe\" class=\"master-slider-parent master-slider-gallery   ms-parent-id-0\" style=\"\" >\n\n\t\t\t\n\t\t\t<!-- MasterSlider Main -->\n\t\t\t<div id=\"MS69f3c55d04cbe\" class=\"master-slider ms-skin-default\" >\n\t\t\t\t \t\t\t\t \n\t\t\t<div  class=\"ms-slide\" data-delay=\"3\"    >\n\t\t\t\t\t<img decoding=\"async\" src=\"https:\/\/www.apucarana.pr.gov.br\/site\/wp-content\/plugins\/masterslider\/public\/assets\/css\/blank.gif\" alt=\"30-04-2026_primeiro de maio\" title=\"30-04-2026_primeiro de maio\" data-src=\"https:\/\/www.apucarana.pr.gov.br\/site\/wp-content\/uploads\/2026\/04\/30-04-2026_primeiro-de-maio-1024x665.jpg\" \/>\n\t<a href=\"https:\/\/www.apucarana.pr.gov.br\/site\/wp-content\/uploads\/2026\/04\/30-04-2026_primeiro-de-maio-1024x665.jpg\" target=\"_self\"    >30-04-2026_primeiro de maio<\/a>\n\n\n\t<img decoding=\"async\" class=\"ms-thumb\" src=\"https:\/\/www.apucarana.pr.gov.br\/site\/wp-content\/uploads\/2026\/04\/30-04-2026_primeiro-de-maio-1024x665-140x80.jpg\" alt=\"30-04-2026_primeiro de maio\" \/>\n\t\t\t\t<\/div>\n\t\t\t<div  class=\"ms-slide\" data-delay=\"3\"    >\n\t\t\t\t\t<img decoding=\"async\" src=\"https:\/\/www.apucarana.pr.gov.br\/site\/wp-content\/plugins\/masterslider\/public\/assets\/css\/blank.gif\" alt=\"30-04-2026_primeiro de maio-3\" title=\"30-04-2026_primeiro de maio-3\" data-src=\"https:\/\/www.apucarana.pr.gov.br\/site\/wp-content\/uploads\/2026\/04\/30-04-2026_primeiro-de-maio-3-1024x667.jpg\" \/>\n\t<a href=\"https:\/\/www.apucarana.pr.gov.br\/site\/wp-content\/uploads\/2026\/04\/30-04-2026_primeiro-de-maio-3-1024x667.jpg\" target=\"_self\"    >30-04-2026_primeiro de maio-3<\/a>\n\n\n\t<img decoding=\"async\" class=\"ms-thumb\" src=\"https:\/\/www.apucarana.pr.gov.br\/site\/wp-content\/uploads\/2026\/04\/30-04-2026_primeiro-de-maio-3-1024x667-140x80.jpg\" alt=\"30-04-2026_primeiro de maio-3\" \/>\n\t\t\t\t<\/div>\n\t\t\t<div  class=\"ms-slide\" data-delay=\"3\"    >\n\t\t\t\t\t<img decoding=\"async\" src=\"https:\/\/www.apucarana.pr.gov.br\/site\/wp-content\/plugins\/masterslider\/public\/assets\/css\/blank.gif\" alt=\"30-04-2026_primeiro de maio-4\" title=\"30-04-2026_primeiro de maio-4\" data-src=\"https:\/\/www.apucarana.pr.gov.br\/site\/wp-content\/uploads\/2026\/04\/30-04-2026_primeiro-de-maio-4-1024x585.jpg\" \/>\n\t<a href=\"https:\/\/www.apucarana.pr.gov.br\/site\/wp-content\/uploads\/2026\/04\/30-04-2026_primeiro-de-maio-4-1024x585.jpg\" target=\"_self\"    >30-04-2026_primeiro de maio-4<\/a>\n\n\n\t<img decoding=\"async\" class=\"ms-thumb\" src=\"https:\/\/www.apucarana.pr.gov.br\/site\/wp-content\/uploads\/2026\/04\/30-04-2026_primeiro-de-maio-4-1024x585-140x80.jpg\" alt=\"30-04-2026_primeiro de maio-4\" \/>\n\t\t\t\t<\/div>\n\n\t\t\t<\/div>\n\t\t\t<!-- END MasterSlider Main -->\n\n\t\t\t \n\t\t<\/div>\n\t\t<!-- END MasterSlider -->\n\n\t\t<script>\n\t\t( window.MSReady = window.MSReady || [] ).push( function( $ ) {\n\n\t\t\t\"use strict\";\n\t\t\tvar masterslider_4cbe = new MasterSlider();\n\n\t\t\t\/\/ slider controls\n\t\t\tmasterslider_4cbe.control('arrows'     ,{ autohide:true, overVideo:true  });\n\t\t\tmasterslider_4cbe.control('thumblist'  ,{ autohide:false, overVideo:true, dir:'h', speed:17, inset:false, arrows:false, hover:false, customClass:'', align:'bottom',type:'thumbs', margin:2, width:140, height:80, space:2, fillMode:'fill'  });\n\t\t\t\/\/ slider setup\n\t\t\tmasterslider_4cbe.setup(\"MS69f3c55d04cbe\", {\n\t\t\t\twidth           : 960,\n\t\t\t\theight          : 540,\n\t\t\t\tminHeight       : 0,\n\t\t\t\tspace           : 0,\n\t\t\t\tstart           : 1,\n\t\t\t\tgrabCursor      : true,\n\t\t\t\tswipe           : true,\n\t\t\t\tmouse           : true,\n\t\t\t\tkeyboard        : false,\n\t\t\t\tlayout          : \"fillwidth\",\n\t\t\t\twheel           : false,\n\t\t\t\tautoplay        : true,\n                instantStartLayers:false,\n\t\t\t\tmobileBGVideo:false,\n\t\t\t\tloop            : true,\n\t\t\t\tshuffle         : false,\n\t\t\t\tpreload         : 3,\n\t\t\t\theightLimit     : false,\n\t\t\t\tautoHeight      : false,\n\t\t\t\tsmoothHeight    : true,\n\t\t\t\tendPause        : false,\n\t\t\t\toverPause       : false,\n\t\t\t\tfillMode        : \"fill\",\n\t\t\t\tcenterControls  : true,\n\t\t\t\tstartOnAppear   : false,\n\t\t\t\tlayersMode      : \"center\",\n\t\t\t\tautofillTarget  : \"\",\n\t\t\t\thideLayers      : false,\n\t\t\t\tfullscreenMargin: 0,\n\t\t\t\tspeed           : 17,\n\t\t\t\tdir             : \"h\",\n\t\t\t\tresponsive      : true,\n\t\t\t\ttabletWidth     : 768,\n\t\t\t\ttabletHeight    : null,\n\t\t\t\tphoneWidth      : 480,\n\t\t\t\tphoneHeight    : null,\n\t\t\t\tsizingReference : window,\n\t\t\t\tparallaxMode    : 'swipe',\n\t\t\t\tview            : \"basic\"\n\t\t\t});\n\n\t\t\t\n\t\t\twindow.masterslider_instances = window.masterslider_instances || [];\n\t\t\twindow.masterslider_instances.push( masterslider_4cbe );\n\t\t});\n\t\t<\/script>\n\n\n<p>Maior festa do futebol amador, o tradicional Torneio 1\u00ba de Maio de Apucarana conhecer\u00e1 nesta sexta-feira (01\/05), feriado do Dia do Trabalhador, o campe\u00e3o da edi\u00e7\u00e3o 2026. Popularmente chamado de Torneio do Trabalhador, as semifinais, disputa do 3\u00ba lugar e a grande final acontecem a partir das 8h30, no Centro Esportivo Hairton Santos, antigo Campo do Z\u00e9 Rico, na Vila Vit\u00f3ria R\u00e9gia, com entrada gratuita.<\/p>\n<p>Neste ano, buscam o t\u00edtulo as equipes Gol na Vida, JPG, WS Estamparia\/Viana e Tancredo\/Cavan. Promovida pela Prefeitura de Apucarana, por meio da Secretaria Municipal de Esportes, a competi\u00e7\u00e3o teve in\u00edcio no dia 14 de abril com 33 equipes em disputas no formato eliminat\u00f3rio simples, com chaveamento ol\u00edmpico e sem fase de grupos. O time Novo Oper\u00e1rio, que n\u00e3o se classificou para a \u00faltima rodada, \u00e9 o atual tricampe\u00e3o do torneio.<\/p>\n<p>O prefeito Rodolfo Mota destaca que a competi\u00e7\u00e3o amadora re\u00fane atletas de diversas comunidades, promovendo o esporte e integra\u00e7\u00e3o. Ele destaca que o local da rodada final foi definido pela representatividade. \u201cO antigo Campo do Z\u00e9 Rico \u00e9 um dos espa\u00e7os mais simb\u00f3licos do futebol amador de Apucarana. No ano passado, realizamos uma reforma completa, valorizando ainda mais o local, e devolvendo \u00e0 comunidade um patrim\u00f4nio da hist\u00f3ria esportiva de Apucarana\u201d, pontua Mota, convidando a popula\u00e7\u00e3o para prestigiar a rodada final do Torneio 1\u00ba de Maio. \u201cSer\u00e1 mais uma vez um grande momento do futebol amador de Apucarana. Mais do que uma competi\u00e7\u00e3o esportiva, \u00e9 um momento de valoriza\u00e7\u00e3o de quem constr\u00f3i a nossa cidade todos os dias. Estamos falando de fam\u00edlias, amigos e comunidades reunidas em torno do esporte, que \u00e9 uma ferramenta poderosa de integra\u00e7\u00e3o social. Convido toda a popula\u00e7\u00e3o de Apucarana para prestigiar, levar sua fam\u00edlia e viver esse clima de festa, de uni\u00e3o e de respeito \u00e0 tradi\u00e7\u00e3o do nosso futebol amador\u201d, disse o prefeito Rodolfo Mota.<\/p>\n<p>A programa\u00e7\u00e3o come\u00e7a \u00e0s 8h30 com Gol na Vida x JPG. Em seguida, \u00e0s 9h15, jogam WS Estamparia\/Viana x Tancredo\/Cavan. A disputa pelo terceiro lugar ser\u00e1 \u00e0s 10 horas e a final est\u00e1 marcada para as 11 horas.<\/p>\n<p>O secret\u00e1rio municipal de Esportes, Bruno Marchi, agradeceu o empenho de toda a equipe da Secretaria de Esportes, que trabalhou com planejamento e dedica\u00e7\u00e3o para garantir o bom andamento da competi\u00e7\u00e3o desde o in\u00edcio. \u201cTivemos um torneio organizado, competitivo e, acima de tudo, marcado pelo respeito, pela paz e pelo esp\u00edrito esportivo entre as equipes. Parabenizo todos os envolvidos, t\u00e9cnicos, atletas e tamb\u00e9m o p\u00fablico. Nosso agradecimento ainda aos parceiros das \u00e1reas de seguran\u00e7a e sa\u00fade, que contribu\u00edram para que tudo ocorresse com tranquilidade. Tenho a certeza de que encerraremos o torneio nesta sexta-feira no mesmo n\u00edvel\u201d, disse Marchi, enaltecendo ainda o trabalho do professor \u00c2ngelo Danilo, coordenador da competi\u00e7\u00e3o.<\/p>\n","protected":false},"excerpt":{"rendered":"<p>Maior festa do futebol amador, o tradicional Torneio 1&ordm; de Maio de Apucarana conhecer&aacute; nesta sexta-feira (01\/05), feriado do Dia do Trabalhador, o campe&atilde;o da edi&ccedil;&atilde;o 2026. Popularmente chamado de Torneio do Trabalhador, as semifinais, disputa do 3&ordm; lugar e a grande final acontecem a partir das 8h30, no Centro Esportivo Hairton Santos, antigo Campo [&hellip;]<\/p>\n","protected":false},"author":7,"featured_media":126562,"comment_status":"closed","ping_status":"closed","sticky":false,"template":"","format":"standard","meta":{"footnotes":""},"categories":[24],"tags":[],"class_list":["post-126558","post","type-post","status-publish","format-standard","has-post-thumbnail","hentry","category-noticias"],"acf":[],"_links":{"self":[{"href":"https:\/\/www.apucarana.pr.gov.br\/site\/wp-json\/wp\/v2\/posts\/126558","targetHints":{"allow":["GET"]}}],"collection":[{"href":"https:\/\/www.apucarana.pr.gov.br\/site\/wp-json\/wp\/v2\/posts"}],"about":[{"href":"https:\/\/www.apucarana.pr.gov.br\/site\/wp-json\/wp\/v2\/types\/post"}],"author":[{"embeddable":true,"href":"https:\/\/www.apucarana.pr.gov.br\/site\/wp-json\/wp\/v2\/users\/7"}],"replies":[{"embeddable":true,"href":"https:\/\/www.apucarana.pr.gov.br\/site\/wp-json\/wp\/v2\/comments?post=126558"}],"version-history":[{"count":1,"href":"https:\/\/www.apucarana.pr.gov.br\/site\/wp-json\/wp\/v2\/posts\/126558\/revisions"}],"predecessor-version":[{"id":126563,"href":"https:\/\/www.apucarana.pr.gov.br\/site\/wp-json\/wp\/v2\/posts\/126558\/revisions\/126563"}],"wp:featuredmedia":[{"embeddable":true,"href":"https:\/\/www.apucarana.pr.gov.br\/site\/wp-json\/wp\/v2\/media\/126562"}],"wp:attachment":[{"href":"https:\/\/www.apucarana.pr.gov.br\/site\/wp-json\/wp\/v2\/media?parent=126558"}],"wp:term":[{"taxonomy":"category","embeddable":true,"href":"https:\/\/www.apucarana.pr.gov.br\/site\/wp-json\/wp\/v2\/categories?post=126558"},{"taxonomy":"post_tag","embeddable":true,"href":"https:\/\/www.apucarana.pr.gov.br\/site\/wp-json\/wp\/v2\/tags?post=126558"}],"curies":[{"name":"wp","href":"https:\/\/api.w.org\/{rel}","templated":true}]}}