{"id":126544,"date":"2026-04-30T11:39:35","date_gmt":"2026-04-30T14:39:35","guid":{"rendered":"https:\/\/www.apucarana.pr.gov.br\/site\/?p=126544"},"modified":"2026-04-30T11:48:24","modified_gmt":"2026-04-30T14:48:24","slug":"apucarana-atende-pedido-do-tre-e-disponibiliza-transporte-coletivo-gratuito-para-o-plantao-do-forum-eleitoral","status":"publish","type":"post","link":"https:\/\/www.apucarana.pr.gov.br\/site\/apucarana-atende-pedido-do-tre-e-disponibiliza-transporte-coletivo-gratuito-para-o-plantao-do-forum-eleitoral\/","title":{"rendered":"Apucarana atende pedido do TRE e disponibiliza transporte coletivo gratuito para o plant\u00e3o do F\u00f3rum Eleitoral"},"content":{"rendered":"\n\t\t<!-- MasterSlider -->\n\t\t<div id=\"P_MS69f38f84200e7\" class=\"master-slider-parent master-slider-gallery   ms-parent-id-0\" style=\"\" >\n\n\t\t\t\n\t\t\t<!-- MasterSlider Main -->\n\t\t\t<div id=\"MS69f38f84200e7\" class=\"master-slider ms-skin-default\" >\n\t\t\t\t \t\t\t\t \n\t\t\t<div  class=\"ms-slide\" data-delay=\"3\"    >\n\t\t\t\t\t<img decoding=\"async\" src=\"https:\/\/www.apucarana.pr.gov.br\/site\/wp-content\/plugins\/masterslider\/public\/assets\/css\/blank.gif\" alt=\"transporte_coletivo-7-\" title=\"transporte_coletivo-7-\" data-src=\"https:\/\/www.apucarana.pr.gov.br\/site\/wp-content\/uploads\/2026\/04\/transporte_coletivo-7--1024x683.jpg\" \/>\n\t<a href=\"https:\/\/www.apucarana.pr.gov.br\/site\/wp-content\/uploads\/2026\/04\/transporte_coletivo-7--1024x683.jpg\" target=\"_self\"    >transporte_coletivo-7-<\/a>\n\n\n\t<img decoding=\"async\" class=\"ms-thumb\" src=\"https:\/\/www.apucarana.pr.gov.br\/site\/wp-content\/uploads\/2026\/04\/transporte_coletivo-7--1024x683-140x80.jpg\" alt=\"transporte_coletivo-7-\" \/>\n\t\t\t\t<\/div>\n\t\t\t<div  class=\"ms-slide\" data-delay=\"3\"    >\n\t\t\t\t\t<img decoding=\"async\" src=\"https:\/\/www.apucarana.pr.gov.br\/site\/wp-content\/plugins\/masterslider\/public\/assets\/css\/blank.gif\" alt=\"transporte_coletivo-13-\" title=\"transporte_coletivo-13-\" data-src=\"https:\/\/www.apucarana.pr.gov.br\/site\/wp-content\/uploads\/2026\/04\/transporte_coletivo-13--1024x683.jpg\" \/>\n\t<a href=\"https:\/\/www.apucarana.pr.gov.br\/site\/wp-content\/uploads\/2026\/04\/transporte_coletivo-13--1024x683.jpg\" target=\"_self\"    >transporte_coletivo-13-<\/a>\n\n\n\t<img decoding=\"async\" class=\"ms-thumb\" src=\"https:\/\/www.apucarana.pr.gov.br\/site\/wp-content\/uploads\/2026\/04\/transporte_coletivo-13--1024x683-140x80.jpg\" alt=\"transporte_coletivo-13-\" \/>\n\t\t\t\t<\/div>\n\t\t\t<div  class=\"ms-slide\" data-delay=\"3\"    >\n\t\t\t\t\t<img decoding=\"async\" src=\"https:\/\/www.apucarana.pr.gov.br\/site\/wp-content\/plugins\/masterslider\/public\/assets\/css\/blank.gif\" alt=\"transporte_coletivo-16-\" title=\"transporte_coletivo-16-\" data-src=\"https:\/\/www.apucarana.pr.gov.br\/site\/wp-content\/uploads\/2026\/04\/transporte_coletivo-16--1024x683.jpg\" \/>\n\t<a href=\"https:\/\/www.apucarana.pr.gov.br\/site\/wp-content\/uploads\/2026\/04\/transporte_coletivo-16--1024x683.jpg\" target=\"_self\"    >transporte_coletivo-16-<\/a>\n\n\n\t<img decoding=\"async\" class=\"ms-thumb\" src=\"https:\/\/www.apucarana.pr.gov.br\/site\/wp-content\/uploads\/2026\/04\/transporte_coletivo-16--1024x683-140x80.jpg\" alt=\"transporte_coletivo-16-\" \/>\n\t\t\t\t<\/div>\n\n\t\t\t<\/div>\n\t\t\t<!-- END MasterSlider Main -->\n\n\t\t\t \n\t\t<\/div>\n\t\t<!-- END MasterSlider -->\n\n\t\t<script>\n\t\t( window.MSReady = window.MSReady || [] ).push( function( $ ) {\n\n\t\t\t\"use strict\";\n\t\t\tvar masterslider_00e7 = new MasterSlider();\n\n\t\t\t\/\/ slider controls\n\t\t\tmasterslider_00e7.control('arrows'     ,{ autohide:true, overVideo:true  });\n\t\t\tmasterslider_00e7.control('thumblist'  ,{ autohide:false, overVideo:true, dir:'h', speed:17, inset:false, arrows:false, hover:false, customClass:'', align:'bottom',type:'thumbs', margin:2, width:140, height:80, space:2, fillMode:'fill'  });\n\t\t\t\/\/ slider setup\n\t\t\tmasterslider_00e7.setup(\"MS69f38f84200e7\", {\n\t\t\t\twidth           : 960,\n\t\t\t\theight          : 540,\n\t\t\t\tminHeight       : 0,\n\t\t\t\tspace           : 0,\n\t\t\t\tstart           : 1,\n\t\t\t\tgrabCursor      : true,\n\t\t\t\tswipe           : true,\n\t\t\t\tmouse           : true,\n\t\t\t\tkeyboard        : false,\n\t\t\t\tlayout          : \"fillwidth\",\n\t\t\t\twheel           : false,\n\t\t\t\tautoplay        : true,\n                instantStartLayers:false,\n\t\t\t\tmobileBGVideo:false,\n\t\t\t\tloop            : true,\n\t\t\t\tshuffle         : false,\n\t\t\t\tpreload         : 3,\n\t\t\t\theightLimit     : false,\n\t\t\t\tautoHeight      : false,\n\t\t\t\tsmoothHeight    : true,\n\t\t\t\tendPause        : false,\n\t\t\t\toverPause       : false,\n\t\t\t\tfillMode        : \"fill\",\n\t\t\t\tcenterControls  : true,\n\t\t\t\tstartOnAppear   : false,\n\t\t\t\tlayersMode      : \"center\",\n\t\t\t\tautofillTarget  : \"\",\n\t\t\t\thideLayers      : false,\n\t\t\t\tfullscreenMargin: 0,\n\t\t\t\tspeed           : 17,\n\t\t\t\tdir             : \"h\",\n\t\t\t\tresponsive      : true,\n\t\t\t\ttabletWidth     : 768,\n\t\t\t\ttabletHeight    : null,\n\t\t\t\tphoneWidth      : 480,\n\t\t\t\tphoneHeight    : null,\n\t\t\t\tsizingReference : window,\n\t\t\t\tparallaxMode    : 'swipe',\n\t\t\t\tview            : \"basic\"\n\t\t\t});\n\n\t\t\t\n\t\t\twindow.masterslider_instances = window.masterslider_instances || [];\n\t\t\twindow.masterslider_instances.push( masterslider_00e7 );\n\t\t});\n\t\t<\/script>\n\n\n<p>A Prefeitura de Apucarana garantiu o transporte coletivo gratuito nesta sexta (1\u00ba), s\u00e1bado (2) e domingo (3), facilitando o acesso da popula\u00e7\u00e3o ao F\u00f3rum Eleitoral. Nestes dias, o \u00f3rg\u00e3o vai fazer um plant\u00e3o de atendimento para regularizar a situa\u00e7\u00e3o de quem est\u00e1 com pend\u00eancias no t\u00edtulo de eleitor.<\/p>\n<p>O prefeito Rodolfo Mota explica que a medida atende pedido do Tribunal Regional Eleitoral (TRE) do Paran\u00e1.\u00a0 \u201cO objetivo \u00e9 evitar que fatores como dist\u00e2ncia ou custo impe\u00e7am o cidad\u00e3o de regularizar a situa\u00e7\u00e3o, garantindo que todos os apucaranenses tenham plenas condi\u00e7\u00f5es de exercer sua cidadania\u201d, ressaltou.<\/p>\n<p>&nbsp;<\/p>\n<p><strong>Linha especial do terminal at\u00e9 o f\u00f3rum<\/strong><\/p>\n<p>O secret\u00e1rio municipal de Seguran\u00e7a, Transporte, Tr\u00e2nsito, Mobilidade Urbana e Defesa Civil (Segtran), subtenente Almir Antonio de Freitas, afirma que a demanda foi encaminhada \u00e0 empresa concession\u00e1ria VAL (Via\u00e7\u00e3o Apucarana Ltda), que prontamente atendeu a solicita\u00e7\u00e3o. \u201cDialogamos com a dire\u00e7\u00e3o da VAL e conseguimos viabilizar o transporte sem custos para o cidad\u00e3o e tamb\u00e9m para o Munic\u00edpio\u201d, reiterou.<\/p>\n<p>Ele explica que foi criada uma linha especial para sexta, s\u00e1bado e domingo, das 9 \u00e0s 17 horas, com sa\u00eddas a cada hora do terminal rodovi\u00e1rio urbano at\u00e9 o F\u00f3rum Eleitoral de Apucarana, na regi\u00e3o do Parque Jaboti. No local haver\u00e1 alguns minutos de espera e, em seguida, o ve\u00edculo retorna ao terminal urbano. \u201c\u00c9 importante ressaltar que a gratuidade \u00e9 exclusivamente para este servi\u00e7o e n\u00e3o para o transporte coletivo de toda a cidade\u201d, esclareceu o secret\u00e1rio.<\/p>\n<p>&nbsp;<\/p>\n<p><strong>Hor\u00e1rio de atendimento e documenta\u00e7\u00e3o<\/strong><\/p>\n<p>O atendimento acontece das 9h \u00e0s 17h, com estrutura refor\u00e7ada para absorver a alta demanda t\u00edpica do per\u00edodo que antecede o fechamento do cadastro eleitoral. O F\u00f3rum Eleitoral de Apucarana est\u00e1 situado na Rua Ur\u00e2nio, 952, Vila S\u00e3o Carlos (na regi\u00e3o do Parque Jaboti).<\/p>\n<p>Durante o plant\u00e3o, os eleitores poder\u00e3o realizar diversos servi\u00e7os, como emitir t\u00edtulo de eleitor, regularizar, revisar ou transferir de domic\u00edlio. \u00c9 necess\u00e1rio apresentar documento oficial com foto, CPF e comprovante de resid\u00eancia emitido h\u00e1 no m\u00e1ximo um ano. Jovens do sexo masculino que completam 19 anos em 2026 tamb\u00e9m devem levar a certid\u00e3o de quita\u00e7\u00e3o militar.<\/p>\n<p>Eleitores com biometria j\u00e1 cadastrada podem realizar os servi\u00e7os de forma on-line at\u00e9 o dia 6 de maio. De acordo com a Justi\u00e7a Eleitoral, o fechamento do cadastro nesta data \u00e9 necess\u00e1rio para organizar toda a log\u00edstica do pleito, que ter\u00e1 o primeiro turno em 4 de outubro.<\/p>\n<p>Al\u00e9m de Apucarana, o plant\u00e3o do final de semana ser\u00e1 realizado em outros 22 munic\u00edpios com mais de 70 mil eleitores.<\/p>\n<p>&nbsp;<\/p>\n","protected":false},"excerpt":{"rendered":"<p>A Prefeitura de Apucarana garantiu o transporte coletivo gratuito nesta sexta (1&ordm;), s&aacute;bado (2) e domingo (3), facilitando o acesso da popula&ccedil;&atilde;o ao F&oacute;rum Eleitoral. Nestes dias, o &oacute;rg&atilde;o vai fazer um plant&atilde;o de atendimento para regularizar a situa&ccedil;&atilde;o de quem est&aacute; com pend&ecirc;ncias no t&iacute;tulo de eleitor. O prefeito Rodolfo Mota explica que a [&hellip;]<\/p>\n","protected":false},"author":6,"featured_media":126548,"comment_status":"closed","ping_status":"closed","sticky":false,"template":"","format":"standard","meta":{"footnotes":""},"categories":[203],"tags":[],"class_list":["post-126544","post","type-post","status-publish","format-standard","has-post-thumbnail","hentry","category-destaque"],"acf":[],"_links":{"self":[{"href":"https:\/\/www.apucarana.pr.gov.br\/site\/wp-json\/wp\/v2\/posts\/126544","targetHints":{"allow":["GET"]}}],"collection":[{"href":"https:\/\/www.apucarana.pr.gov.br\/site\/wp-json\/wp\/v2\/posts"}],"about":[{"href":"https:\/\/www.apucarana.pr.gov.br\/site\/wp-json\/wp\/v2\/types\/post"}],"author":[{"embeddable":true,"href":"https:\/\/www.apucarana.pr.gov.br\/site\/wp-json\/wp\/v2\/users\/6"}],"replies":[{"embeddable":true,"href":"https:\/\/www.apucarana.pr.gov.br\/site\/wp-json\/wp\/v2\/comments?post=126544"}],"version-history":[{"count":2,"href":"https:\/\/www.apucarana.pr.gov.br\/site\/wp-json\/wp\/v2\/posts\/126544\/revisions"}],"predecessor-version":[{"id":126550,"href":"https:\/\/www.apucarana.pr.gov.br\/site\/wp-json\/wp\/v2\/posts\/126544\/revisions\/126550"}],"wp:featuredmedia":[{"embeddable":true,"href":"https:\/\/www.apucarana.pr.gov.br\/site\/wp-json\/wp\/v2\/media\/126548"}],"wp:attachment":[{"href":"https:\/\/www.apucarana.pr.gov.br\/site\/wp-json\/wp\/v2\/media?parent=126544"}],"wp:term":[{"taxonomy":"category","embeddable":true,"href":"https:\/\/www.apucarana.pr.gov.br\/site\/wp-json\/wp\/v2\/categories?post=126544"},{"taxonomy":"post_tag","embeddable":true,"href":"https:\/\/www.apucarana.pr.gov.br\/site\/wp-json\/wp\/v2\/tags?post=126544"}],"curies":[{"name":"wp","href":"https:\/\/api.w.org\/{rel}","templated":true}]}}