{"id":124981,"date":"2026-03-17T17:38:40","date_gmt":"2026-03-17T20:38:40","guid":{"rendered":"https:\/\/www.apucarana.pr.gov.br\/site\/?p=124981"},"modified":"2026-03-17T17:59:01","modified_gmt":"2026-03-17T20:59:01","slug":"prefeitura-orienta-motoristas-sobre-transito-em-meia-pista-na-rua-dr-nagib-daher-a-partir-desta-quarta-feira18","status":"publish","type":"post","link":"https:\/\/www.apucarana.pr.gov.br\/site\/prefeitura-orienta-motoristas-sobre-transito-em-meia-pista-na-rua-dr-nagib-daher-a-partir-desta-quarta-feira18\/","title":{"rendered":"Prefeitura orienta motoristas sobre tr\u00e2nsito em meia pista na Rua Dr. Nagib Daher a partir desta quarta-feira(18)"},"content":{"rendered":"\n\t\t<!-- MasterSlider -->\n\t\t<div id=\"P_MS69f5bd506c3eb\" class=\"master-slider-parent master-slider-gallery   ms-parent-id-0\" style=\"\" >\n\n\t\t\t\n\t\t\t<!-- MasterSlider Main -->\n\t\t\t<div id=\"MS69f5bd506c3eb\" class=\"master-slider ms-skin-default\" >\n\t\t\t\t \t\t\t\t \n\t\t\t<div  class=\"ms-slide\" data-delay=\"3\"    >\n\t\t\t\t\t<img decoding=\"async\" src=\"https:\/\/www.apucarana.pr.gov.br\/site\/wp-content\/plugins\/masterslider\/public\/assets\/css\/blank.gif\" alt=\"2026-03-17_rua_nagib-daher_interdicao_006\" title=\"2026-03-17_rua_nagib-daher_interdicao_006\" data-src=\"https:\/\/www.apucarana.pr.gov.br\/site\/wp-content\/uploads\/2026\/03\/2026-03-17_rua_nagib-daher_interdicao_006-1024x683.jpg\" \/>\n\t<a href=\"https:\/\/www.apucarana.pr.gov.br\/site\/wp-content\/uploads\/2026\/03\/2026-03-17_rua_nagib-daher_interdicao_006-1024x683.jpg\" target=\"_self\"    >2026-03-17_rua_nagib-daher_interdicao_006<\/a>\n\n\t\t\t\t\t<div class=\"ms-info\">2026-03-17_rua_nagib-daher_interdicao_006<\/div>\n\n\n\t<img decoding=\"async\" class=\"ms-thumb\" src=\"https:\/\/www.apucarana.pr.gov.br\/site\/wp-content\/uploads\/2026\/03\/2026-03-17_rua_nagib-daher_interdicao_006-1024x683-140x80.jpg\" alt=\"2026-03-17_rua_nagib-daher_interdicao_006\" \/>\n\t\t\t\t<\/div>\n\t\t\t<div  class=\"ms-slide\" data-delay=\"3\"    >\n\t\t\t\t\t<img decoding=\"async\" src=\"https:\/\/www.apucarana.pr.gov.br\/site\/wp-content\/plugins\/masterslider\/public\/assets\/css\/blank.gif\" alt=\"2026-03-17_rua_nagib-daher_interdicao_004\" title=\"2026-03-17_rua_nagib-daher_interdicao_004\" data-src=\"https:\/\/www.apucarana.pr.gov.br\/site\/wp-content\/uploads\/2026\/03\/2026-03-17_rua_nagib-daher_interdicao_004-1024x683.jpg\" \/>\n\t<a href=\"https:\/\/www.apucarana.pr.gov.br\/site\/wp-content\/uploads\/2026\/03\/2026-03-17_rua_nagib-daher_interdicao_004-1024x683.jpg\" target=\"_self\"    >2026-03-17_rua_nagib-daher_interdicao_004<\/a>\n\n\t\t\t\t\t<div class=\"ms-info\">2026-03-17_rua_nagib-daher_interdicao_004<\/div>\n\n\n\t<img decoding=\"async\" class=\"ms-thumb\" src=\"https:\/\/www.apucarana.pr.gov.br\/site\/wp-content\/uploads\/2026\/03\/2026-03-17_rua_nagib-daher_interdicao_004-1024x683-140x80.jpg\" alt=\"2026-03-17_rua_nagib-daher_interdicao_004\" \/>\n\t\t\t\t<\/div>\n\t\t\t<div  class=\"ms-slide\" data-delay=\"3\"    >\n\t\t\t\t\t<img decoding=\"async\" src=\"https:\/\/www.apucarana.pr.gov.br\/site\/wp-content\/plugins\/masterslider\/public\/assets\/css\/blank.gif\" alt=\"2026-03-17_rua_nagib-daher_interdicao_001\" title=\"2026-03-17_rua_nagib-daher_interdicao_001\" data-src=\"https:\/\/www.apucarana.pr.gov.br\/site\/wp-content\/uploads\/2026\/03\/2026-03-17_rua_nagib-daher_interdicao_001-1024x683.jpg\" \/>\n\t<a href=\"https:\/\/www.apucarana.pr.gov.br\/site\/wp-content\/uploads\/2026\/03\/2026-03-17_rua_nagib-daher_interdicao_001-1024x683.jpg\" target=\"_self\"    >2026-03-17_rua_nagib-daher_interdicao_001<\/a>\n\n\t\t\t\t\t<div class=\"ms-info\">2026-03-17_rua_nagib-daher_interdicao_001<\/div>\n\n\n\t<img decoding=\"async\" class=\"ms-thumb\" src=\"https:\/\/www.apucarana.pr.gov.br\/site\/wp-content\/uploads\/2026\/03\/2026-03-17_rua_nagib-daher_interdicao_001-1024x683-140x80.jpg\" alt=\"2026-03-17_rua_nagib-daher_interdicao_001\" \/>\n\t\t\t\t<\/div>\n\n\t\t\t<\/div>\n\t\t\t<!-- END MasterSlider Main -->\n\n\t\t\t \n\t\t<\/div>\n\t\t<!-- END MasterSlider -->\n\n\t\t<script>\n\t\t( window.MSReady = window.MSReady || [] ).push( function( $ ) {\n\n\t\t\t\"use strict\";\n\t\t\tvar masterslider_c3eb = new MasterSlider();\n\n\t\t\t\/\/ slider controls\n\t\t\tmasterslider_c3eb.control('arrows'     ,{ autohide:true, overVideo:true  });\n\t\t\tmasterslider_c3eb.control('thumblist'  ,{ autohide:false, overVideo:true, dir:'h', speed:17, inset:false, arrows:false, hover:false, customClass:'', align:'bottom',type:'thumbs', margin:2, width:140, height:80, space:2, fillMode:'fill'  });\n\t\t\tmasterslider_c3eb.control('slideinfo'  ,{ autohide:true, overVideo:true, dir:'h', align:'bottom',inset:true , margin:80  , size:30 });\n\t\t\t\/\/ slider setup\n\t\t\tmasterslider_c3eb.setup(\"MS69f5bd506c3eb\", {\n\t\t\t\twidth           : 960,\n\t\t\t\theight          : 540,\n\t\t\t\tminHeight       : 0,\n\t\t\t\tspace           : 0,\n\t\t\t\tstart           : 1,\n\t\t\t\tgrabCursor      : true,\n\t\t\t\tswipe           : true,\n\t\t\t\tmouse           : true,\n\t\t\t\tkeyboard        : false,\n\t\t\t\tlayout          : \"fillwidth\",\n\t\t\t\twheel           : false,\n\t\t\t\tautoplay        : false,\n                instantStartLayers:false,\n\t\t\t\tmobileBGVideo:false,\n\t\t\t\tloop            : false,\n\t\t\t\tshuffle         : false,\n\t\t\t\tpreload         : 3,\n\t\t\t\theightLimit     : false,\n\t\t\t\tautoHeight      : false,\n\t\t\t\tsmoothHeight    : true,\n\t\t\t\tendPause        : false,\n\t\t\t\toverPause       : false,\n\t\t\t\tfillMode        : \"fill\",\n\t\t\t\tcenterControls  : true,\n\t\t\t\tstartOnAppear   : false,\n\t\t\t\tlayersMode      : \"center\",\n\t\t\t\tautofillTarget  : \"\",\n\t\t\t\thideLayers      : false,\n\t\t\t\tfullscreenMargin: 0,\n\t\t\t\tspeed           : 17,\n\t\t\t\tdir             : \"h\",\n\t\t\t\tresponsive      : true,\n\t\t\t\ttabletWidth     : 768,\n\t\t\t\ttabletHeight    : null,\n\t\t\t\tphoneWidth      : 480,\n\t\t\t\tphoneHeight    : null,\n\t\t\t\tsizingReference : window,\n\t\t\t\tparallaxMode    : 'swipe',\n\t\t\t\tview            : \"basic\"\n\t\t\t});\n\n\t\t\t\n\t\t\twindow.masterslider_instances = window.masterslider_instances || [];\n\t\t\twindow.masterslider_instances.push( masterslider_c3eb );\n\t\t});\n\t\t<\/script>\n\n\n<p>Os motoristas devem redobrar a aten\u00e7\u00e3o a partir quarta-feira (18\/03) na Rua Dr. Nagib Daher, nas proximidades do Hospital da Provid\u00eancia, em Apucarana. O tr\u00e2nsito passa a fluir em meia pista devido \u00e0s obras de reforma na fachada do pr\u00e9dio.<\/p>\n<p>A interven\u00e7\u00e3o foi autorizada pela Prefeitura de Apucarana, por meio da Secretaria Municipal de Seguran\u00e7a, Transporte, Tr\u00e2nsito, Mobilidade Urbana e Defesa Civil (Segtran), atendendo \u00e0 solicita\u00e7\u00e3o da empresa respons\u00e1vel pela execu\u00e7\u00e3o dos servi\u00e7os.<\/p>\n<p>A interdi\u00e7\u00e3o parcial da via \u00e9 necess\u00e1ria em fun\u00e7\u00e3o do uso de maquin\u00e1rio que ocupar\u00e1 parte da pista durante a execu\u00e7\u00e3o da obra. A medida visa garantir a seguran\u00e7a tanto dos trabalhadores quanto dos motoristas que trafegam pelo local.<\/p>\n<p>O per\u00edodo de interdi\u00e7\u00e3o compreende os dias 18 de mar\u00e7o a 1\u00ba de abril de 2026, sempre das 7h \u00e0s 17h30. Durante esse hor\u00e1rio, o tr\u00e2nsito funcionar\u00e1 em meia pista, podendo haver lentid\u00e3o no fluxo de ve\u00edculos.<\/p>\n<p>A orienta\u00e7\u00e3o \u00e9 para que os condutores, sempre que poss\u00edvel, evitem transitar pela regi\u00e3o e optem por rotas alternativas. Aqueles que precisarem passar pelo local devem redobrar a aten\u00e7\u00e3o e respeitar a sinaliza\u00e7\u00e3o.<\/p>\n<p>A Prefeitura refor\u00e7a que a organiza\u00e7\u00e3o e a sinaliza\u00e7\u00e3o da \u00e1rea interditada s\u00e3o de responsabilidade da empresa executora da obra, conforme previsto na autoriza\u00e7\u00e3o concedida.<\/p>\n","protected":false},"excerpt":{"rendered":"<p>Os motoristas devem redobrar a aten&ccedil;&atilde;o a partir quarta-feira (18\/03) na Rua Dr. Nagib Daher, nas proximidades do Hospital da Provid&ecirc;ncia, em Apucarana. O tr&acirc;nsito passa a fluir em meia pista devido &agrave;s obras de reforma na fachada do pr&eacute;dio. A interven&ccedil;&atilde;o foi autorizada pela Prefeitura de Apucarana, por meio da Secretaria Municipal de Seguran&ccedil;a, [&hellip;]<\/p>\n","protected":false},"author":16,"featured_media":124982,"comment_status":"closed","ping_status":"closed","sticky":false,"template":"","format":"standard","meta":{"footnotes":""},"categories":[24],"tags":[],"class_list":["post-124981","post","type-post","status-publish","format-standard","has-post-thumbnail","hentry","category-noticias"],"acf":[],"_links":{"self":[{"href":"https:\/\/www.apucarana.pr.gov.br\/site\/wp-json\/wp\/v2\/posts\/124981","targetHints":{"allow":["GET"]}}],"collection":[{"href":"https:\/\/www.apucarana.pr.gov.br\/site\/wp-json\/wp\/v2\/posts"}],"about":[{"href":"https:\/\/www.apucarana.pr.gov.br\/site\/wp-json\/wp\/v2\/types\/post"}],"author":[{"embeddable":true,"href":"https:\/\/www.apucarana.pr.gov.br\/site\/wp-json\/wp\/v2\/users\/16"}],"replies":[{"embeddable":true,"href":"https:\/\/www.apucarana.pr.gov.br\/site\/wp-json\/wp\/v2\/comments?post=124981"}],"version-history":[{"count":2,"href":"https:\/\/www.apucarana.pr.gov.br\/site\/wp-json\/wp\/v2\/posts\/124981\/revisions"}],"predecessor-version":[{"id":124987,"href":"https:\/\/www.apucarana.pr.gov.br\/site\/wp-json\/wp\/v2\/posts\/124981\/revisions\/124987"}],"wp:featuredmedia":[{"embeddable":true,"href":"https:\/\/www.apucarana.pr.gov.br\/site\/wp-json\/wp\/v2\/media\/124982"}],"wp:attachment":[{"href":"https:\/\/www.apucarana.pr.gov.br\/site\/wp-json\/wp\/v2\/media?parent=124981"}],"wp:term":[{"taxonomy":"category","embeddable":true,"href":"https:\/\/www.apucarana.pr.gov.br\/site\/wp-json\/wp\/v2\/categories?post=124981"},{"taxonomy":"post_tag","embeddable":true,"href":"https:\/\/www.apucarana.pr.gov.br\/site\/wp-json\/wp\/v2\/tags?post=124981"}],"curies":[{"name":"wp","href":"https:\/\/api.w.org\/{rel}","templated":true}]}}