{"id":124977,"date":"2026-03-17T17:09:52","date_gmt":"2026-03-17T20:09:52","guid":{"rendered":"https:\/\/www.apucarana.pr.gov.br\/site\/?p=124977"},"modified":"2026-03-18T10:31:39","modified_gmt":"2026-03-18T13:31:39","slug":"apucarana-viabiliza-com-o-governo-do-estado-6-barracoes-industriais-para-atrair-empresas-e-gerar-empregos","status":"publish","type":"post","link":"https:\/\/www.apucarana.pr.gov.br\/site\/apucarana-viabiliza-com-o-governo-do-estado-6-barracoes-industriais-para-atrair-empresas-e-gerar-empregos\/","title":{"rendered":"Apucarana viabiliza com o Governo do Estado 6 barrac\u00f5es industriais para atrair empresas e gerar empregos"},"content":{"rendered":"\n\t\t<!-- MasterSlider -->\n\t\t<div id=\"P_MS69f5ae9eabd96\" class=\"master-slider-parent master-slider-gallery   ms-parent-id-0\" style=\"\" >\n\n\t\t\t\n\t\t\t<!-- MasterSlider Main -->\n\t\t\t<div id=\"MS69f5ae9eabd96\" class=\"master-slider ms-skin-default\" >\n\t\t\t\t \t\t\t\t \n\t\t\t<div  class=\"ms-slide\" data-delay=\"3\"    >\n\t\t\t\t\t<img decoding=\"async\" src=\"https:\/\/www.apucarana.pr.gov.br\/site\/wp-content\/plugins\/masterslider\/public\/assets\/css\/blank.gif\" alt=\"2026-03-17_acelera_parana (1)\" title=\"2026-03-17_acelera_parana (1)\" data-src=\"https:\/\/www.apucarana.pr.gov.br\/site\/wp-content\/uploads\/2026\/03\/2026-03-17_acelera_parana-1-1024x576.jpg\" \/>\n\t<a href=\"https:\/\/www.apucarana.pr.gov.br\/site\/wp-content\/uploads\/2026\/03\/2026-03-17_acelera_parana-1-1024x576.jpg\" target=\"_self\"    >2026-03-17_acelera_parana (1)<\/a>\n\n\n\t\t\t\t<\/div>\n\n\t\t\t<\/div>\n\t\t\t<!-- END MasterSlider Main -->\n\n\t\t\t \n\t\t<\/div>\n\t\t<!-- END MasterSlider -->\n\n\t\t<script>\n\t\t( window.MSReady = window.MSReady || [] ).push( function( $ ) {\n\n\t\t\t\"use strict\";\n\t\t\tvar masterslider_bd96 = new MasterSlider();\n\n\t\t\t\/\/ slider controls\n\t\t\tmasterslider_bd96.control('arrows'     ,{ autohide:true, overVideo:true  });\n\t\t\t\/\/ slider setup\n\t\t\tmasterslider_bd96.setup(\"MS69f5ae9eabd96\", {\n\t\t\t\twidth           : 960,\n\t\t\t\theight          : 540,\n\t\t\t\tminHeight       : 0,\n\t\t\t\tspace           : 0,\n\t\t\t\tstart           : 1,\n\t\t\t\tgrabCursor      : true,\n\t\t\t\tswipe           : true,\n\t\t\t\tmouse           : true,\n\t\t\t\tkeyboard        : false,\n\t\t\t\tlayout          : \"fillwidth\",\n\t\t\t\twheel           : false,\n\t\t\t\tautoplay        : true,\n                instantStartLayers:false,\n\t\t\t\tmobileBGVideo:false,\n\t\t\t\tloop            : true,\n\t\t\t\tshuffle         : false,\n\t\t\t\tpreload         : 3,\n\t\t\t\theightLimit     : false,\n\t\t\t\tautoHeight      : false,\n\t\t\t\tsmoothHeight    : true,\n\t\t\t\tendPause        : false,\n\t\t\t\toverPause       : false,\n\t\t\t\tfillMode        : \"fill\",\n\t\t\t\tcenterControls  : true,\n\t\t\t\tstartOnAppear   : false,\n\t\t\t\tlayersMode      : \"center\",\n\t\t\t\tautofillTarget  : \"\",\n\t\t\t\thideLayers      : false,\n\t\t\t\tfullscreenMargin: 0,\n\t\t\t\tspeed           : 17,\n\t\t\t\tdir             : \"h\",\n\t\t\t\tresponsive      : true,\n\t\t\t\ttabletWidth     : 768,\n\t\t\t\ttabletHeight    : null,\n\t\t\t\tphoneWidth      : 480,\n\t\t\t\tphoneHeight    : null,\n\t\t\t\tsizingReference : window,\n\t\t\t\tparallaxMode    : 'swipe',\n\t\t\t\tview            : \"basic\"\n\t\t\t});\n\n\t\t\t\n\t\t\twindow.masterslider_instances = window.masterslider_instances || [];\n\t\t\twindow.masterslider_instances.push( masterslider_bd96 );\n\t\t});\n\t\t<\/script>\n\n\n<p>Apucarana vai contar com seis novos barrac\u00f5es industriais para impulsionar a instala\u00e7\u00e3o de empresas e ampliar a gera\u00e7\u00e3o de empregos. A conquista foi viabilizada pelo prefeito Rodolfo Mota, junto ao secret\u00e1rio de Estado da Ind\u00fastria e Com\u00e9rcio, Marco Brasil, com investimento de R$ 5 milh\u00f5es e contrapartida do munic\u00edpio. O an\u00fancio foi realizado nesta ter\u00e7a-feira (17\/03), em Curitiba, durante a formaliza\u00e7\u00e3o de um pacote estadual de investimentos do Acelera Paran\u00e1, que soma cerca de R$ 255 milh\u00f5es e contempla 250 munic\u00edpios paranaenses, com a constru\u00e7\u00e3o de 359 barrac\u00f5es industriais e 29 espa\u00e7os de coworking. No evento, o secret\u00e1rio de Assuntos Estrat\u00e9gicos e da Ind\u00fastria e Com\u00e9rcio, Emerson Toledo, representou o prefeito Rodolfo Mota.<br \/>\nEm Apucarana, os barrac\u00f5es industriais ser\u00e3o destinados a incubadoras para pequenas e m\u00e9dias empresas, facilitando a instala\u00e7\u00e3o de novos neg\u00f3cios e fortalecendo a economia local.<\/p>\n<p>O prefeito Rodolfo Mota ressaltou a relev\u00e2ncia da parceria com o Governo do Estado e o impacto direto na economia local. \u201cApucarana vive um momento de avan\u00e7o e planejamento. Esses investimentos representam mais desenvolvimento, mais empresas e mais empregos para nossa gente. Agradecemos ao governador Ratinho J\u00fanior, ao governador em exerc\u00edcio Darci Piana e ao secret\u00e1rio Marco Brasil pela parceria e pelo olhar atento \u00e0s necessidades do nosso munic\u00edpio. Juntos, estamos construindo uma cidade cada vez mais forte e preparada para o futuro\u201d, declarou.<\/p>\n<p>Representando o munic\u00edpio no evento, Emerson Toledo destacou o significado do investimento para o futuro de Apucarana. \u201c\u00c9 um orgulho muito grande estar \u00e0 frente dessa miss\u00e3o que o prefeito Rodolfo nos confiou. O prefeito e sua equipe v\u00eam trabalhando com responsabilidade e vis\u00e3o de futuro, buscando oportunidades que realmente transformem Apucarana. Esses investimentos v\u00e3o gerar emprego, renda e novas oportunidades para a popula\u00e7\u00e3o, fortalecendo o desenvolvimento do munic\u00edpio\u201d, afirmou.<\/p>\n<p>O evento contou com a presen\u00e7a do governador em exerc\u00edcio Darci Piana, do secret\u00e1rio de Estado da Ind\u00fastria e Com\u00e9rcio, Marco Brasil, al\u00e9m de diversas autoridades, secret\u00e1rios de Estado e deputados, refor\u00e7ando a import\u00e2ncia estrat\u00e9gica da iniciativa para o desenvolvimento regional.<\/p>\n<p>O secret\u00e1rio Marco Brasil contribuiu diretamente para que Apucarana fosse contemplada com os novos barrac\u00f5es industriais. A parceria com o Governo do Estado refor\u00e7a o alinhamento institucional e amplia as oportunidades de desenvolvimento para o munic\u00edpio.<\/p>\n<p>Com a implanta\u00e7\u00e3o dos novos barrac\u00f5es industriais, Apucarana amplia sua capacidade de atrair investimentos, fortalecer o setor produtivo e gerar empregos. A iniciativa integra uma estrat\u00e9gia mais ampla de desenvolvimento econ\u00f4mico, voltada \u00e0 industrializa\u00e7\u00e3o e \u00e0 amplia\u00e7\u00e3o de oportunidades para a popula\u00e7\u00e3o.<\/p>\n","protected":false},"excerpt":{"rendered":"<p>Apucarana vai contar com seis novos barrac&otilde;es industriais para impulsionar a instala&ccedil;&atilde;o de empresas e ampliar a gera&ccedil;&atilde;o de empregos. A conquista foi viabilizada pelo prefeito Rodolfo Mota, junto ao secret&aacute;rio de Estado da Ind&uacute;stria e Com&eacute;rcio, Marco Brasil, com investimento de R$ 5 milh&otilde;es e contrapartida do munic&iacute;pio. O an&uacute;ncio foi realizado nesta ter&ccedil;a-feira [&hellip;]<\/p>\n","protected":false},"author":8,"featured_media":124979,"comment_status":"closed","ping_status":"closed","sticky":false,"template":"","format":"standard","meta":{"footnotes":""},"categories":[24],"tags":[],"class_list":["post-124977","post","type-post","status-publish","format-standard","has-post-thumbnail","hentry","category-noticias"],"acf":[],"_links":{"self":[{"href":"https:\/\/www.apucarana.pr.gov.br\/site\/wp-json\/wp\/v2\/posts\/124977","targetHints":{"allow":["GET"]}}],"collection":[{"href":"https:\/\/www.apucarana.pr.gov.br\/site\/wp-json\/wp\/v2\/posts"}],"about":[{"href":"https:\/\/www.apucarana.pr.gov.br\/site\/wp-json\/wp\/v2\/types\/post"}],"author":[{"embeddable":true,"href":"https:\/\/www.apucarana.pr.gov.br\/site\/wp-json\/wp\/v2\/users\/8"}],"replies":[{"embeddable":true,"href":"https:\/\/www.apucarana.pr.gov.br\/site\/wp-json\/wp\/v2\/comments?post=124977"}],"version-history":[{"count":1,"href":"https:\/\/www.apucarana.pr.gov.br\/site\/wp-json\/wp\/v2\/posts\/124977\/revisions"}],"predecessor-version":[{"id":124980,"href":"https:\/\/www.apucarana.pr.gov.br\/site\/wp-json\/wp\/v2\/posts\/124977\/revisions\/124980"}],"wp:featuredmedia":[{"embeddable":true,"href":"https:\/\/www.apucarana.pr.gov.br\/site\/wp-json\/wp\/v2\/media\/124979"}],"wp:attachment":[{"href":"https:\/\/www.apucarana.pr.gov.br\/site\/wp-json\/wp\/v2\/media?parent=124977"}],"wp:term":[{"taxonomy":"category","embeddable":true,"href":"https:\/\/www.apucarana.pr.gov.br\/site\/wp-json\/wp\/v2\/categories?post=124977"},{"taxonomy":"post_tag","embeddable":true,"href":"https:\/\/www.apucarana.pr.gov.br\/site\/wp-json\/wp\/v2\/tags?post=124977"}],"curies":[{"name":"wp","href":"https:\/\/api.w.org\/{rel}","templated":true}]}}