{"id":124970,"date":"2026-03-17T16:32:57","date_gmt":"2026-03-17T19:32:57","guid":{"rendered":"https:\/\/www.apucarana.pr.gov.br\/site\/?p=124970"},"modified":"2026-03-17T17:10:02","modified_gmt":"2026-03-17T20:10:02","slug":"apucarana-realiza-congresso-tecnico-da-fase-municipal-dos-jogos-escolares-do-parana","status":"publish","type":"post","link":"https:\/\/www.apucarana.pr.gov.br\/site\/apucarana-realiza-congresso-tecnico-da-fase-municipal-dos-jogos-escolares-do-parana\/","title":{"rendered":"Apucarana realiza congresso t\u00e9cnico da fase municipal dos Jogos Escolares do Paran\u00e1"},"content":{"rendered":"\n\t\t<!-- MasterSlider -->\n\t\t<div id=\"P_MS69f5bd412399f\" class=\"master-slider-parent master-slider-gallery   ms-parent-id-0\" style=\"\" >\n\n\t\t\t\n\t\t\t<!-- MasterSlider Main -->\n\t\t\t<div id=\"MS69f5bd412399f\" class=\"master-slider ms-skin-default\" >\n\t\t\t\t \t\t\t\t \n\t\t\t<div  class=\"ms-slide\" data-delay=\"3\"    >\n\t\t\t\t\t<img decoding=\"async\" src=\"https:\/\/www.apucarana.pr.gov.br\/site\/wp-content\/plugins\/masterslider\/public\/assets\/css\/blank.gif\" alt=\"2026-03-17_congresso_tecnico_ceja_jeps_006\" title=\"2026-03-17_congresso_tecnico_ceja_jeps_006\" data-src=\"https:\/\/www.apucarana.pr.gov.br\/site\/wp-content\/uploads\/2026\/03\/2026-03-17_congresso_tecnico_ceja_jeps_006-1024x683.jpg\" \/>\n\t<a href=\"https:\/\/www.apucarana.pr.gov.br\/site\/wp-content\/uploads\/2026\/03\/2026-03-17_congresso_tecnico_ceja_jeps_006-1024x683.jpg\" target=\"_self\"    >2026-03-17_congresso_tecnico_ceja_jeps_006<\/a>\n\n\n\t<img decoding=\"async\" class=\"ms-thumb\" src=\"https:\/\/www.apucarana.pr.gov.br\/site\/wp-content\/uploads\/2026\/03\/2026-03-17_congresso_tecnico_ceja_jeps_006-1024x683-140x80.jpg\" alt=\"2026-03-17_congresso_tecnico_ceja_jeps_006\" \/>\n\t\t\t\t<\/div>\n\t\t\t<div  class=\"ms-slide\" data-delay=\"3\"    >\n\t\t\t\t\t<img decoding=\"async\" src=\"https:\/\/www.apucarana.pr.gov.br\/site\/wp-content\/plugins\/masterslider\/public\/assets\/css\/blank.gif\" alt=\"2026-03-17_congresso_tecnico_ceja_jeps_010\" title=\"2026-03-17_congresso_tecnico_ceja_jeps_010\" data-src=\"https:\/\/www.apucarana.pr.gov.br\/site\/wp-content\/uploads\/2026\/03\/2026-03-17_congresso_tecnico_ceja_jeps_010-1024x683.jpg\" \/>\n\t<a href=\"https:\/\/www.apucarana.pr.gov.br\/site\/wp-content\/uploads\/2026\/03\/2026-03-17_congresso_tecnico_ceja_jeps_010-1024x683.jpg\" target=\"_self\"    >2026-03-17_congresso_tecnico_ceja_jeps_010<\/a>\n\n\n\t<img decoding=\"async\" class=\"ms-thumb\" src=\"https:\/\/www.apucarana.pr.gov.br\/site\/wp-content\/uploads\/2026\/03\/2026-03-17_congresso_tecnico_ceja_jeps_010-1024x683-140x80.jpg\" alt=\"2026-03-17_congresso_tecnico_ceja_jeps_010\" \/>\n\t\t\t\t<\/div>\n\t\t\t<div  class=\"ms-slide\" data-delay=\"3\"    >\n\t\t\t\t\t<img decoding=\"async\" src=\"https:\/\/www.apucarana.pr.gov.br\/site\/wp-content\/plugins\/masterslider\/public\/assets\/css\/blank.gif\" alt=\"2026-03-17_congresso_tecnico_ceja_jeps_001\" title=\"2026-03-17_congresso_tecnico_ceja_jeps_001\" data-src=\"https:\/\/www.apucarana.pr.gov.br\/site\/wp-content\/uploads\/2026\/03\/2026-03-17_congresso_tecnico_ceja_jeps_001-1024x683.jpg\" \/>\n\t<a href=\"https:\/\/www.apucarana.pr.gov.br\/site\/wp-content\/uploads\/2026\/03\/2026-03-17_congresso_tecnico_ceja_jeps_001-1024x683.jpg\" target=\"_self\"    >2026-03-17_congresso_tecnico_ceja_jeps_001<\/a>\n\n\n\t<img decoding=\"async\" class=\"ms-thumb\" src=\"https:\/\/www.apucarana.pr.gov.br\/site\/wp-content\/uploads\/2026\/03\/2026-03-17_congresso_tecnico_ceja_jeps_001-1024x683-140x80.jpg\" alt=\"2026-03-17_congresso_tecnico_ceja_jeps_001\" \/>\n\t\t\t\t<\/div>\n\t\t\t<div  class=\"ms-slide\" data-delay=\"3\"    >\n\t\t\t\t\t<img decoding=\"async\" src=\"https:\/\/www.apucarana.pr.gov.br\/site\/wp-content\/plugins\/masterslider\/public\/assets\/css\/blank.gif\" alt=\"2026-03-17_congresso_tecnico_ceja_jeps_003\" title=\"2026-03-17_congresso_tecnico_ceja_jeps_003\" data-src=\"https:\/\/www.apucarana.pr.gov.br\/site\/wp-content\/uploads\/2026\/03\/2026-03-17_congresso_tecnico_ceja_jeps_003-1024x683.jpg\" \/>\n\t<a href=\"https:\/\/www.apucarana.pr.gov.br\/site\/wp-content\/uploads\/2026\/03\/2026-03-17_congresso_tecnico_ceja_jeps_003-1024x683.jpg\" target=\"_self\"    >2026-03-17_congresso_tecnico_ceja_jeps_003<\/a>\n\n\n\t<img decoding=\"async\" class=\"ms-thumb\" src=\"https:\/\/www.apucarana.pr.gov.br\/site\/wp-content\/uploads\/2026\/03\/2026-03-17_congresso_tecnico_ceja_jeps_003-1024x683-140x80.jpg\" alt=\"2026-03-17_congresso_tecnico_ceja_jeps_003\" \/>\n\t\t\t\t<\/div>\n\t\t\t<div  class=\"ms-slide\" data-delay=\"3\"    >\n\t\t\t\t\t<img decoding=\"async\" src=\"https:\/\/www.apucarana.pr.gov.br\/site\/wp-content\/plugins\/masterslider\/public\/assets\/css\/blank.gif\" alt=\"2026-03-17_congresso_tecnico_ceja_jeps_004\" title=\"2026-03-17_congresso_tecnico_ceja_jeps_004\" data-src=\"https:\/\/www.apucarana.pr.gov.br\/site\/wp-content\/uploads\/2026\/03\/2026-03-17_congresso_tecnico_ceja_jeps_004-1024x683.jpg\" \/>\n\t<a href=\"https:\/\/www.apucarana.pr.gov.br\/site\/wp-content\/uploads\/2026\/03\/2026-03-17_congresso_tecnico_ceja_jeps_004-1024x683.jpg\" target=\"_self\"    >2026-03-17_congresso_tecnico_ceja_jeps_004<\/a>\n\n\n\t<img decoding=\"async\" class=\"ms-thumb\" src=\"https:\/\/www.apucarana.pr.gov.br\/site\/wp-content\/uploads\/2026\/03\/2026-03-17_congresso_tecnico_ceja_jeps_004-1024x683-140x80.jpg\" alt=\"2026-03-17_congresso_tecnico_ceja_jeps_004\" \/>\n\t\t\t\t<\/div>\n\n\t\t\t<\/div>\n\t\t\t<!-- END MasterSlider Main -->\n\n\t\t\t \n\t\t<\/div>\n\t\t<!-- END MasterSlider -->\n\n\t\t<script>\n\t\t( window.MSReady = window.MSReady || [] ).push( function( $ ) {\n\n\t\t\t\"use strict\";\n\t\t\tvar masterslider_399f = new MasterSlider();\n\n\t\t\t\/\/ slider controls\n\t\t\tmasterslider_399f.control('arrows'     ,{ autohide:true, overVideo:true  });\n\t\t\tmasterslider_399f.control('thumblist'  ,{ autohide:false, overVideo:true, dir:'h', speed:17, inset:false, arrows:false, hover:false, customClass:'', align:'bottom',type:'thumbs', margin:2, width:140, height:80, space:2, fillMode:'fill'  });\n\t\t\t\/\/ slider setup\n\t\t\tmasterslider_399f.setup(\"MS69f5bd412399f\", {\n\t\t\t\twidth           : 960,\n\t\t\t\theight          : 540,\n\t\t\t\tminHeight       : 0,\n\t\t\t\tspace           : 0,\n\t\t\t\tstart           : 1,\n\t\t\t\tgrabCursor      : true,\n\t\t\t\tswipe           : true,\n\t\t\t\tmouse           : true,\n\t\t\t\tkeyboard        : false,\n\t\t\t\tlayout          : \"fillwidth\",\n\t\t\t\twheel           : false,\n\t\t\t\tautoplay        : true,\n                instantStartLayers:false,\n\t\t\t\tmobileBGVideo:false,\n\t\t\t\tloop            : true,\n\t\t\t\tshuffle         : false,\n\t\t\t\tpreload         : 3,\n\t\t\t\theightLimit     : false,\n\t\t\t\tautoHeight      : false,\n\t\t\t\tsmoothHeight    : true,\n\t\t\t\tendPause        : false,\n\t\t\t\toverPause       : false,\n\t\t\t\tfillMode        : \"fill\",\n\t\t\t\tcenterControls  : true,\n\t\t\t\tstartOnAppear   : false,\n\t\t\t\tlayersMode      : \"center\",\n\t\t\t\tautofillTarget  : \"\",\n\t\t\t\thideLayers      : false,\n\t\t\t\tfullscreenMargin: 0,\n\t\t\t\tspeed           : 17,\n\t\t\t\tdir             : \"h\",\n\t\t\t\tresponsive      : true,\n\t\t\t\ttabletWidth     : 768,\n\t\t\t\ttabletHeight    : null,\n\t\t\t\tphoneWidth      : 480,\n\t\t\t\tphoneHeight    : null,\n\t\t\t\tsizingReference : window,\n\t\t\t\tparallaxMode    : 'swipe',\n\t\t\t\tview            : \"basic\"\n\t\t\t});\n\n\t\t\t\n\t\t\twindow.masterslider_instances = window.masterslider_instances || [];\n\t\t\twindow.masterslider_instances.push( masterslider_399f );\n\t\t});\n\t\t<\/script>\n\n\n<p>A Prefeitura de Apucarana promoveu, na tarde desta ter\u00e7a-feira (17\/3), o congresso t\u00e9cnico da fase municipal dos 72\u00ba Jogos Escolares do Paran\u00e1. O encontro aconteceu no audit\u00f3rio do Centro da Juventude Alex Mazaron e reuniu representantes de col\u00e9gios estaduais e particulares que participar\u00e3o das competi\u00e7\u00f5es.<\/p>\n<p>Os jogos ser\u00e3o realizados entre os dias 20 de mar\u00e7o e 7 de maio, com a participa\u00e7\u00e3o estimada de 1.250 atletas. A organiza\u00e7\u00e3o da fase municipal \u00e9 conduzida pela Secretaria Municipal de Esportes, em parceria com o N\u00facleo Regional de Educa\u00e7\u00e3o.<\/p>\n<p>Durante o congresso t\u00e9cnico, foram confirmadas as equipes participantes, as modalidades e os atletas inscritos, al\u00e9m da realiza\u00e7\u00e3o dos sorteios e defini\u00e7\u00e3o dos confrontos. O secret\u00e1rio municipal de Esportes, Bruno Marchi, destacou a import\u00e2ncia desse momento para o bom andamento da competi\u00e7\u00e3o.<\/p>\n<p>\u201cO congresso t\u00e9cnico \u00e9 o primeiro momento dos jogos. \u00c9 quando as equipes confirmam sua participa\u00e7\u00e3o, os atletas e as modalidades. Tamb\u00e9m \u00e9 a oportunidade de definir os cruzamentos e organizar toda a competi\u00e7\u00e3o\u201d, afirmou.<\/p>\n<p>Marchi tamb\u00e9m ressaltou o investimento da Prefeitura na moderniza\u00e7\u00e3o dos processos esportivos, com a implanta\u00e7\u00e3o de um novo sistema de cadastro de atletas. A ferramenta vai facilitar inscri\u00e7\u00f5es, atualiza\u00e7\u00e3o de dados e o controle das informa\u00e7\u00f5es.<\/p>\n<p>\u201cEstamos modernizando o sistema. Com esse software, teremos um cadastro completo dos atletas, o que facilita a participa\u00e7\u00e3o em eventos e melhora o controle das atividades esportivas no munic\u00edpio. Isso permite um diagn\u00f3stico mais preciso e contribui para o planejamento de pol\u00edticas p\u00fablicas na \u00e1rea\u201d, explicou.<\/p>\n<p>Segundo ele, a iniciativa tamb\u00e9m est\u00e1 alinhada a projetos futuros, como o fortalecimento do programa Bolsa Atleta, a forma\u00e7\u00e3o de sele\u00e7\u00f5es municipais e a implanta\u00e7\u00e3o de um centro de treinamento.<\/p>\n<p>Entre as modalidades da fase municipal est\u00e3o basquete, futsal, handebol, voleibol e xadrez. As disputas acontecer\u00e3o em pra\u00e7as esportivas como a Universidade Tecnol\u00f3gica Federal do Paran\u00e1 (UTFPR), o Parque do Japira, o Complexo Esportivo \u00c1ureo Caixote, o Col\u00e9gio S\u00e3o Jos\u00e9 e o Col\u00e9gio Nossa Senhora da Gl\u00f3ria.<\/p>\n<p>O congresso contou ainda com a presen\u00e7a dos vereadores Mois\u00e9s Tavares, Pablo da Seguran\u00e7a e Eliana Rocha, do coordenador pedag\u00f3gico do N\u00facleo Regional de Educa\u00e7\u00e3o, Ali Hassan, e do diretor da Secretaria Municipal de Esportes, Pedro Valim.<\/p>\n","protected":false},"excerpt":{"rendered":"<p>A Prefeitura de Apucarana promoveu, na tarde desta ter&ccedil;a-feira (17\/3), o congresso t&eacute;cnico da fase municipal dos 72&ordm; Jogos Escolares do Paran&aacute;. O encontro aconteceu no audit&oacute;rio do Centro da Juventude Alex Mazaron e reuniu representantes de col&eacute;gios estaduais e particulares que participar&atilde;o das competi&ccedil;&otilde;es. Os jogos ser&atilde;o realizados entre os dias 20 de mar&ccedil;o [&hellip;]<\/p>\n","protected":false},"author":8,"featured_media":124974,"comment_status":"closed","ping_status":"closed","sticky":false,"template":"","format":"standard","meta":{"footnotes":""},"categories":[24],"tags":[],"class_list":["post-124970","post","type-post","status-publish","format-standard","has-post-thumbnail","hentry","category-noticias"],"acf":[],"_links":{"self":[{"href":"https:\/\/www.apucarana.pr.gov.br\/site\/wp-json\/wp\/v2\/posts\/124970","targetHints":{"allow":["GET"]}}],"collection":[{"href":"https:\/\/www.apucarana.pr.gov.br\/site\/wp-json\/wp\/v2\/posts"}],"about":[{"href":"https:\/\/www.apucarana.pr.gov.br\/site\/wp-json\/wp\/v2\/types\/post"}],"author":[{"embeddable":true,"href":"https:\/\/www.apucarana.pr.gov.br\/site\/wp-json\/wp\/v2\/users\/8"}],"replies":[{"embeddable":true,"href":"https:\/\/www.apucarana.pr.gov.br\/site\/wp-json\/wp\/v2\/comments?post=124970"}],"version-history":[{"count":1,"href":"https:\/\/www.apucarana.pr.gov.br\/site\/wp-json\/wp\/v2\/posts\/124970\/revisions"}],"predecessor-version":[{"id":124976,"href":"https:\/\/www.apucarana.pr.gov.br\/site\/wp-json\/wp\/v2\/posts\/124970\/revisions\/124976"}],"wp:featuredmedia":[{"embeddable":true,"href":"https:\/\/www.apucarana.pr.gov.br\/site\/wp-json\/wp\/v2\/media\/124974"}],"wp:attachment":[{"href":"https:\/\/www.apucarana.pr.gov.br\/site\/wp-json\/wp\/v2\/media?parent=124970"}],"wp:term":[{"taxonomy":"category","embeddable":true,"href":"https:\/\/www.apucarana.pr.gov.br\/site\/wp-json\/wp\/v2\/categories?post=124970"},{"taxonomy":"post_tag","embeddable":true,"href":"https:\/\/www.apucarana.pr.gov.br\/site\/wp-json\/wp\/v2\/tags?post=124970"}],"curies":[{"name":"wp","href":"https:\/\/api.w.org\/{rel}","templated":true}]}}