{"id":124967,"date":"2026-03-17T15:31:33","date_gmt":"2026-03-17T18:31:33","guid":{"rendered":"https:\/\/www.apucarana.pr.gov.br\/site\/?p=124967"},"modified":"2026-03-18T11:42:12","modified_gmt":"2026-03-18T14:42:12","slug":"apucarana-amplia-formalizacao-de-empresas-e-fortalece-setor-de-confeccao-com-mais-emprego-e-renda","status":"publish","type":"post","link":"https:\/\/www.apucarana.pr.gov.br\/site\/apucarana-amplia-formalizacao-de-empresas-e-fortalece-setor-de-confeccao-com-mais-emprego-e-renda\/","title":{"rendered":"Apucarana amplia formaliza\u00e7\u00e3o de empresas e fortalece setor de confec\u00e7\u00e3o com mais emprego e renda"},"content":{"rendered":"\n\t\t<!-- MasterSlider -->\n\t\t<div id=\"P_MS69f5c89b59834\" class=\"master-slider-parent master-slider-gallery   ms-parent-id-0\" style=\"\" >\n\n\t\t\t\n\t\t\t<!-- MasterSlider Main -->\n\t\t\t<div id=\"MS69f5c89b59834\" class=\"master-slider ms-skin-default\" >\n\t\t\t\t \t\t\t\t \n\t\t\t<div  class=\"ms-slide\" data-delay=\"3\"    >\n\t\t\t\t\t<img decoding=\"async\" src=\"https:\/\/www.apucarana.pr.gov.br\/site\/wp-content\/plugins\/masterslider\/public\/assets\/css\/blank.gif\" alt=\"Sescretaria-da-industria-e-comercio013-1024x683\" title=\"Sescretaria-da-industria-e-comercio013-1024x683\" data-src=\"https:\/\/www.apucarana.pr.gov.br\/site\/wp-content\/uploads\/2026\/03\/Sescretaria-da-industria-e-comercio013-1024x683-1.jpg\" \/>\n\t<a href=\"https:\/\/www.apucarana.pr.gov.br\/site\/wp-content\/uploads\/2026\/03\/Sescretaria-da-industria-e-comercio013-1024x683-1.jpg\" target=\"_self\"    >Sescretaria-da-industria-e-comercio013-1024x683<\/a>\n\n\n\t\t\t\t<\/div>\n\n\t\t\t<\/div>\n\t\t\t<!-- END MasterSlider Main -->\n\n\t\t\t \n\t\t<\/div>\n\t\t<!-- END MasterSlider -->\n\n\t\t<script>\n\t\t( window.MSReady = window.MSReady || [] ).push( function( $ ) {\n\n\t\t\t\"use strict\";\n\t\t\tvar masterslider_9834 = new MasterSlider();\n\n\t\t\t\/\/ slider controls\n\t\t\tmasterslider_9834.control('arrows'     ,{ autohide:true, overVideo:true  });\n\t\t\t\/\/ slider setup\n\t\t\tmasterslider_9834.setup(\"MS69f5c89b59834\", {\n\t\t\t\twidth           : 960,\n\t\t\t\theight          : 540,\n\t\t\t\tminHeight       : 0,\n\t\t\t\tspace           : 0,\n\t\t\t\tstart           : 1,\n\t\t\t\tgrabCursor      : true,\n\t\t\t\tswipe           : true,\n\t\t\t\tmouse           : true,\n\t\t\t\tkeyboard        : false,\n\t\t\t\tlayout          : \"fillwidth\",\n\t\t\t\twheel           : false,\n\t\t\t\tautoplay        : true,\n                instantStartLayers:false,\n\t\t\t\tmobileBGVideo:false,\n\t\t\t\tloop            : true,\n\t\t\t\tshuffle         : false,\n\t\t\t\tpreload         : 3,\n\t\t\t\theightLimit     : false,\n\t\t\t\tautoHeight      : false,\n\t\t\t\tsmoothHeight    : true,\n\t\t\t\tendPause        : false,\n\t\t\t\toverPause       : false,\n\t\t\t\tfillMode        : \"fill\",\n\t\t\t\tcenterControls  : true,\n\t\t\t\tstartOnAppear   : false,\n\t\t\t\tlayersMode      : \"center\",\n\t\t\t\tautofillTarget  : \"\",\n\t\t\t\thideLayers      : false,\n\t\t\t\tfullscreenMargin: 0,\n\t\t\t\tspeed           : 17,\n\t\t\t\tdir             : \"h\",\n\t\t\t\tresponsive      : true,\n\t\t\t\ttabletWidth     : 768,\n\t\t\t\ttabletHeight    : null,\n\t\t\t\tphoneWidth      : 480,\n\t\t\t\tphoneHeight    : null,\n\t\t\t\tsizingReference : window,\n\t\t\t\tparallaxMode    : 'swipe',\n\t\t\t\tview            : \"basic\"\n\t\t\t});\n\n\t\t\t\n\t\t\twindow.masterslider_instances = window.masterslider_instances || [];\n\t\t\twindow.masterslider_instances.push( masterslider_9834 );\n\t\t});\n\t\t<\/script>\n\n\n<p>Mais renda, oportunidades de crescimento e acesso a novos mercados est\u00e3o impulsionando empreendedores da confec\u00e7\u00e3o a deixarem a informalidade em Apucarana. Levantamento da Secretaria Municipal de Ind\u00fastria e Com\u00e9rcio, em parceria com o Sebrae, mostra que o avan\u00e7o da formaliza\u00e7\u00e3o tem fortalecido o setor, ampliado a competitividade das empresas e contribu\u00eddo diretamente para a gera\u00e7\u00e3o de empregos no munic\u00edpio.<\/p>\n<p>O prefeito Rodolfo Mota destaca que a formaliza\u00e7\u00e3o tem papel central no fortalecimento da economia local. \u201cApucarana tem uma tradi\u00e7\u00e3o muito forte na ind\u00fastria da confec\u00e7\u00e3o. Nosso compromisso \u00e9 criar um ambiente cada vez mais favor\u00e1vel para quem empreende, gera empregos e movimenta a economia, garantindo mais oportunidades para a nossa popula\u00e7\u00e3o\u201d, afirma.<\/p>\n<p>Apucarana soma atualmente 2.980 empresas industriais ativas na confec\u00e7\u00e3o, consolidando-se como um dos principais polos do pa\u00eds, especialmente na produ\u00e7\u00e3o de bon\u00e9s e acess\u00f3rios do vestu\u00e1rio. O setor \u00e9 formado majoritariamente por micro e pequenas empresas, que representam aproximadamente 98% dos empreendimentos, evidenciando a for\u00e7a do empreendedorismo local e o modelo produtivo baseado em pequenas unidades e fac\u00e7\u00f5es especializadas.<\/p>\n<p>Parte significativa desse crescimento est\u00e1 diretamente ligada \u00e0 formaliza\u00e7\u00e3o de neg\u00f3cios. Empreendedores que antes atuavam na informalidade t\u00eam buscado regularizar suas atividades, principalmente por meio do registro como microempreendedores individuais (MEIs) e microempresas. A mudan\u00e7a permite ampliar a produ\u00e7\u00e3o, emitir nota fiscal, acessar cr\u00e9dito e conquistar novos mercados. O consultor do Sebrae, Tiago Cunha, destaca que esse movimento fortalece todo o ambiente econ\u00f4mico. \u201cMuitas empresas que antes estavam na informalidade est\u00e3o buscando a regulariza\u00e7\u00e3o. Isso amplia a competitividade, melhora a organiza\u00e7\u00e3o dos neg\u00f3cios e abre portas para novas oportunidades\u201d, afirma.<\/p>\n<p>O fortalecimento do setor de confec\u00e7\u00e3o em Apucarana n\u00e3o pode ser compreendido sem o papel estrat\u00e9gico desempenhado pelo APL de Bon\u00e9s e pelo SIVALE, que atuam de forma articulada na organiza\u00e7\u00e3o, qualifica\u00e7\u00e3o e promo\u00e7\u00e3o das empresas locais. O APL de Bon\u00e9s, sob a lideran\u00e7a de Jayme Leonel, tem sido fundamental na estrutura\u00e7\u00e3o de uma governan\u00e7a ativa, promovendo inova\u00e7\u00e3o, acesso a mercados e desenvolvimento coletivo. Como destaca o presidente da entidade, \u201co APL representa a for\u00e7a da uni\u00e3o empresarial, onde juntos conseguimos avan\u00e7ar com mais consist\u00eancia, competitividade e vis\u00e3o de futuro\u201d. De forma complementar, o SIVALE, presidido por Elizabete Ardigo, exerce papel essencial na representa\u00e7\u00e3o institucional e defesa dos interesses do setor, al\u00e9m de fomentar iniciativas voltadas \u00e0 capacita\u00e7\u00e3o e fortalecimento das ind\u00fastrias. Segundo Elizabete, \u201co SIVALE \u00e9 a voz da ind\u00fastria da confec\u00e7\u00e3o, trabalhando diariamente para garantir melhores condi\u00e7\u00f5es, oportunidades e reconhecimento para nossas empresas\u201d. Essa atua\u00e7\u00e3o conjunta consolida Apucarana como refer\u00eancia nacional no segmento, evidenciando a import\u00e2ncia da coopera\u00e7\u00e3o entre entidades para o desenvolvimento sustent\u00e1vel do setor.<\/p>\n<p>A expans\u00e3o da atividade tamb\u00e9m se reflete na gera\u00e7\u00e3o de empregos formais. Somente no segmento de fabrica\u00e7\u00e3o de acess\u00f3rios do vestu\u00e1rio, o levantamento aponta saldo positivo de 47 novos postos de trabalho, com um estoque atual superior a 2.300 empregos formais. O superintendente do trabalho, Neno Leiroz, ressalta o esfor\u00e7o conjunto da administra\u00e7\u00e3o municipal. \u201cTemos realizado um trabalho cada vez mais pr\u00f3ximo do setor produtivo, juntamente com o secret\u00e1rio de Ind\u00fastria e Com\u00e9rcio, Emerson Toledo, e com o prefeito Rodolfo Mota, buscando fortalecer a ind\u00fastria local, incentivar a formaliza\u00e7\u00e3o das empresas e ampliar as oportunidades de emprego em Apucarana\u201d, afirmou.<\/p>\n<p>O cen\u00e1rio se torna ainda mais promissor em 2026, considerado um ano estrat\u00e9gico para o setor em fun\u00e7\u00e3o da Copa do Mundo FIFA. A expectativa \u00e9 de aumento na demanda por produtos do vestu\u00e1rio e acess\u00f3rios, o que j\u00e1 tem levado empresas a ampliarem a produ\u00e7\u00e3o e se prepararem para atender novos pedidos.<\/p>\n<p>Desde 2025, a Prefeitura de Apucarana intensifica pol\u00edticas p\u00fablicas voltadas ao fortalecimento do ambiente de neg\u00f3cios, com a\u00e7\u00f5es de orienta\u00e7\u00e3o, incentivo \u00e0 formaliza\u00e7\u00e3o e apoio \u00e0s micro e pequenas empresas. Com crescimento de 36,2% no n\u00famero de empresas do setor entre 2020 e 2026 \u2014 m\u00e9dia de cerca de 158 novos neg\u00f3cios por ano \u2014, Apucarana consolida sua posi\u00e7\u00e3o como refer\u00eancia nacional na ind\u00fastria de confec\u00e7\u00e3o e amplia as oportunidades de emprego e renda para a popula\u00e7\u00e3o.<\/p>\n<p>Empreendedores interessados em se formalizar podem buscar atendimento gratuito junto \u00e0 Sala do Empreendedor, vinculada \u00e0 Secretaria Municipal da Ind\u00fastria, Com\u00e9rcio e Emprego. O espa\u00e7o oferece servi\u00e7os de formaliza\u00e7\u00e3o, regulariza\u00e7\u00e3o, altera\u00e7\u00e3o e baixa de MEI, al\u00e9m de emiss\u00e3o de alvar\u00e1s e orienta\u00e7\u00f5es sobre cr\u00e9dito.<\/p>\n<p>O atendimento ocorre de segunda a sexta-feira, das 8 \u00e0s 17 horas, na Rua Lapa, 127, ao lado da Prefeitura, ou pelo telefone (43) 3308-1412. A Sala do Empreendedor tamb\u00e9m disponibiliza portal na internet, com orienta\u00e7\u00f5es e servi\u00e7os digitais, acess\u00edvel em: <a href=\"https:\/\/www.apucarana.pr.gov.br\/saladoempreendedor\/\">https:\/\/www.apucarana.pr.gov.br\/saladoempreendedor\/<\/a><\/p>\n<p>Outra op\u00e7\u00e3o \u00e9 buscar atendimento no Sebrae Apucarana, localizado na Avenida Irati, 602, Barra Funda. O atendimento \u00e9 de segunda a sexta-feira, das 8 \u00e0s 12 horas e das 14 \u00e0s 18 horas, ou pelo telefone (43) 3420-7400.<\/p>\n","protected":false},"excerpt":{"rendered":"<p>Mais renda, oportunidades de crescimento e acesso a novos mercados est&atilde;o impulsionando empreendedores da confec&ccedil;&atilde;o a deixarem a informalidade em Apucarana. Levantamento da Secretaria Municipal de Ind&uacute;stria e Com&eacute;rcio, em parceria com o Sebrae, mostra que o avan&ccedil;o da formaliza&ccedil;&atilde;o tem fortalecido o setor, ampliado a competitividade das empresas e contribu&iacute;do diretamente para a gera&ccedil;&atilde;o [&hellip;]<\/p>\n","protected":false},"author":8,"featured_media":124968,"comment_status":"closed","ping_status":"closed","sticky":false,"template":"","format":"standard","meta":{"footnotes":""},"categories":[24],"tags":[],"class_list":["post-124967","post","type-post","status-publish","format-standard","has-post-thumbnail","hentry","category-noticias"],"acf":[],"_links":{"self":[{"href":"https:\/\/www.apucarana.pr.gov.br\/site\/wp-json\/wp\/v2\/posts\/124967","targetHints":{"allow":["GET"]}}],"collection":[{"href":"https:\/\/www.apucarana.pr.gov.br\/site\/wp-json\/wp\/v2\/posts"}],"about":[{"href":"https:\/\/www.apucarana.pr.gov.br\/site\/wp-json\/wp\/v2\/types\/post"}],"author":[{"embeddable":true,"href":"https:\/\/www.apucarana.pr.gov.br\/site\/wp-json\/wp\/v2\/users\/8"}],"replies":[{"embeddable":true,"href":"https:\/\/www.apucarana.pr.gov.br\/site\/wp-json\/wp\/v2\/comments?post=124967"}],"version-history":[{"count":3,"href":"https:\/\/www.apucarana.pr.gov.br\/site\/wp-json\/wp\/v2\/posts\/124967\/revisions"}],"predecessor-version":[{"id":125008,"href":"https:\/\/www.apucarana.pr.gov.br\/site\/wp-json\/wp\/v2\/posts\/124967\/revisions\/125008"}],"wp:featuredmedia":[{"embeddable":true,"href":"https:\/\/www.apucarana.pr.gov.br\/site\/wp-json\/wp\/v2\/media\/124968"}],"wp:attachment":[{"href":"https:\/\/www.apucarana.pr.gov.br\/site\/wp-json\/wp\/v2\/media?parent=124967"}],"wp:term":[{"taxonomy":"category","embeddable":true,"href":"https:\/\/www.apucarana.pr.gov.br\/site\/wp-json\/wp\/v2\/categories?post=124967"},{"taxonomy":"post_tag","embeddable":true,"href":"https:\/\/www.apucarana.pr.gov.br\/site\/wp-json\/wp\/v2\/tags?post=124967"}],"curies":[{"name":"wp","href":"https:\/\/api.w.org\/{rel}","templated":true}]}}