{"id":124960,"date":"2026-03-17T15:02:45","date_gmt":"2026-03-17T18:02:45","guid":{"rendered":"https:\/\/www.apucarana.pr.gov.br\/site\/?p=124960"},"modified":"2026-03-17T16:33:38","modified_gmt":"2026-03-17T19:33:38","slug":"projeto-guarda-mirim-escolar-e-retomado-e-leva-orientacoes-sobre-cidadania-seguranca-e-convivencia-a-estudantes-de-apucarana","status":"publish","type":"post","link":"https:\/\/www.apucarana.pr.gov.br\/site\/projeto-guarda-mirim-escolar-e-retomado-e-leva-orientacoes-sobre-cidadania-seguranca-e-convivencia-a-estudantes-de-apucarana\/","title":{"rendered":"Projeto Guarda Mirim Escolar \u00e9 retomado e leva orienta\u00e7\u00f5es sobre cidadania, seguran\u00e7a e conviv\u00eancia a estudantes de Apucarana"},"content":{"rendered":"\n\t\t<!-- MasterSlider -->\n\t\t<div id=\"P_MS69f5d79748ce6\" class=\"master-slider-parent master-slider-gallery   ms-parent-id-0\" style=\"\" >\n\n\t\t\t\n\t\t\t<!-- MasterSlider Main -->\n\t\t\t<div id=\"MS69f5d79748ce6\" class=\"master-slider ms-skin-default\" >\n\t\t\t\t \t\t\t\t \n\t\t\t<div  class=\"ms-slide\" data-delay=\"3\"    >\n\t\t\t\t\t<img decoding=\"async\" src=\"https:\/\/www.apucarana.pr.gov.br\/site\/wp-content\/plugins\/masterslider\/public\/assets\/css\/blank.gif\" alt=\"2026-03-17_escola_durval-pinto_gcm_001\" title=\"2026-03-17_escola_durval-pinto_gcm_001\" data-src=\"https:\/\/www.apucarana.pr.gov.br\/site\/wp-content\/uploads\/2026\/03\/2026-03-17_escola_durval-pinto_gcm_001-1024x683.jpg\" \/>\n\t<a href=\"https:\/\/www.apucarana.pr.gov.br\/site\/wp-content\/uploads\/2026\/03\/2026-03-17_escola_durval-pinto_gcm_001-1024x683.jpg\" target=\"_self\"    >2026-03-17_escola_durval-pinto_gcm_001<\/a>\n\n\n\t<img decoding=\"async\" class=\"ms-thumb\" src=\"https:\/\/www.apucarana.pr.gov.br\/site\/wp-content\/uploads\/2026\/03\/2026-03-17_escola_durval-pinto_gcm_001-1024x683-140x80.jpg\" alt=\"2026-03-17_escola_durval-pinto_gcm_001\" \/>\n\t\t\t\t<\/div>\n\t\t\t<div  class=\"ms-slide\" data-delay=\"3\"    >\n\t\t\t\t\t<img decoding=\"async\" src=\"https:\/\/www.apucarana.pr.gov.br\/site\/wp-content\/plugins\/masterslider\/public\/assets\/css\/blank.gif\" alt=\"2026-03-17_escola_durval-pinto_gcm_002\" title=\"2026-03-17_escola_durval-pinto_gcm_002\" data-src=\"https:\/\/www.apucarana.pr.gov.br\/site\/wp-content\/uploads\/2026\/03\/2026-03-17_escola_durval-pinto_gcm_002-1024x683.jpg\" \/>\n\t<a href=\"https:\/\/www.apucarana.pr.gov.br\/site\/wp-content\/uploads\/2026\/03\/2026-03-17_escola_durval-pinto_gcm_002-1024x683.jpg\" target=\"_self\"    >2026-03-17_escola_durval-pinto_gcm_002<\/a>\n\n\n\t<img decoding=\"async\" class=\"ms-thumb\" src=\"https:\/\/www.apucarana.pr.gov.br\/site\/wp-content\/uploads\/2026\/03\/2026-03-17_escola_durval-pinto_gcm_002-1024x683-140x80.jpg\" alt=\"2026-03-17_escola_durval-pinto_gcm_002\" \/>\n\t\t\t\t<\/div>\n\t\t\t<div  class=\"ms-slide\" data-delay=\"3\"    >\n\t\t\t\t\t<img decoding=\"async\" src=\"https:\/\/www.apucarana.pr.gov.br\/site\/wp-content\/plugins\/masterslider\/public\/assets\/css\/blank.gif\" alt=\"2026-03-17_escola_durval-pinto_gcm_005\" title=\"2026-03-17_escola_durval-pinto_gcm_005\" data-src=\"https:\/\/www.apucarana.pr.gov.br\/site\/wp-content\/uploads\/2026\/03\/2026-03-17_escola_durval-pinto_gcm_005-1024x683.jpg\" \/>\n\t<a href=\"https:\/\/www.apucarana.pr.gov.br\/site\/wp-content\/uploads\/2026\/03\/2026-03-17_escola_durval-pinto_gcm_005-1024x683.jpg\" target=\"_self\"    >2026-03-17_escola_durval-pinto_gcm_005<\/a>\n\n\n\t<img decoding=\"async\" class=\"ms-thumb\" src=\"https:\/\/www.apucarana.pr.gov.br\/site\/wp-content\/uploads\/2026\/03\/2026-03-17_escola_durval-pinto_gcm_005-1024x683-140x80.jpg\" alt=\"2026-03-17_escola_durval-pinto_gcm_005\" \/>\n\t\t\t\t<\/div>\n\t\t\t<div  class=\"ms-slide\" data-delay=\"3\"    >\n\t\t\t\t\t<img decoding=\"async\" src=\"https:\/\/www.apucarana.pr.gov.br\/site\/wp-content\/plugins\/masterslider\/public\/assets\/css\/blank.gif\" alt=\"2026-03-17_escola_durval-pinto_gcm_013\" title=\"2026-03-17_escola_durval-pinto_gcm_013\" data-src=\"https:\/\/www.apucarana.pr.gov.br\/site\/wp-content\/uploads\/2026\/03\/2026-03-17_escola_durval-pinto_gcm_013-1024x683.jpg\" \/>\n\t<a href=\"https:\/\/www.apucarana.pr.gov.br\/site\/wp-content\/uploads\/2026\/03\/2026-03-17_escola_durval-pinto_gcm_013-1024x683.jpg\" target=\"_self\"    >2026-03-17_escola_durval-pinto_gcm_013<\/a>\n\n\n\t<img decoding=\"async\" class=\"ms-thumb\" src=\"https:\/\/www.apucarana.pr.gov.br\/site\/wp-content\/uploads\/2026\/03\/2026-03-17_escola_durval-pinto_gcm_013-1024x683-140x80.jpg\" alt=\"2026-03-17_escola_durval-pinto_gcm_013\" \/>\n\t\t\t\t<\/div>\n\t\t\t<div  class=\"ms-slide\" data-delay=\"3\"    >\n\t\t\t\t\t<img decoding=\"async\" src=\"https:\/\/www.apucarana.pr.gov.br\/site\/wp-content\/plugins\/masterslider\/public\/assets\/css\/blank.gif\" alt=\"2026-03-17_escola_durval-pinto_gcm_023\" title=\"2026-03-17_escola_durval-pinto_gcm_023\" data-src=\"https:\/\/www.apucarana.pr.gov.br\/site\/wp-content\/uploads\/2026\/03\/2026-03-17_escola_durval-pinto_gcm_023-1024x683.jpg\" \/>\n\t<a href=\"https:\/\/www.apucarana.pr.gov.br\/site\/wp-content\/uploads\/2026\/03\/2026-03-17_escola_durval-pinto_gcm_023-1024x683.jpg\" target=\"_self\"    >2026-03-17_escola_durval-pinto_gcm_023<\/a>\n\n\n\t<img decoding=\"async\" class=\"ms-thumb\" src=\"https:\/\/www.apucarana.pr.gov.br\/site\/wp-content\/uploads\/2026\/03\/2026-03-17_escola_durval-pinto_gcm_023-1024x683-140x80.jpg\" alt=\"2026-03-17_escola_durval-pinto_gcm_023\" \/>\n\t\t\t\t<\/div>\n\n\t\t\t<\/div>\n\t\t\t<!-- END MasterSlider Main -->\n\n\t\t\t \n\t\t<\/div>\n\t\t<!-- END MasterSlider -->\n\n\t\t<script>\n\t\t( window.MSReady = window.MSReady || [] ).push( function( $ ) {\n\n\t\t\t\"use strict\";\n\t\t\tvar masterslider_8ce6 = new MasterSlider();\n\n\t\t\t\/\/ slider controls\n\t\t\tmasterslider_8ce6.control('arrows'     ,{ autohide:true, overVideo:true  });\n\t\t\tmasterslider_8ce6.control('thumblist'  ,{ autohide:false, overVideo:true, dir:'h', speed:17, inset:false, arrows:false, hover:false, customClass:'', align:'bottom',type:'thumbs', margin:2, width:140, height:80, space:2, fillMode:'fill'  });\n\t\t\t\/\/ slider setup\n\t\t\tmasterslider_8ce6.setup(\"MS69f5d79748ce6\", {\n\t\t\t\twidth           : 960,\n\t\t\t\theight          : 540,\n\t\t\t\tminHeight       : 0,\n\t\t\t\tspace           : 0,\n\t\t\t\tstart           : 1,\n\t\t\t\tgrabCursor      : true,\n\t\t\t\tswipe           : true,\n\t\t\t\tmouse           : true,\n\t\t\t\tkeyboard        : false,\n\t\t\t\tlayout          : \"fillwidth\",\n\t\t\t\twheel           : false,\n\t\t\t\tautoplay        : true,\n                instantStartLayers:false,\n\t\t\t\tmobileBGVideo:false,\n\t\t\t\tloop            : true,\n\t\t\t\tshuffle         : false,\n\t\t\t\tpreload         : 3,\n\t\t\t\theightLimit     : false,\n\t\t\t\tautoHeight      : false,\n\t\t\t\tsmoothHeight    : true,\n\t\t\t\tendPause        : false,\n\t\t\t\toverPause       : false,\n\t\t\t\tfillMode        : \"fill\",\n\t\t\t\tcenterControls  : true,\n\t\t\t\tstartOnAppear   : false,\n\t\t\t\tlayersMode      : \"center\",\n\t\t\t\tautofillTarget  : \"\",\n\t\t\t\thideLayers      : false,\n\t\t\t\tfullscreenMargin: 0,\n\t\t\t\tspeed           : 17,\n\t\t\t\tdir             : \"h\",\n\t\t\t\tresponsive      : true,\n\t\t\t\ttabletWidth     : 768,\n\t\t\t\ttabletHeight    : null,\n\t\t\t\tphoneWidth      : 480,\n\t\t\t\tphoneHeight    : null,\n\t\t\t\tsizingReference : window,\n\t\t\t\tparallaxMode    : 'swipe',\n\t\t\t\tview            : \"basic\"\n\t\t\t});\n\n\t\t\t\n\t\t\twindow.masterslider_instances = window.masterslider_instances || [];\n\t\t\twindow.masterslider_instances.push( masterslider_8ce6 );\n\t\t});\n\t\t<\/script>\n\n\n<p>A Prefeitura de Apucarana, por meio da Guarda Civil Municipal (GCM), retomou o projeto Guarda Mirim Escolar nas escolas da rede municipal de Educa\u00e7\u00e3o. A iniciativa busca aproximar os estudantes das institui\u00e7\u00f5es de seguran\u00e7a p\u00fablica e promover valores como respeito, disciplina, cidadania e responsabilidade social.<\/p>\n<p>O projeto teve in\u00edcio nesta ter\u00e7a-feira (17\/03), com visitas de equipes da Guarda Civil Municipal (GCM) \u00e0s escolas municipais Professor Durval Pinto, Mateus Leme, Antonieta da Silva Lautenschlager e Dinarte Pereira de Ara\u00fajo. Durante os encontros, previstos para ocorrer ao longo do primeiro semestre letivo, os agentes abordar\u00e3o com os estudantes temas como conviv\u00eancia, hierarquia, seguran\u00e7a, tr\u00e2nsito, preven\u00e7\u00e3o de pequenos delitos, primeiros socorros e preserva\u00e7\u00e3o do meio ambiente.<\/p>\n<p>De acordo com o comandante da GCM, F\u00e1bio de Souza, o projeto possui trajet\u00f3ria no munic\u00edpio. \u201cEle foi desenvolvido durante muitos anos nas escolas municipais, mas acabou sendo descontinuado por gest\u00f5es anteriores. O objetivo \u00e9 aproximar as crian\u00e7as das institui\u00e7\u00f5es de seguran\u00e7a p\u00fablica, promovendo uma rela\u00e7\u00e3o de confian\u00e7a e respeito, al\u00e9m de incentivar atitudes respons\u00e1veis na escola, na fam\u00edlia e na comunidade\u201d, afirmou.<\/p>\n<p>A secret\u00e1ria municipal de Educa\u00e7\u00e3o, Ana Paula do Carmo Donato, destacou a relev\u00e2ncia da a\u00e7\u00e3o para a forma\u00e7\u00e3o dos alunos. \u201cPor meio de palestras, atividades pr\u00e1ticas e a\u00e7\u00f5es educativas, ministradas pelos agentes da Guarda Municipal, nossos alunos ter\u00e3o a oportunidade de aprender no\u00e7\u00f5es b\u00e1sicas de cidadania, responsabilidade, trabalho em equipe e solidariedade, contribuindo para a forma\u00e7\u00e3o de jovens mais conscientes e preparados para o futuro\u201d, disse.<\/p>\n<p>No eixo de Educa\u00e7\u00e3o no Tr\u00e2nsito, o projeto ser\u00e1 desenvolvido em duas etapas. A primeira consiste em palestras em sala de aula, com orienta\u00e7\u00f5es sobre seguran\u00e7a, respeito \u00e0s leis e comportamento de pedestres e ciclistas. A segunda etapa prev\u00ea a realiza\u00e7\u00e3o de blitz educativa nas vias do munic\u00edpio, com participa\u00e7\u00e3o dos alunos na orienta\u00e7\u00e3o de motoristas e pedestres.<\/p>\n<p>No tema meio ambiente, os estudantes participar\u00e3o, inicialmente, de palestras sobre preserva\u00e7\u00e3o ambiental. Em seguida, o projeto prev\u00ea uma caminhada em \u00e1reas de preserva\u00e7\u00e3o permanente (APP) ou de prote\u00e7\u00e3o ambiental, com o objetivo de proporcionar contato direto com a natureza e refor\u00e7ar, na pr\u00e1tica, os conte\u00fados trabalhados em sala.<\/p>\n<p>O projeto Guarda Mirim Escolar tamb\u00e9m busca estimular nas crian\u00e7as o desenvolvimento de lideran\u00e7a, organiza\u00e7\u00e3o e respeito \u00e0s regras, contribuindo para a conviv\u00eancia em sociedade e para a forma\u00e7\u00e3o cidad\u00e3.<\/p>\n","protected":false},"excerpt":{"rendered":"<p>A Prefeitura de Apucarana, por meio da Guarda Civil Municipal (GCM), retomou o projeto Guarda Mirim Escolar nas escolas da rede municipal de Educa&ccedil;&atilde;o. A iniciativa busca aproximar os estudantes das institui&ccedil;&otilde;es de seguran&ccedil;a p&uacute;blica e promover valores como respeito, disciplina, cidadania e responsabilidade social. O projeto teve in&iacute;cio nesta ter&ccedil;a-feira (17\/03), com visitas de [&hellip;]<\/p>\n","protected":false},"author":8,"featured_media":124964,"comment_status":"closed","ping_status":"closed","sticky":false,"template":"","format":"standard","meta":{"footnotes":""},"categories":[24],"tags":[],"class_list":["post-124960","post","type-post","status-publish","format-standard","has-post-thumbnail","hentry","category-noticias"],"acf":[],"_links":{"self":[{"href":"https:\/\/www.apucarana.pr.gov.br\/site\/wp-json\/wp\/v2\/posts\/124960","targetHints":{"allow":["GET"]}}],"collection":[{"href":"https:\/\/www.apucarana.pr.gov.br\/site\/wp-json\/wp\/v2\/posts"}],"about":[{"href":"https:\/\/www.apucarana.pr.gov.br\/site\/wp-json\/wp\/v2\/types\/post"}],"author":[{"embeddable":true,"href":"https:\/\/www.apucarana.pr.gov.br\/site\/wp-json\/wp\/v2\/users\/8"}],"replies":[{"embeddable":true,"href":"https:\/\/www.apucarana.pr.gov.br\/site\/wp-json\/wp\/v2\/comments?post=124960"}],"version-history":[{"count":1,"href":"https:\/\/www.apucarana.pr.gov.br\/site\/wp-json\/wp\/v2\/posts\/124960\/revisions"}],"predecessor-version":[{"id":124966,"href":"https:\/\/www.apucarana.pr.gov.br\/site\/wp-json\/wp\/v2\/posts\/124960\/revisions\/124966"}],"wp:featuredmedia":[{"embeddable":true,"href":"https:\/\/www.apucarana.pr.gov.br\/site\/wp-json\/wp\/v2\/media\/124964"}],"wp:attachment":[{"href":"https:\/\/www.apucarana.pr.gov.br\/site\/wp-json\/wp\/v2\/media?parent=124960"}],"wp:term":[{"taxonomy":"category","embeddable":true,"href":"https:\/\/www.apucarana.pr.gov.br\/site\/wp-json\/wp\/v2\/categories?post=124960"},{"taxonomy":"post_tag","embeddable":true,"href":"https:\/\/www.apucarana.pr.gov.br\/site\/wp-json\/wp\/v2\/tags?post=124960"}],"curies":[{"name":"wp","href":"https:\/\/api.w.org\/{rel}","templated":true}]}}