{"id":121410,"date":"2025-12-15T11:33:05","date_gmt":"2025-12-15T14:33:05","guid":{"rendered":"https:\/\/www.apucarana.pr.gov.br\/site\/?p=121410"},"modified":"2025-12-15T17:07:20","modified_gmt":"2025-12-15T20:07:20","slug":"apucarana-conquista-inedito-93-pontos-em-indice-do-sebrae-e-entra-para-a-elite-do-ambiente-de-negocios-do-parana","status":"publish","type":"post","link":"https:\/\/www.apucarana.pr.gov.br\/site\/apucarana-conquista-inedito-93-pontos-em-indice-do-sebrae-e-entra-para-a-elite-do-ambiente-de-negocios-do-parana\/","title":{"rendered":"Apucarana conquista in\u00e9dito 93 pontos em \u00edndice do Sebrae  e entra para a elite do ambiente de neg\u00f3cios do Paran\u00e1"},"content":{"rendered":"\n\t\t<!-- MasterSlider -->\n\t\t<div id=\"P_MS69f5123bd24a0\" class=\"master-slider-parent master-slider-gallery   ms-parent-id-0\" style=\"\" >\n\n\t\t\t\n\t\t\t<!-- MasterSlider Main -->\n\t\t\t<div id=\"MS69f5123bd24a0\" class=\"master-slider ms-skin-default\" >\n\t\t\t\t \t\t\t\t \n\t\t\t<div  class=\"ms-slide\" data-delay=\"3\"    >\n\t\t\t\t\t<img decoding=\"async\" src=\"https:\/\/www.apucarana.pr.gov.br\/site\/wp-content\/plugins\/masterslider\/public\/assets\/css\/blank.gif\" alt=\"interna\" title=\"interna\" data-src=\"https:\/\/www.apucarana.pr.gov.br\/site\/wp-content\/uploads\/2025\/12\/interna-1024x768.jpeg\" \/>\n\t<a href=\"https:\/\/www.apucarana.pr.gov.br\/site\/wp-content\/uploads\/2025\/12\/interna-1024x768.jpeg\" target=\"_self\"    >interna<\/a>\n\n\n\t<img decoding=\"async\" class=\"ms-thumb\" src=\"https:\/\/www.apucarana.pr.gov.br\/site\/wp-content\/uploads\/2025\/12\/interna-1024x768-140x80.jpeg\" alt=\"interna\" \/>\n\t\t\t\t<\/div>\n\n\t\t\t<\/div>\n\t\t\t<!-- END MasterSlider Main -->\n\n\t\t\t \n\t\t<\/div>\n\t\t<!-- END MasterSlider -->\n\n\t\t<script>\n\t\t( window.MSReady = window.MSReady || [] ).push( function( $ ) {\n\n\t\t\t\"use strict\";\n\t\t\tvar masterslider_24a0 = new MasterSlider();\n\n\t\t\t\/\/ slider controls\n\t\t\tmasterslider_24a0.control('arrows'     ,{ autohide:true, overVideo:true  });\n\t\t\tmasterslider_24a0.control('thumblist'  ,{ autohide:false, overVideo:true, dir:'h', speed:17, inset:false, arrows:false, hover:false, customClass:'', align:'bottom',type:'thumbs', margin:2, width:140, height:80, space:2, fillMode:'fill'  });\n\t\t\t\/\/ slider setup\n\t\t\tmasterslider_24a0.setup(\"MS69f5123bd24a0\", {\n\t\t\t\twidth           : 960,\n\t\t\t\theight          : 540,\n\t\t\t\tminHeight       : 0,\n\t\t\t\tspace           : 0,\n\t\t\t\tstart           : 1,\n\t\t\t\tgrabCursor      : true,\n\t\t\t\tswipe           : true,\n\t\t\t\tmouse           : true,\n\t\t\t\tkeyboard        : false,\n\t\t\t\tlayout          : \"fillwidth\",\n\t\t\t\twheel           : false,\n\t\t\t\tautoplay        : true,\n                instantStartLayers:false,\n\t\t\t\tmobileBGVideo:false,\n\t\t\t\tloop            : true,\n\t\t\t\tshuffle         : false,\n\t\t\t\tpreload         : 3,\n\t\t\t\theightLimit     : false,\n\t\t\t\tautoHeight      : false,\n\t\t\t\tsmoothHeight    : true,\n\t\t\t\tendPause        : false,\n\t\t\t\toverPause       : false,\n\t\t\t\tfillMode        : \"fill\",\n\t\t\t\tcenterControls  : true,\n\t\t\t\tstartOnAppear   : false,\n\t\t\t\tlayersMode      : \"center\",\n\t\t\t\tautofillTarget  : \"\",\n\t\t\t\thideLayers      : false,\n\t\t\t\tfullscreenMargin: 0,\n\t\t\t\tspeed           : 17,\n\t\t\t\tdir             : \"h\",\n\t\t\t\tresponsive      : true,\n\t\t\t\ttabletWidth     : 768,\n\t\t\t\ttabletHeight    : null,\n\t\t\t\tphoneWidth      : 480,\n\t\t\t\tphoneHeight    : null,\n\t\t\t\tsizingReference : window,\n\t\t\t\tparallaxMode    : 'swipe',\n\t\t\t\tview            : \"basic\"\n\t\t\t});\n\n\t\t\t\n\t\t\twindow.masterslider_instances = window.masterslider_instances || [];\n\t\t\twindow.masterslider_instances.push( masterslider_24a0 );\n\t\t});\n\t\t<\/script>\n\n\n<p>Apucarana conquistou, pela primeira vez na hist\u00f3ria, 93 pontos no \u00cdndice de Desenvolvimento do Ambiente de Neg\u00f3cios Municipal (IDAN-M) avalia\u00e7\u00e3o realizada pelo Sebrae Paran\u00e1 que mede a efici\u00eancia das pol\u00edticas p\u00fablicas voltadas \u00e0s micro e pequenas empresas. Com 93,07 pontos, o munic\u00edpio lidera o Vale do Iva\u00ed e ocupa a 9\u00aa posi\u00e7\u00e3o no ranking estadual, consolidando-se entre as cidades com melhor ambiente de neg\u00f3cios do Paran\u00e1.<\/p>\n<p>O desempenho expressivo reflete uma evolu\u00e7\u00e3o consistente da gest\u00e3o municipal, constru\u00edda a partir do trabalho integrado entre a Prefeitura de Apucarana, o Sebrae e o Comit\u00ea Gestor das Micro e Pequenas Empresas. As a\u00e7\u00f5es priorizaram a desburocratiza\u00e7\u00e3o, a moderniza\u00e7\u00e3o dos processos, o fortalecimento da governan\u00e7a, a amplia\u00e7\u00e3o das compras p\u00fablicas e o est\u00edmulo \u00e0 competitividade empresarial.<\/p>\n<p>Para o prefeito Rodolfo Mota, o resultado simboliza uma mudan\u00e7a estrutural na forma de governar e de se relacionar com quem empreende no munic\u00edpio. \u201cEste resultado hist\u00f3rico mostra que Apucarana escolheu o caminho certo: planejamento, di\u00e1logo com o setor produtivo e pol\u00edticas p\u00fablicas eficientes. Estamos transformando a cidade e criando um ambiente mais simples, moderno e favor\u00e1vel para quem empreende, gera empregos e movimenta a economia da nossa cidade\u201d, afirmou.<\/p>\n<p>O secret\u00e1rio municipal de Ind\u00fastria, Com\u00e9rcio e Servi\u00e7os, Emerson Toledo, destacou o salto obtido pelo munic\u00edpio. \u201cSa\u00edmos de 59,67 pontos e chegamos a 93,07. \u00c9 um marco hist\u00f3rico que comprova a uni\u00e3o entre poder p\u00fablico, sociedade civil e empres\u00e1rios, al\u00e9m da efici\u00eancia da gest\u00e3o municipal na promo\u00e7\u00e3o da cultura empreendedora\u201d, ressaltou.<\/p>\n<p>Entre as iniciativas que contribu\u00edram diretamente para o avan\u00e7o est\u00e3o a cria\u00e7\u00e3o do Escrit\u00f3rio de Compras P\u00fablicas, a moderniza\u00e7\u00e3o dos fluxos administrativos e a participa\u00e7\u00e3o ativa em programas estaduais de apoio aos pequenos neg\u00f3cios. A Prefeitura segue ampliando a\u00e7\u00f5es, capacita\u00e7\u00f5es e parcerias, com o objetivo de consolidar Apucarana como refer\u00eancia estadual em pol\u00edticas p\u00fablicas voltadas ao empreendedorismo.<\/p>\n","protected":false},"excerpt":{"rendered":"<p>Apucarana conquistou, pela primeira vez na hist&oacute;ria, 93 pontos no &Iacute;ndice de Desenvolvimento do Ambiente de Neg&oacute;cios Municipal (IDAN-M) avalia&ccedil;&atilde;o realizada pelo Sebrae Paran&aacute; que mede a efici&ecirc;ncia das pol&iacute;ticas p&uacute;blicas voltadas &agrave;s micro e pequenas empresas. Com 93,07 pontos, o munic&iacute;pio lidera o Vale do Iva&iacute; e ocupa a 9&ordf; posi&ccedil;&atilde;o no ranking estadual, [&hellip;]<\/p>\n","protected":false},"author":6,"featured_media":121412,"comment_status":"closed","ping_status":"closed","sticky":false,"template":"","format":"standard","meta":{"footnotes":""},"categories":[24],"tags":[],"class_list":["post-121410","post","type-post","status-publish","format-standard","has-post-thumbnail","hentry","category-noticias"],"acf":[],"_links":{"self":[{"href":"https:\/\/www.apucarana.pr.gov.br\/site\/wp-json\/wp\/v2\/posts\/121410","targetHints":{"allow":["GET"]}}],"collection":[{"href":"https:\/\/www.apucarana.pr.gov.br\/site\/wp-json\/wp\/v2\/posts"}],"about":[{"href":"https:\/\/www.apucarana.pr.gov.br\/site\/wp-json\/wp\/v2\/types\/post"}],"author":[{"embeddable":true,"href":"https:\/\/www.apucarana.pr.gov.br\/site\/wp-json\/wp\/v2\/users\/6"}],"replies":[{"embeddable":true,"href":"https:\/\/www.apucarana.pr.gov.br\/site\/wp-json\/wp\/v2\/comments?post=121410"}],"version-history":[{"count":1,"href":"https:\/\/www.apucarana.pr.gov.br\/site\/wp-json\/wp\/v2\/posts\/121410\/revisions"}],"predecessor-version":[{"id":121413,"href":"https:\/\/www.apucarana.pr.gov.br\/site\/wp-json\/wp\/v2\/posts\/121410\/revisions\/121413"}],"wp:featuredmedia":[{"embeddable":true,"href":"https:\/\/www.apucarana.pr.gov.br\/site\/wp-json\/wp\/v2\/media\/121412"}],"wp:attachment":[{"href":"https:\/\/www.apucarana.pr.gov.br\/site\/wp-json\/wp\/v2\/media?parent=121410"}],"wp:term":[{"taxonomy":"category","embeddable":true,"href":"https:\/\/www.apucarana.pr.gov.br\/site\/wp-json\/wp\/v2\/categories?post=121410"},{"taxonomy":"post_tag","embeddable":true,"href":"https:\/\/www.apucarana.pr.gov.br\/site\/wp-json\/wp\/v2\/tags?post=121410"}],"curies":[{"name":"wp","href":"https:\/\/api.w.org\/{rel}","templated":true}]}}