{"id":121383,"date":"2025-12-12T19:29:31","date_gmt":"2025-12-12T22:29:31","guid":{"rendered":"https:\/\/www.apucarana.pr.gov.br\/site\/?p=121383"},"modified":"2025-12-15T11:33:21","modified_gmt":"2025-12-15T14:33:21","slug":"prova-pedestre-28-de-janeiro-abre-inscricoes-amplia-estrutura-e-moderniza-organizacao-com-r180-mil-em-premiacoes","status":"publish","type":"post","link":"https:\/\/www.apucarana.pr.gov.br\/site\/prova-pedestre-28-de-janeiro-abre-inscricoes-amplia-estrutura-e-moderniza-organizacao-com-r180-mil-em-premiacoes\/","title":{"rendered":"Prova Pedestre 28 de Janeiro abre inscri\u00e7\u00f5es com estrutura ampliada, organiza\u00e7\u00e3o modernizada e R$180 mil em premia\u00e7\u00f5es"},"content":{"rendered":"\n\t\t<!-- MasterSlider -->\n\t\t<div id=\"P_MS69f4fe637ebf3\" class=\"master-slider-parent master-slider-gallery   ms-parent-id-0\" style=\"\" >\n\n\t\t\t\n\t\t\t<!-- MasterSlider Main -->\n\t\t\t<div id=\"MS69f4fe637ebf3\" class=\"master-slider ms-skin-default\" >\n\t\t\t\t \t\t\t\t \n\t\t\t<div  class=\"ms-slide\" data-delay=\"3\"    >\n\t\t\t\t\t<img decoding=\"async\" src=\"https:\/\/www.apucarana.pr.gov.br\/site\/wp-content\/plugins\/masterslider\/public\/assets\/css\/blank.gif\" alt=\"Abertura Inscri\u00e7\u00f4es prova 28-2\" title=\"Abertura Inscri\u00e7\u00f4es prova 28-2\" data-src=\"https:\/\/www.apucarana.pr.gov.br\/site\/wp-content\/uploads\/2025\/12\/Abertura-Inscricoes-prova-28-2-1024x683.jpg\" \/>\n\t<a href=\"https:\/\/www.apucarana.pr.gov.br\/site\/wp-content\/uploads\/2025\/12\/Abertura-Inscricoes-prova-28-2-1024x683.jpg\" target=\"_self\"    >Abertura Inscri\u00e7\u00f4es prova 28-2<\/a>\n\n\n\t<img decoding=\"async\" class=\"ms-thumb\" src=\"https:\/\/www.apucarana.pr.gov.br\/site\/wp-content\/uploads\/2025\/12\/Abertura-Inscricoes-prova-28-2-1024x683-140x80.jpg\" alt=\"Abertura Inscri\u00e7\u00f4es prova 28-2\" \/>\n\t\t\t\t<\/div>\n\t\t\t<div  class=\"ms-slide\" data-delay=\"3\"    >\n\t\t\t\t\t<img decoding=\"async\" src=\"https:\/\/www.apucarana.pr.gov.br\/site\/wp-content\/plugins\/masterslider\/public\/assets\/css\/blank.gif\" alt=\"Abertura Inscri\u00e7\u00f4es prova 28-14\" title=\"Abertura Inscri\u00e7\u00f4es prova 28-14\" data-src=\"https:\/\/www.apucarana.pr.gov.br\/site\/wp-content\/uploads\/2025\/12\/Abertura-Inscricoes-prova-28-14-1024x683.jpg\" \/>\n\t<a href=\"https:\/\/www.apucarana.pr.gov.br\/site\/wp-content\/uploads\/2025\/12\/Abertura-Inscricoes-prova-28-14-1024x683.jpg\" target=\"_self\"    >Abertura Inscri\u00e7\u00f4es prova 28-14<\/a>\n\n\n\t<img decoding=\"async\" class=\"ms-thumb\" src=\"https:\/\/www.apucarana.pr.gov.br\/site\/wp-content\/uploads\/2025\/12\/Abertura-Inscricoes-prova-28-14-1024x683-140x80.jpg\" alt=\"Abertura Inscri\u00e7\u00f4es prova 28-14\" \/>\n\t\t\t\t<\/div>\n\n\t\t\t<\/div>\n\t\t\t<!-- END MasterSlider Main -->\n\n\t\t\t \n\t\t<\/div>\n\t\t<!-- END MasterSlider -->\n\n\t\t<script>\n\t\t( window.MSReady = window.MSReady || [] ).push( function( $ ) {\n\n\t\t\t\"use strict\";\n\t\t\tvar masterslider_ebf3 = new MasterSlider();\n\n\t\t\t\/\/ slider controls\n\t\t\tmasterslider_ebf3.control('arrows'     ,{ autohide:true, overVideo:true  });\n\t\t\tmasterslider_ebf3.control('thumblist'  ,{ autohide:false, overVideo:true, dir:'h', speed:17, inset:false, arrows:false, hover:false, customClass:'', align:'bottom',type:'thumbs', margin:2, width:140, height:80, space:2, fillMode:'fill'  });\n\t\t\t\/\/ slider setup\n\t\t\tmasterslider_ebf3.setup(\"MS69f4fe637ebf3\", {\n\t\t\t\twidth           : 960,\n\t\t\t\theight          : 540,\n\t\t\t\tminHeight       : 0,\n\t\t\t\tspace           : 0,\n\t\t\t\tstart           : 1,\n\t\t\t\tgrabCursor      : true,\n\t\t\t\tswipe           : true,\n\t\t\t\tmouse           : true,\n\t\t\t\tkeyboard        : false,\n\t\t\t\tlayout          : \"fillwidth\",\n\t\t\t\twheel           : false,\n\t\t\t\tautoplay        : true,\n                instantStartLayers:false,\n\t\t\t\tmobileBGVideo:false,\n\t\t\t\tloop            : true,\n\t\t\t\tshuffle         : false,\n\t\t\t\tpreload         : 3,\n\t\t\t\theightLimit     : false,\n\t\t\t\tautoHeight      : false,\n\t\t\t\tsmoothHeight    : true,\n\t\t\t\tendPause        : false,\n\t\t\t\toverPause       : false,\n\t\t\t\tfillMode        : \"fill\",\n\t\t\t\tcenterControls  : true,\n\t\t\t\tstartOnAppear   : false,\n\t\t\t\tlayersMode      : \"center\",\n\t\t\t\tautofillTarget  : \"\",\n\t\t\t\thideLayers      : false,\n\t\t\t\tfullscreenMargin: 0,\n\t\t\t\tspeed           : 17,\n\t\t\t\tdir             : \"h\",\n\t\t\t\tresponsive      : true,\n\t\t\t\ttabletWidth     : 768,\n\t\t\t\ttabletHeight    : null,\n\t\t\t\tphoneWidth      : 480,\n\t\t\t\tphoneHeight    : null,\n\t\t\t\tsizingReference : window,\n\t\t\t\tparallaxMode    : 'swipe',\n\t\t\t\tview            : \"basic\"\n\t\t\t});\n\n\t\t\t\n\t\t\twindow.masterslider_instances = window.masterslider_instances || [];\n\t\t\twindow.masterslider_instances.push( masterslider_ebf3 );\n\t\t});\n\t\t<\/script>\n\n\n<p>A Secretaria de Esportes da Prefeitura de Apucarana abriu nesta sexta-feira (12\/12) as inscri\u00e7\u00f5es para a 63\u00aa Prova Pedestre 28 de Janeiro, que vai ser realizada no dia 31 de janeiro, um s\u00e1bado, na Pra\u00e7a Rui Barbosa. A largada e chegada ser\u00e3o em frente \u00e0 ag\u00eancia do Banco Bradesco. Os detalhes da edi\u00e7\u00e3o festiva aos 82 anos de Apucarana foram apresentados pelo prefeito Rodolfo Mota e pelo secret\u00e1rio municipal de Esportes, Bruno Marchi, em evento que reuniu vereadores e representantes de grupos de corrida no gabinete municipal.<\/p>\n<p>Entre as novidades anunciadas est\u00e1 a realiza\u00e7\u00e3o da Prova Viteointinha no per\u00edodo da manh\u00e3, um pedido das fam\u00edlias para evitar o calor do per\u00edodo vespertino, amplia\u00e7\u00e3o do n\u00famero de vagas para at\u00e9 6 mil corredores, aumento das premia\u00e7\u00f5es em dinheiro, especialmente para atletas apucaranenses, pagamento das premia\u00e7\u00f5es atrav\u00e9s da \u201cchave pix\u201d, mais prazo para retirada do kit atleta e melhoria na qualidade da camiseta, que ser\u00e1 confeccionada em material superior ao da edi\u00e7\u00e3o anterior. A presen\u00e7a de atletas africanos da equipe do treinador Moacir Marconi, o Coquinho, tamb\u00e9m foi confirmada para a edi\u00e7\u00e3o de 2026.<\/p>\n<p>Segundo o regulamento anunciado, a Prova Vinteoitinha \u2013 voltada a atletas at\u00e9 17 anos de idade &#8211; ter\u00e1 largadas as partir das 9 horas, do dia 31 de janeiro. A Prova dos 5 Km, ter\u00e1 in\u00edcio a partir das 19 horas e, as dos 10 Km, a partir das 20h15. O prefeito Rodolfo Mota destacou que a prova pedestre chega \u00e0 sua 63\u00aa edi\u00e7\u00e3o refor\u00e7ando tradi\u00e7\u00e3o, organiza\u00e7\u00e3o e incentivo ao esporte. \u201c\u00c9 uma corrida hist\u00f3rica, uma marca da nossa cidade. Queremos ampliar a participa\u00e7\u00e3o popular e, por isso, aprimoramos v\u00e1rios pontos da prova. A edi\u00e7\u00e3o de 2026 ter\u00e1 premia\u00e7\u00e3o mais robusta, incluindo aumento no valor pago aos vencedores do geral dos 10 km, onde elevamos a premia\u00e7\u00e3o para R$ 10 mil no masculino e no feminino, tornando Apucarana ainda mais atrativa para atletas de alto rendimento\u201d, disse o prefeito, frisando que ser\u00e3o no total R$180 mil em premia\u00e7\u00f5es em dinheiro, al\u00e9m de trof\u00e9us e medalhas.<\/p>\n<p>As inscri\u00e7\u00f5es dever\u00e3o ser feitas unicamente pelo site <a href=\"http:\/\/www.apucarana.pr.gov.br\">http:\/\/www.apucarana.pr.gov.br<\/a>. At\u00e9 o dia 18 de dezembro, o valor da taxa ser\u00e1 de R$80; passando a R$90 at\u00e9 o dia 26. De 27 de dezembro a 10 de janeiro, o valor ser\u00e1 de R$100 e, se ainda houver vagas dispon\u00edveis, R$110 entre 11 e 15 de janeiro. A inscri\u00e7\u00e3o \u00e9 gratuita para pessoas com 60 anos ou mais, portadoras com defici\u00eancia (PcD) e participantes da Prova Vinteoitinha. O prefeito Rodolfo Mota tamb\u00e9m enfatizou as mudan\u00e7as voltadas \u00e0s crian\u00e7as. \u201cAtendemos um pedido antigo dos pais e vamos realizar a Vinteoitinha pela manh\u00e3, criando um momento exclusivo para elas, com mais aten\u00e7\u00e3o e seguran\u00e7a. Queremos incentivar desde cedo o gosto pela corrida\u201d, disse. Sobre a log\u00edstica, Rodolfo destacou medidas para agilizar a retirada dos kits.<\/p>\n<p>\u201cEstamos separando hor\u00e1rios para atletas de Apucarana e de outros munic\u00edpios e eliminando o formul\u00e1rio impresso. A ideia \u00e9 deixar o processo r\u00e1pido e organizado\u201d, pontuou, mencionando ainda melhorias no material entregue aos corredores. \u201cEstamos licitando uma camiseta 100% poliamida, de qualidade superior\u201d, afirmou Mota, refor\u00e7ando o compromisso da gest\u00e3o com a transpar\u00eancia na premia\u00e7\u00e3o. \u201cO pagamento da premia\u00e7\u00e3o ser\u00e1 via PIX, com CPF informado na inscri\u00e7\u00e3o, evitando atrasos e garantindo agilidade\u201d, concluiu.<\/p>\n<p><strong>Kit do atleta<\/strong> \u2013 O secret\u00e1rio municipal de Esportes, Bruno Machi, informou que a retirada do kit do atleta ser\u00e1 no Cine Teatro F\u00eanix. Nos dias 27, 29 e 30 de janeiro, das 10 \u00e0s 20 horas, a entrega ser\u00e1 realizada com foco em atletas de Apucarana e regi\u00e3o, mas tamb\u00e9m atender\u00e1 aos demais competidores. \u201cNo dia 31 de janeiro, dia da corrida, o kit poder\u00e1 ser retirado apenas das 8 \u00e0s 13 horas. Pedimos que quem for de Apucarana ou cidades pr\u00f3ximas priorize os primeiros dias para evitarmos tumultos no dia da corrida\u201d, ponderou o secret\u00e1rio.<\/p>\n<p>Ele explica que todos os detalhes da prova, valor das premia\u00e7\u00f5es, est\u00e3o especificados no regulamento geral, dispon\u00edvel para consulta no site de inscri\u00e7\u00e3o. \u201cA edi\u00e7\u00e3o 2026 da Prova Pedestre 28 de Janeiro chega mais organizada, moderna e com melhorias estruturais. No ano passado entrei na secretaria uma semana antes da corrida. Agora estamos desde o in\u00edcio do planejamento, acompanhando licita\u00e7\u00f5es, estrutura e fluxos internos. Isso fez toda a diferen\u00e7a para aprimorar a prova\u201d, destacou Bruno, enfatizando que a presen\u00e7a de atletas estrangeiros. \u201cJ\u00e1 temos confirmados tr\u00eas quenianos e um tanzaniano, al\u00e9m de corredores nacionais de alto n\u00edvel que sempre participam da prova\u201d, afirmou.<\/p>\n<p>Ele refor\u00e7ou que a prova segue com inscri\u00e7\u00f5es muito disputadas. \u201cS\u00f3 no primeiro dia j\u00e1 passamos de mil inscritos. \u00c9 uma corrida consolidada no calend\u00e1rio nacional e muito prestigiada por corredores de todo o pa\u00eds. Orientamos aos atletas a aproveitarem o primeiro lote de inscri\u00e7\u00f5es a R$80, pois se deixarem para os \u00faltimos dias correm o risco de n\u00e3o encontrarem vaga\u201d, concluiu o secret\u00e1rio de Esportes.<\/p>\n","protected":false},"excerpt":{"rendered":"<p>A Secretaria de Esportes da Prefeitura de Apucarana abriu nesta sexta-feira (12\/12) as inscri&ccedil;&otilde;es para a 63&ordf; Prova Pedestre 28 de Janeiro, que vai ser realizada no dia 31 de janeiro, um s&aacute;bado, na Pra&ccedil;a Rui Barbosa. A largada e chegada ser&atilde;o em frente &agrave; ag&ecirc;ncia do Banco Bradesco. Os detalhes da edi&ccedil;&atilde;o festiva aos [&hellip;]<\/p>\n","protected":false},"author":7,"featured_media":121385,"comment_status":"closed","ping_status":"closed","sticky":false,"template":"","format":"standard","meta":{"footnotes":""},"categories":[24],"tags":[],"class_list":["post-121383","post","type-post","status-publish","format-standard","has-post-thumbnail","hentry","category-noticias"],"acf":[],"_links":{"self":[{"href":"https:\/\/www.apucarana.pr.gov.br\/site\/wp-json\/wp\/v2\/posts\/121383","targetHints":{"allow":["GET"]}}],"collection":[{"href":"https:\/\/www.apucarana.pr.gov.br\/site\/wp-json\/wp\/v2\/posts"}],"about":[{"href":"https:\/\/www.apucarana.pr.gov.br\/site\/wp-json\/wp\/v2\/types\/post"}],"author":[{"embeddable":true,"href":"https:\/\/www.apucarana.pr.gov.br\/site\/wp-json\/wp\/v2\/users\/7"}],"replies":[{"embeddable":true,"href":"https:\/\/www.apucarana.pr.gov.br\/site\/wp-json\/wp\/v2\/comments?post=121383"}],"version-history":[{"count":5,"href":"https:\/\/www.apucarana.pr.gov.br\/site\/wp-json\/wp\/v2\/posts\/121383\/revisions"}],"predecessor-version":[{"id":121398,"href":"https:\/\/www.apucarana.pr.gov.br\/site\/wp-json\/wp\/v2\/posts\/121383\/revisions\/121398"}],"wp:featuredmedia":[{"embeddable":true,"href":"https:\/\/www.apucarana.pr.gov.br\/site\/wp-json\/wp\/v2\/media\/121385"}],"wp:attachment":[{"href":"https:\/\/www.apucarana.pr.gov.br\/site\/wp-json\/wp\/v2\/media?parent=121383"}],"wp:term":[{"taxonomy":"category","embeddable":true,"href":"https:\/\/www.apucarana.pr.gov.br\/site\/wp-json\/wp\/v2\/categories?post=121383"},{"taxonomy":"post_tag","embeddable":true,"href":"https:\/\/www.apucarana.pr.gov.br\/site\/wp-json\/wp\/v2\/tags?post=121383"}],"curies":[{"name":"wp","href":"https:\/\/api.w.org\/{rel}","templated":true}]}}