{"id":121378,"date":"2025-12-12T18:30:19","date_gmt":"2025-12-12T21:30:19","guid":{"rendered":"https:\/\/www.apucarana.pr.gov.br\/site\/?p=121378"},"modified":"2025-12-12T18:30:19","modified_gmt":"2025-12-12T21:30:19","slug":"rodolfo-mota-anuncia-subvencao-de-r18-milhao-a-14-entidades-sociais-de-apucarana","status":"publish","type":"post","link":"https:\/\/www.apucarana.pr.gov.br\/site\/rodolfo-mota-anuncia-subvencao-de-r18-milhao-a-14-entidades-sociais-de-apucarana\/","title":{"rendered":"Rodolfo Mota anuncia subven\u00e7\u00e3o de R$1,8 milh\u00e3o a 14 entidades sociais de Apucarana"},"content":{"rendered":"\n\t\t<!-- MasterSlider -->\n\t\t<div id=\"P_MS69f4f3cf00985\" class=\"master-slider-parent master-slider-gallery   ms-parent-id-0\" style=\"\" >\n\n\t\t\t\n\t\t\t<!-- MasterSlider Main -->\n\t\t\t<div id=\"MS69f4f3cf00985\" class=\"master-slider ms-skin-default\" >\n\t\t\t\t \t\t\t\t \n\t\t\t<div  class=\"ms-slide\" data-delay=\"3\"    >\n\t\t\t\t\t<img decoding=\"async\" src=\"https:\/\/www.apucarana.pr.gov.br\/site\/wp-content\/plugins\/masterslider\/public\/assets\/css\/blank.gif\" alt=\"Repasse Entidades (1)\" title=\"Repasse Entidades (1)\" data-src=\"https:\/\/www.apucarana.pr.gov.br\/site\/wp-content\/uploads\/2025\/12\/Repasse-Entidades-1-1024x576.jpg\" \/>\n\t<a href=\"https:\/\/www.apucarana.pr.gov.br\/site\/wp-content\/uploads\/2025\/12\/Repasse-Entidades-1-1024x576.jpg\" target=\"_self\"    >Repasse Entidades (1)<\/a>\n\n\n\t<img decoding=\"async\" class=\"ms-thumb\" src=\"https:\/\/www.apucarana.pr.gov.br\/site\/wp-content\/uploads\/2025\/12\/Repasse-Entidades-1-1024x576-140x80.jpg\" alt=\"Repasse Entidades (1)\" \/>\n\t\t\t\t<\/div>\n\t\t\t<div  class=\"ms-slide\" data-delay=\"3\"    >\n\t\t\t\t\t<img decoding=\"async\" src=\"https:\/\/www.apucarana.pr.gov.br\/site\/wp-content\/plugins\/masterslider\/public\/assets\/css\/blank.gif\" alt=\"Repasse Entidades (2)\" title=\"Repasse Entidades (2)\" data-src=\"https:\/\/www.apucarana.pr.gov.br\/site\/wp-content\/uploads\/2025\/12\/Repasse-Entidades-2-1024x576.jpg\" \/>\n\t<a href=\"https:\/\/www.apucarana.pr.gov.br\/site\/wp-content\/uploads\/2025\/12\/Repasse-Entidades-2-1024x576.jpg\" target=\"_self\"    >Repasse Entidades (2)<\/a>\n\n\n\t<img decoding=\"async\" class=\"ms-thumb\" src=\"https:\/\/www.apucarana.pr.gov.br\/site\/wp-content\/uploads\/2025\/12\/Repasse-Entidades-2-1024x576-140x80.jpg\" alt=\"Repasse Entidades (2)\" \/>\n\t\t\t\t<\/div>\n\t\t\t<div  class=\"ms-slide\" data-delay=\"3\"    >\n\t\t\t\t\t<img decoding=\"async\" src=\"https:\/\/www.apucarana.pr.gov.br\/site\/wp-content\/plugins\/masterslider\/public\/assets\/css\/blank.gif\" alt=\"Repasse Entidades (3)\" title=\"Repasse Entidades (3)\" data-src=\"https:\/\/www.apucarana.pr.gov.br\/site\/wp-content\/uploads\/2025\/12\/Repasse-Entidades-3-1024x576.jpg\" \/>\n\t<a href=\"https:\/\/www.apucarana.pr.gov.br\/site\/wp-content\/uploads\/2025\/12\/Repasse-Entidades-3-1024x576.jpg\" target=\"_self\"    >Repasse Entidades (3)<\/a>\n\n\n\t<img decoding=\"async\" class=\"ms-thumb\" src=\"https:\/\/www.apucarana.pr.gov.br\/site\/wp-content\/uploads\/2025\/12\/Repasse-Entidades-3-1024x576-140x80.jpg\" alt=\"Repasse Entidades (3)\" \/>\n\t\t\t\t<\/div>\n\n\t\t\t<\/div>\n\t\t\t<!-- END MasterSlider Main -->\n\n\t\t\t \n\t\t<\/div>\n\t\t<!-- END MasterSlider -->\n\n\t\t<script>\n\t\t( window.MSReady = window.MSReady || [] ).push( function( $ ) {\n\n\t\t\t\"use strict\";\n\t\t\tvar masterslider_0985 = new MasterSlider();\n\n\t\t\t\/\/ slider controls\n\t\t\tmasterslider_0985.control('arrows'     ,{ autohide:true, overVideo:true  });\n\t\t\tmasterslider_0985.control('thumblist'  ,{ autohide:false, overVideo:true, dir:'h', speed:17, inset:false, arrows:false, hover:false, customClass:'', align:'bottom',type:'thumbs', margin:2, width:140, height:80, space:2, fillMode:'fill'  });\n\t\t\t\/\/ slider setup\n\t\t\tmasterslider_0985.setup(\"MS69f4f3cf00985\", {\n\t\t\t\twidth           : 960,\n\t\t\t\theight          : 540,\n\t\t\t\tminHeight       : 0,\n\t\t\t\tspace           : 0,\n\t\t\t\tstart           : 1,\n\t\t\t\tgrabCursor      : true,\n\t\t\t\tswipe           : true,\n\t\t\t\tmouse           : true,\n\t\t\t\tkeyboard        : false,\n\t\t\t\tlayout          : \"fillwidth\",\n\t\t\t\twheel           : false,\n\t\t\t\tautoplay        : true,\n                instantStartLayers:false,\n\t\t\t\tmobileBGVideo:false,\n\t\t\t\tloop            : true,\n\t\t\t\tshuffle         : false,\n\t\t\t\tpreload         : 3,\n\t\t\t\theightLimit     : false,\n\t\t\t\tautoHeight      : false,\n\t\t\t\tsmoothHeight    : true,\n\t\t\t\tendPause        : false,\n\t\t\t\toverPause       : false,\n\t\t\t\tfillMode        : \"fill\",\n\t\t\t\tcenterControls  : true,\n\t\t\t\tstartOnAppear   : false,\n\t\t\t\tlayersMode      : \"center\",\n\t\t\t\tautofillTarget  : \"\",\n\t\t\t\thideLayers      : false,\n\t\t\t\tfullscreenMargin: 0,\n\t\t\t\tspeed           : 17,\n\t\t\t\tdir             : \"h\",\n\t\t\t\tresponsive      : true,\n\t\t\t\ttabletWidth     : 768,\n\t\t\t\ttabletHeight    : null,\n\t\t\t\tphoneWidth      : 480,\n\t\t\t\tphoneHeight    : null,\n\t\t\t\tsizingReference : window,\n\t\t\t\tparallaxMode    : 'swipe',\n\t\t\t\tview            : \"basic\"\n\t\t\t});\n\n\t\t\t\n\t\t\twindow.masterslider_instances = window.masterslider_instances || [];\n\t\t\twindow.masterslider_instances.push( masterslider_0985 );\n\t\t});\n\t\t<\/script>\n\n\n<p>Em reuni\u00e3o com representantes de Organiza\u00e7\u00f5es da Sociedade Civil (OCS) com plano de trabalho aprovado junto ao Conselho Municipal de Assist\u00eancia Social (COMAS), o prefeito Rodolfo Mota formalizou nesta quinta-feira (11\/12) o repasse de R$ 1.824.517,20 em subven\u00e7\u00e3o municipal a 14 entidades sociais para o exerc\u00edcio de 2026.<\/p>\n<p>Um projeto de lei segue agora para aprecia\u00e7\u00e3o dos vereadores. Uma vez aprovado, os recursos ser\u00e3o repassado ao longo do pr\u00f3ximo ano, em 12 parcelas mensais iguais, em conta banc\u00e1ria espec\u00edfica informada pela organiza\u00e7\u00e3o, em valores anuais que v\u00e3o de R$88.536,00 a R$ 330.235,20, sendo os valores a que cada entidade ter\u00e1 acesso calculado por vaga ofertada.<\/p>\n<p>O prefeito Rodolfo Mota destacou que o montante \u00e9 maior do que o repassado em 2024. Ser\u00e3o beneficiadas entidades de prote\u00e7\u00e3o social b\u00e1sica, de m\u00e9dia e tamb\u00e9m de alta complexidade que prestam assist\u00eancia a crian\u00e7as, jovens, adultos e idosos. \u201cO trabalho dessas entidades \u00e9 insubstitu\u00edvel. Elas acolhem quem mais precisa com um cuidado que \u00e9, ao mesmo tempo, t\u00e9cnico e profundamente humano. Estamos falando de organiza\u00e7\u00f5es e profissionais que dedicam a vida ao outro \u2014 crian\u00e7as, adolescentes, pessoas com defici\u00eancia, idosos, fam\u00edlias inteiras que encontram ali amparo, orienta\u00e7\u00e3o e dignidade\u201d, destaca o prefeito, destacando que a confirma\u00e7\u00e3o do repasse para 2026 \u201cassegura previsibilidade para que cada entidade continue fazendo o que faz de melhor\u201d. \u201cJuntos, governo e organiza\u00e7\u00f5es sociais, cuidamos das pessoas e constru\u00edmos um futuro mais digno para quem mora em Apucarana\u201d, disse Mota.<\/p>\n<p>As entidades atendidas dever\u00e3o prestar contas mensalmente por meio do sistema do Tribunal de Contas do Estado do Paran\u00e1 (TCE-PR) e encaminhar as presta\u00e7\u00f5es anuais para an\u00e1lise dos \u00f3rg\u00e3os internos e do Tribunal de Contas. A secret\u00e1ria municipal da Assist\u00eancia Social, Fab\u00edola Carrero, assinala que o repasse de recursos municipais \u00e0s organiza\u00e7\u00f5es socioassistenciais \u00e9 uma agenda estrat\u00e9gica que reafirma transpar\u00eancia, parceria e fortalecimento das pol\u00edticas p\u00fablicas que amparam milhares de fam\u00edlias. \u201c<\/p>\n<p>A subven\u00e7\u00e3o municipal reafirma um compromisso que \u00e9 permanente: apoiar quem entrega atendimento especializado, acolhimento qualificado e presen\u00e7a di\u00e1ria na vida de milhares de fam\u00edlias. S\u00e3o entidades que conhecem cada hist\u00f3ria, cada vulnerabilidade e cada necessidade, oferecendo prote\u00e7\u00e3o social onde o poder p\u00fablico sozinho n\u00e3o alcan\u00e7aria com a mesma efetividade. O repasse mensal assegura a continuidade de servi\u00e7os essenciais e fortalece uma rede que salva vidas, previne riscos e abre oportunidades. \u00c9 assim, com di\u00e1logo e seriedade, que seguimos ampliando a pol\u00edtica de assist\u00eancia social em Apucarana\u201d, diz Fab\u00edola Carrero, secret\u00e1ria municipal da Assist\u00eancia Social.<\/p>\n<p><strong>Organiza\u00e7\u00f5es da Sociedade Civil (OSC) beneficiadas com a subven\u00e7\u00e3o em 2026<\/p>\n<p><\/strong><strong><u>PROTE\u00c7\u00c3O SOCIAL B\u00c1SICA<br \/>\n<\/u><\/strong><br \/>\nAssocia\u00e7\u00e3o dos Deficientes F\u00edsicos de Apucarana \u2013 ADEFAP<br \/>\nValor mensal: 7.378,00<br \/>\nValor total: 88.536,00<\/p>\n<p>CARITAS Diocesana de Apucarana<br \/>\nValor mensal: 7.378,00<br \/>\nValor total: 88.536,00<\/p>\n<p>Centro para o Resgate \u00e0 Vida Esperan\u00e7a \u2013 CEPES<br \/>\nValor mensal: 7.378,00<br \/>\nValor total: 88.536,00<\/p>\n<p>Centro de Integra\u00e7\u00e3o Empresa\u2013Escola do Paran\u00e1 \u2013 CIEE\/PR<br \/>\nValor mensal: 7.378,00<br \/>\nValor total: 88.536,00<\/p>\n<p>Comando Andersen de Defesa do Cidad\u00e3o \u2013 COMANDER<br \/>\nValor mensal: 11.804,80<br \/>\nValor total: 141.657,60<\/p>\n<p>Escola de Desenvolvimento Humano Casa do Caminho \u2013 EDHUCCA<br \/>\nValor mensal: 11.804,80<br \/>\nValor total: 141.657,60<\/p>\n<p>FACHISA Polo de Qualifica\u00e7\u00e3o Profissional<br \/>\nValor mensal: 8.853,60<br \/>\nValor total: 106.243,20<\/p>\n<p>Hospital Nossa Senhora das Gra\u00e7as \u2013 HOSPITAL DA PROVID\u00caNCIA<br \/>\nValor mensal: 8.853,60<br \/>\nValor total: 106.243,20<\/p>\n<p><strong><u>PROTE\u00c7\u00c3O SOCIAL DE M\u00c9DIA COMPLEXIDADE<\/p>\n<p><\/u><\/strong>Associa\u00e7\u00e3o de Pais e Amigos dos Excepcionais de Apucarana \u2013 APAE<br \/>\nValor mensal: 10.417,80<br \/>\nValor total: 125.013,60<\/p>\n<p>Centro de Apoio Social ao Adolescente \u2013 CASA<br \/>\nValor mensal: 17.363,00<br \/>\nValor total: 208.356,00<\/p>\n<p>Recanto Allan Kardec<br \/>\nValor mensal: 12.154,10<br \/>\nValor total: 145.849,20<\/p>\n<p><strong><u>PROTE\u00c7\u00c3O SOCIAL DE ALTA COMPLEXIDADE<\/p>\n<p><\/u><\/strong>Lar S\u00e3o Vicente de Paulo de Apucarana<br \/>\nValor mensal: 27.519,60<br \/>\nValor total: 330.235,20<\/p>\n<p>Resgate Life \u2013 CASA MARTA E MARIA<br \/>\nValor mensal: 13.759,80<br \/>\nValor total: 165.117,60<\/p>\n","protected":false},"excerpt":{"rendered":"<p>Em reuni&atilde;o com representantes de Organiza&ccedil;&otilde;es da Sociedade Civil (OCS) com plano de trabalho aprovado junto ao Conselho Municipal de Assist&ecirc;ncia Social (COMAS), o prefeito Rodolfo Mota formalizou nesta quinta-feira (11\/12) o repasse de R$ 1.824.517,20 em subven&ccedil;&atilde;o municipal a 14 entidades sociais para o exerc&iacute;cio de 2026. Um projeto de lei segue agora para [&hellip;]<\/p>\n","protected":false},"author":7,"featured_media":121380,"comment_status":"closed","ping_status":"closed","sticky":false,"template":"","format":"standard","meta":{"footnotes":""},"categories":[24],"tags":[],"class_list":["post-121378","post","type-post","status-publish","format-standard","has-post-thumbnail","hentry","category-noticias"],"acf":[],"_links":{"self":[{"href":"https:\/\/www.apucarana.pr.gov.br\/site\/wp-json\/wp\/v2\/posts\/121378","targetHints":{"allow":["GET"]}}],"collection":[{"href":"https:\/\/www.apucarana.pr.gov.br\/site\/wp-json\/wp\/v2\/posts"}],"about":[{"href":"https:\/\/www.apucarana.pr.gov.br\/site\/wp-json\/wp\/v2\/types\/post"}],"author":[{"embeddable":true,"href":"https:\/\/www.apucarana.pr.gov.br\/site\/wp-json\/wp\/v2\/users\/7"}],"replies":[{"embeddable":true,"href":"https:\/\/www.apucarana.pr.gov.br\/site\/wp-json\/wp\/v2\/comments?post=121378"}],"version-history":[{"count":1,"href":"https:\/\/www.apucarana.pr.gov.br\/site\/wp-json\/wp\/v2\/posts\/121378\/revisions"}],"predecessor-version":[{"id":121382,"href":"https:\/\/www.apucarana.pr.gov.br\/site\/wp-json\/wp\/v2\/posts\/121378\/revisions\/121382"}],"wp:featuredmedia":[{"embeddable":true,"href":"https:\/\/www.apucarana.pr.gov.br\/site\/wp-json\/wp\/v2\/media\/121380"}],"wp:attachment":[{"href":"https:\/\/www.apucarana.pr.gov.br\/site\/wp-json\/wp\/v2\/media?parent=121378"}],"wp:term":[{"taxonomy":"category","embeddable":true,"href":"https:\/\/www.apucarana.pr.gov.br\/site\/wp-json\/wp\/v2\/categories?post=121378"},{"taxonomy":"post_tag","embeddable":true,"href":"https:\/\/www.apucarana.pr.gov.br\/site\/wp-json\/wp\/v2\/tags?post=121378"}],"curies":[{"name":"wp","href":"https:\/\/api.w.org\/{rel}","templated":true}]}}