{"id":121354,"date":"2025-12-12T16:21:45","date_gmt":"2025-12-12T19:21:45","guid":{"rendered":"https:\/\/www.apucarana.pr.gov.br\/site\/?p=121354"},"modified":"2025-12-12T19:29:52","modified_gmt":"2025-12-12T22:29:52","slug":"secretaria-da-mulher-de-apucarana-premia-melhores-poesias-sobre-fim-da-violencia-familiar-e-domestica","status":"publish","type":"post","link":"https:\/\/www.apucarana.pr.gov.br\/site\/secretaria-da-mulher-de-apucarana-premia-melhores-poesias-sobre-fim-da-violencia-familiar-e-domestica\/","title":{"rendered":"Secretaria da Mulher de Apucarana premia melhores poesias sobre \u201cFim da Viol\u00eancia Familiar e Dom\u00e9stica\u201d"},"content":{"rendered":"\n\t\t<!-- MasterSlider -->\n\t\t<div id=\"P_MS69f4e616c49b6\" class=\"master-slider-parent master-slider-gallery   ms-parent-id-0\" style=\"\" >\n\n\t\t\t\n\t\t\t<!-- MasterSlider Main -->\n\t\t\t<div id=\"MS69f4e616c49b6\" class=\"master-slider ms-skin-default\" >\n\t\t\t\t \t\t\t\t \n\t\t\t<div  class=\"ms-slide\" data-delay=\"3\"    >\n\t\t\t\t\t<img decoding=\"async\" src=\"https:\/\/www.apucarana.pr.gov.br\/site\/wp-content\/plugins\/masterslider\/public\/assets\/css\/blank.gif\" alt=\"Premia\u00e7\u00e3o poesias-2\" title=\"Premia\u00e7\u00e3o poesias-2\" data-src=\"https:\/\/www.apucarana.pr.gov.br\/site\/wp-content\/uploads\/2025\/12\/Premiacao-poesias-2-1024x683.jpg\" \/>\n\t<a href=\"https:\/\/www.apucarana.pr.gov.br\/site\/wp-content\/uploads\/2025\/12\/Premiacao-poesias-2-1024x683.jpg\" target=\"_self\"    >Premia\u00e7\u00e3o poesias-2<\/a>\n\n\n\t<img decoding=\"async\" class=\"ms-thumb\" src=\"https:\/\/www.apucarana.pr.gov.br\/site\/wp-content\/uploads\/2025\/12\/Premiacao-poesias-2-1024x683-140x80.jpg\" alt=\"Premia\u00e7\u00e3o poesias-2\" \/>\n\t\t\t\t<\/div>\n\t\t\t<div  class=\"ms-slide\" data-delay=\"3\"    >\n\t\t\t\t\t<img decoding=\"async\" src=\"https:\/\/www.apucarana.pr.gov.br\/site\/wp-content\/plugins\/masterslider\/public\/assets\/css\/blank.gif\" alt=\"Premia\u00e7\u00e3o poesias-4\" title=\"Premia\u00e7\u00e3o poesias-4\" data-src=\"https:\/\/www.apucarana.pr.gov.br\/site\/wp-content\/uploads\/2025\/12\/Premiacao-poesias-4-1024x683.jpg\" \/>\n\t<a href=\"https:\/\/www.apucarana.pr.gov.br\/site\/wp-content\/uploads\/2025\/12\/Premiacao-poesias-4-1024x683.jpg\" target=\"_self\"    >Premia\u00e7\u00e3o poesias-4<\/a>\n\n\n\t<img decoding=\"async\" class=\"ms-thumb\" src=\"https:\/\/www.apucarana.pr.gov.br\/site\/wp-content\/uploads\/2025\/12\/Premiacao-poesias-4-1024x683-140x80.jpg\" alt=\"Premia\u00e7\u00e3o poesias-4\" \/>\n\t\t\t\t<\/div>\n\t\t\t<div  class=\"ms-slide\" data-delay=\"3\"    >\n\t\t\t\t\t<img decoding=\"async\" src=\"https:\/\/www.apucarana.pr.gov.br\/site\/wp-content\/plugins\/masterslider\/public\/assets\/css\/blank.gif\" alt=\"Premia\u00e7\u00e3o poesias-5\" title=\"Premia\u00e7\u00e3o poesias-5\" data-src=\"https:\/\/www.apucarana.pr.gov.br\/site\/wp-content\/uploads\/2025\/12\/Premiacao-poesias-5-1024x683.jpg\" \/>\n\t<a href=\"https:\/\/www.apucarana.pr.gov.br\/site\/wp-content\/uploads\/2025\/12\/Premiacao-poesias-5-1024x683.jpg\" target=\"_self\"    >Premia\u00e7\u00e3o poesias-5<\/a>\n\n\n\t<img decoding=\"async\" class=\"ms-thumb\" src=\"https:\/\/www.apucarana.pr.gov.br\/site\/wp-content\/uploads\/2025\/12\/Premiacao-poesias-5-1024x683-140x80.jpg\" alt=\"Premia\u00e7\u00e3o poesias-5\" \/>\n\t\t\t\t<\/div>\n\t\t\t<div  class=\"ms-slide\" data-delay=\"3\"    >\n\t\t\t\t\t<img decoding=\"async\" src=\"https:\/\/www.apucarana.pr.gov.br\/site\/wp-content\/plugins\/masterslider\/public\/assets\/css\/blank.gif\" alt=\"Premia\u00e7\u00e3o poesias-10\" title=\"Premia\u00e7\u00e3o poesias-10\" data-src=\"https:\/\/www.apucarana.pr.gov.br\/site\/wp-content\/uploads\/2025\/12\/Premiacao-poesias-10-1024x683.jpg\" \/>\n\t<a href=\"https:\/\/www.apucarana.pr.gov.br\/site\/wp-content\/uploads\/2025\/12\/Premiacao-poesias-10-1024x683.jpg\" target=\"_self\"    >Premia\u00e7\u00e3o poesias-10<\/a>\n\n\n\t<img decoding=\"async\" class=\"ms-thumb\" src=\"https:\/\/www.apucarana.pr.gov.br\/site\/wp-content\/uploads\/2025\/12\/Premiacao-poesias-10-1024x683-140x80.jpg\" alt=\"Premia\u00e7\u00e3o poesias-10\" \/>\n\t\t\t\t<\/div>\n\t\t\t<div  class=\"ms-slide\" data-delay=\"3\"    >\n\t\t\t\t\t<img decoding=\"async\" src=\"https:\/\/www.apucarana.pr.gov.br\/site\/wp-content\/plugins\/masterslider\/public\/assets\/css\/blank.gif\" alt=\"Premia\u00e7\u00e3o poesias-14\" title=\"Premia\u00e7\u00e3o poesias-14\" data-src=\"https:\/\/www.apucarana.pr.gov.br\/site\/wp-content\/uploads\/2025\/12\/Premiacao-poesias-14-1024x683.jpg\" \/>\n\t<a href=\"https:\/\/www.apucarana.pr.gov.br\/site\/wp-content\/uploads\/2025\/12\/Premiacao-poesias-14-1024x683.jpg\" target=\"_self\"    >Premia\u00e7\u00e3o poesias-14<\/a>\n\n\n\t<img decoding=\"async\" class=\"ms-thumb\" src=\"https:\/\/www.apucarana.pr.gov.br\/site\/wp-content\/uploads\/2025\/12\/Premiacao-poesias-14-1024x683-140x80.jpg\" alt=\"Premia\u00e7\u00e3o poesias-14\" \/>\n\t\t\t\t<\/div>\n\t\t\t<div  class=\"ms-slide\" data-delay=\"3\"    >\n\t\t\t\t\t<img decoding=\"async\" src=\"https:\/\/www.apucarana.pr.gov.br\/site\/wp-content\/plugins\/masterslider\/public\/assets\/css\/blank.gif\" alt=\"Premia\u00e7\u00e3o poesias-17\" title=\"Premia\u00e7\u00e3o poesias-17\" data-src=\"https:\/\/www.apucarana.pr.gov.br\/site\/wp-content\/uploads\/2025\/12\/Premiacao-poesias-17-1024x683.jpg\" \/>\n\t<a href=\"https:\/\/www.apucarana.pr.gov.br\/site\/wp-content\/uploads\/2025\/12\/Premiacao-poesias-17-1024x683.jpg\" target=\"_self\"    >Premia\u00e7\u00e3o poesias-17<\/a>\n\n\n\t<img decoding=\"async\" class=\"ms-thumb\" src=\"https:\/\/www.apucarana.pr.gov.br\/site\/wp-content\/uploads\/2025\/12\/Premiacao-poesias-17-1024x683-140x80.jpg\" alt=\"Premia\u00e7\u00e3o poesias-17\" \/>\n\t\t\t\t<\/div>\n\t\t\t<div  class=\"ms-slide\" data-delay=\"3\"    >\n\t\t\t\t\t<img decoding=\"async\" src=\"https:\/\/www.apucarana.pr.gov.br\/site\/wp-content\/plugins\/masterslider\/public\/assets\/css\/blank.gif\" alt=\"Premia\u00e7\u00e3o poesias-20\" title=\"Premia\u00e7\u00e3o poesias-20\" data-src=\"https:\/\/www.apucarana.pr.gov.br\/site\/wp-content\/uploads\/2025\/12\/Premiacao-poesias-20-1024x683.jpg\" \/>\n\t<a href=\"https:\/\/www.apucarana.pr.gov.br\/site\/wp-content\/uploads\/2025\/12\/Premiacao-poesias-20-1024x683.jpg\" target=\"_self\"    >Premia\u00e7\u00e3o poesias-20<\/a>\n\n\n\t<img decoding=\"async\" class=\"ms-thumb\" src=\"https:\/\/www.apucarana.pr.gov.br\/site\/wp-content\/uploads\/2025\/12\/Premiacao-poesias-20-1024x683-140x80.jpg\" alt=\"Premia\u00e7\u00e3o poesias-20\" \/>\n\t\t\t\t<\/div>\n\t\t\t<div  class=\"ms-slide\" data-delay=\"3\"    >\n\t\t\t\t\t<img decoding=\"async\" src=\"https:\/\/www.apucarana.pr.gov.br\/site\/wp-content\/plugins\/masterslider\/public\/assets\/css\/blank.gif\" alt=\"Premia\u00e7\u00e3o poesias-25\" title=\"Premia\u00e7\u00e3o poesias-25\" data-src=\"https:\/\/www.apucarana.pr.gov.br\/site\/wp-content\/uploads\/2025\/12\/Premiacao-poesias-25-1024x683.jpg\" \/>\n\t<a href=\"https:\/\/www.apucarana.pr.gov.br\/site\/wp-content\/uploads\/2025\/12\/Premiacao-poesias-25-1024x683.jpg\" target=\"_self\"    >Premia\u00e7\u00e3o poesias-25<\/a>\n\n\n\t<img decoding=\"async\" class=\"ms-thumb\" src=\"https:\/\/www.apucarana.pr.gov.br\/site\/wp-content\/uploads\/2025\/12\/Premiacao-poesias-25-1024x683-140x80.jpg\" alt=\"Premia\u00e7\u00e3o poesias-25\" \/>\n\t\t\t\t<\/div>\n\t\t\t<div  class=\"ms-slide\" data-delay=\"3\"    >\n\t\t\t\t\t<img decoding=\"async\" src=\"https:\/\/www.apucarana.pr.gov.br\/site\/wp-content\/plugins\/masterslider\/public\/assets\/css\/blank.gif\" alt=\"Premia\u00e7\u00e3o poesias-28\" title=\"Premia\u00e7\u00e3o poesias-28\" data-src=\"https:\/\/www.apucarana.pr.gov.br\/site\/wp-content\/uploads\/2025\/12\/Premiacao-poesias-28-1024x683.jpg\" \/>\n\t<a href=\"https:\/\/www.apucarana.pr.gov.br\/site\/wp-content\/uploads\/2025\/12\/Premiacao-poesias-28-1024x683.jpg\" target=\"_self\"    >Premia\u00e7\u00e3o poesias-28<\/a>\n\n\n\t<img decoding=\"async\" class=\"ms-thumb\" src=\"https:\/\/www.apucarana.pr.gov.br\/site\/wp-content\/uploads\/2025\/12\/Premiacao-poesias-28-1024x683-140x80.jpg\" alt=\"Premia\u00e7\u00e3o poesias-28\" \/>\n\t\t\t\t<\/div>\n\t\t\t<div  class=\"ms-slide\" data-delay=\"3\"    >\n\t\t\t\t\t<img decoding=\"async\" src=\"https:\/\/www.apucarana.pr.gov.br\/site\/wp-content\/plugins\/masterslider\/public\/assets\/css\/blank.gif\" alt=\"Premia\u00e7\u00e3o poesias-32\" title=\"Premia\u00e7\u00e3o poesias-32\" data-src=\"https:\/\/www.apucarana.pr.gov.br\/site\/wp-content\/uploads\/2025\/12\/Premiacao-poesias-32-1024x683.jpg\" \/>\n\t<a href=\"https:\/\/www.apucarana.pr.gov.br\/site\/wp-content\/uploads\/2025\/12\/Premiacao-poesias-32-1024x683.jpg\" target=\"_self\"    >Premia\u00e7\u00e3o poesias-32<\/a>\n\n\n\t<img decoding=\"async\" class=\"ms-thumb\" src=\"https:\/\/www.apucarana.pr.gov.br\/site\/wp-content\/uploads\/2025\/12\/Premiacao-poesias-32-1024x683-140x80.jpg\" alt=\"Premia\u00e7\u00e3o poesias-32\" \/>\n\t\t\t\t<\/div>\n\t\t\t<div  class=\"ms-slide\" data-delay=\"3\"    >\n\t\t\t\t\t<img decoding=\"async\" src=\"https:\/\/www.apucarana.pr.gov.br\/site\/wp-content\/plugins\/masterslider\/public\/assets\/css\/blank.gif\" alt=\"Premia\u00e7\u00e3o poesias-33\" title=\"Premia\u00e7\u00e3o poesias-33\" data-src=\"https:\/\/www.apucarana.pr.gov.br\/site\/wp-content\/uploads\/2025\/12\/Premiacao-poesias-33-1024x683.jpg\" \/>\n\t<a href=\"https:\/\/www.apucarana.pr.gov.br\/site\/wp-content\/uploads\/2025\/12\/Premiacao-poesias-33-1024x683.jpg\" target=\"_self\"    >Premia\u00e7\u00e3o poesias-33<\/a>\n\n\n\t<img decoding=\"async\" class=\"ms-thumb\" src=\"https:\/\/www.apucarana.pr.gov.br\/site\/wp-content\/uploads\/2025\/12\/Premiacao-poesias-33-1024x683-140x80.jpg\" alt=\"Premia\u00e7\u00e3o poesias-33\" \/>\n\t\t\t\t<\/div>\n\t\t\t<div  class=\"ms-slide\" data-delay=\"3\"    >\n\t\t\t\t\t<img decoding=\"async\" src=\"https:\/\/www.apucarana.pr.gov.br\/site\/wp-content\/plugins\/masterslider\/public\/assets\/css\/blank.gif\" alt=\"Premia\u00e7\u00e3o poesias-34\" title=\"Premia\u00e7\u00e3o poesias-34\" data-src=\"https:\/\/www.apucarana.pr.gov.br\/site\/wp-content\/uploads\/2025\/12\/Premiacao-poesias-34-1024x683.jpg\" \/>\n\t<a href=\"https:\/\/www.apucarana.pr.gov.br\/site\/wp-content\/uploads\/2025\/12\/Premiacao-poesias-34-1024x683.jpg\" target=\"_self\"    >Premia\u00e7\u00e3o poesias-34<\/a>\n\n\n\t<img decoding=\"async\" class=\"ms-thumb\" src=\"https:\/\/www.apucarana.pr.gov.br\/site\/wp-content\/uploads\/2025\/12\/Premiacao-poesias-34-1024x683-140x80.jpg\" alt=\"Premia\u00e7\u00e3o poesias-34\" \/>\n\t\t\t\t<\/div>\n\t\t\t<div  class=\"ms-slide\" data-delay=\"3\"    >\n\t\t\t\t\t<img decoding=\"async\" src=\"https:\/\/www.apucarana.pr.gov.br\/site\/wp-content\/plugins\/masterslider\/public\/assets\/css\/blank.gif\" alt=\"Premia\u00e7\u00e3o poesias-37\" title=\"Premia\u00e7\u00e3o poesias-37\" data-src=\"https:\/\/www.apucarana.pr.gov.br\/site\/wp-content\/uploads\/2025\/12\/Premiacao-poesias-37-1024x683.jpg\" \/>\n\t<a href=\"https:\/\/www.apucarana.pr.gov.br\/site\/wp-content\/uploads\/2025\/12\/Premiacao-poesias-37-1024x683.jpg\" target=\"_self\"    >Premia\u00e7\u00e3o poesias-37<\/a>\n\n\n\t<img decoding=\"async\" class=\"ms-thumb\" src=\"https:\/\/www.apucarana.pr.gov.br\/site\/wp-content\/uploads\/2025\/12\/Premiacao-poesias-37-1024x683-140x80.jpg\" alt=\"Premia\u00e7\u00e3o poesias-37\" \/>\n\t\t\t\t<\/div>\n\t\t\t<div  class=\"ms-slide\" data-delay=\"3\"    >\n\t\t\t\t\t<img decoding=\"async\" src=\"https:\/\/www.apucarana.pr.gov.br\/site\/wp-content\/plugins\/masterslider\/public\/assets\/css\/blank.gif\" alt=\"Premia\u00e7\u00e3o poesias-38\" title=\"Premia\u00e7\u00e3o poesias-38\" data-src=\"https:\/\/www.apucarana.pr.gov.br\/site\/wp-content\/uploads\/2025\/12\/Premiacao-poesias-38-1024x683.jpg\" \/>\n\t<a href=\"https:\/\/www.apucarana.pr.gov.br\/site\/wp-content\/uploads\/2025\/12\/Premiacao-poesias-38-1024x683.jpg\" target=\"_self\"    >Premia\u00e7\u00e3o poesias-38<\/a>\n\n\n\t<img decoding=\"async\" class=\"ms-thumb\" src=\"https:\/\/www.apucarana.pr.gov.br\/site\/wp-content\/uploads\/2025\/12\/Premiacao-poesias-38-1024x683-140x80.jpg\" alt=\"Premia\u00e7\u00e3o poesias-38\" \/>\n\t\t\t\t<\/div>\n\t\t\t<div  class=\"ms-slide\" data-delay=\"3\"    >\n\t\t\t\t\t<img decoding=\"async\" src=\"https:\/\/www.apucarana.pr.gov.br\/site\/wp-content\/plugins\/masterslider\/public\/assets\/css\/blank.gif\" alt=\"Premia\u00e7\u00e3o poesias-39\" title=\"Premia\u00e7\u00e3o poesias-39\" data-src=\"https:\/\/www.apucarana.pr.gov.br\/site\/wp-content\/uploads\/2025\/12\/Premiacao-poesias-39-1024x683.jpg\" \/>\n\t<a href=\"https:\/\/www.apucarana.pr.gov.br\/site\/wp-content\/uploads\/2025\/12\/Premiacao-poesias-39-1024x683.jpg\" target=\"_self\"    >Premia\u00e7\u00e3o poesias-39<\/a>\n\n\n\t<img decoding=\"async\" class=\"ms-thumb\" src=\"https:\/\/www.apucarana.pr.gov.br\/site\/wp-content\/uploads\/2025\/12\/Premiacao-poesias-39-1024x683-140x80.jpg\" alt=\"Premia\u00e7\u00e3o poesias-39\" \/>\n\t\t\t\t<\/div>\n\t\t\t<div  class=\"ms-slide\" data-delay=\"3\"    >\n\t\t\t\t\t<img decoding=\"async\" src=\"https:\/\/www.apucarana.pr.gov.br\/site\/wp-content\/plugins\/masterslider\/public\/assets\/css\/blank.gif\" alt=\"Premia\u00e7\u00e3o poesias-40\" title=\"Premia\u00e7\u00e3o poesias-40\" data-src=\"https:\/\/www.apucarana.pr.gov.br\/site\/wp-content\/uploads\/2025\/12\/Premiacao-poesias-40-1024x683.jpg\" \/>\n\t<a href=\"https:\/\/www.apucarana.pr.gov.br\/site\/wp-content\/uploads\/2025\/12\/Premiacao-poesias-40-1024x683.jpg\" target=\"_self\"    >Premia\u00e7\u00e3o poesias-40<\/a>\n\n\n\t<img decoding=\"async\" class=\"ms-thumb\" src=\"https:\/\/www.apucarana.pr.gov.br\/site\/wp-content\/uploads\/2025\/12\/Premiacao-poesias-40-1024x683-140x80.jpg\" alt=\"Premia\u00e7\u00e3o poesias-40\" \/>\n\t\t\t\t<\/div>\n\n\t\t\t<\/div>\n\t\t\t<!-- END MasterSlider Main -->\n\n\t\t\t \n\t\t<\/div>\n\t\t<!-- END MasterSlider -->\n\n\t\t<script>\n\t\t( window.MSReady = window.MSReady || [] ).push( function( $ ) {\n\n\t\t\t\"use strict\";\n\t\t\tvar masterslider_49b6 = new MasterSlider();\n\n\t\t\t\/\/ slider controls\n\t\t\tmasterslider_49b6.control('arrows'     ,{ autohide:true, overVideo:true  });\n\t\t\tmasterslider_49b6.control('thumblist'  ,{ autohide:false, overVideo:true, dir:'h', speed:17, inset:false, arrows:false, hover:false, customClass:'', align:'bottom',type:'thumbs', margin:2, width:140, height:80, space:2, fillMode:'fill'  });\n\t\t\t\/\/ slider setup\n\t\t\tmasterslider_49b6.setup(\"MS69f4e616c49b6\", {\n\t\t\t\twidth           : 960,\n\t\t\t\theight          : 540,\n\t\t\t\tminHeight       : 0,\n\t\t\t\tspace           : 0,\n\t\t\t\tstart           : 1,\n\t\t\t\tgrabCursor      : true,\n\t\t\t\tswipe           : true,\n\t\t\t\tmouse           : true,\n\t\t\t\tkeyboard        : false,\n\t\t\t\tlayout          : \"fillwidth\",\n\t\t\t\twheel           : false,\n\t\t\t\tautoplay        : true,\n                instantStartLayers:false,\n\t\t\t\tmobileBGVideo:false,\n\t\t\t\tloop            : true,\n\t\t\t\tshuffle         : false,\n\t\t\t\tpreload         : 3,\n\t\t\t\theightLimit     : false,\n\t\t\t\tautoHeight      : false,\n\t\t\t\tsmoothHeight    : true,\n\t\t\t\tendPause        : false,\n\t\t\t\toverPause       : false,\n\t\t\t\tfillMode        : \"fill\",\n\t\t\t\tcenterControls  : true,\n\t\t\t\tstartOnAppear   : false,\n\t\t\t\tlayersMode      : \"center\",\n\t\t\t\tautofillTarget  : \"\",\n\t\t\t\thideLayers      : false,\n\t\t\t\tfullscreenMargin: 0,\n\t\t\t\tspeed           : 17,\n\t\t\t\tdir             : \"h\",\n\t\t\t\tresponsive      : true,\n\t\t\t\ttabletWidth     : 768,\n\t\t\t\ttabletHeight    : null,\n\t\t\t\tphoneWidth      : 480,\n\t\t\t\tphoneHeight    : null,\n\t\t\t\tsizingReference : window,\n\t\t\t\tparallaxMode    : 'swipe',\n\t\t\t\tview            : \"basic\"\n\t\t\t});\n\n\t\t\t\n\t\t\twindow.masterslider_instances = window.masterslider_instances || [];\n\t\t\twindow.masterslider_instances.push( masterslider_49b6 );\n\t\t});\n\t\t<\/script>\n\n\n<p>Em evento no sal\u00e3o nobre da Prefeitura de Apucarana, a Secretaria da Mulher e Assuntos da Fam\u00edlia (Semaf), em parceria com a Autarquia Municipal de Educa\u00e7\u00e3o (AME) premiou as melhores composi\u00e7\u00f5es dentro do Concurso Municipal de Poesias \u201c21 Dias de Ativismo pelo Fim da Viol\u00eancia Familiar e Dom\u00e9stica contra a Mulher\u201d.<\/p>\n<p>Direcionado a alunos dos 4\u00ba anos do Ensino Fundamental I, a iniciativa fomentou entre a nova gera\u00e7\u00e3o a reflex\u00e3o sobre respeito, empatia, igualdade e a import\u00e2ncia do combate a todas as formas de viol\u00eancia contra as mulheres, tendo como vencedora a aluna Lu\u00edsa do Nascimento Couto, da Escola Municipal Dinarte Pereira de Ara\u00fajo, localizada no Parque Bigua\u00e7u, com a poesia \u201cA dor da Bela Flor\u201d que narra a trajet\u00f3ria de uma mulher v\u00edtima de viol\u00eancia que encontra prote\u00e7\u00e3o na Lei Maria da Penha.<\/p>\n<p>Em segundo lugar ficou a aluna Laura Ribeiro Brand\u00e3o, da Escola Municipal Dr. Joaquim Vicente de Castro, na Vila Santa Rosa e, em terceiro lugar, o aluno Marco Ant\u00f4nio de Macedo Hoffmann, da Escola Municipal Monsenhor Arnaldo Beltrami, no Jardim Colonial. Como premia\u00e7\u00e3o, cada aluno vencedor recebeu um microcomputador doado pela deputada Federal Lu\u00edsa Canzini que, por compromissos previamente agendados, n\u00e3o pode estar presente no evento. Os demais participantes foram condecorados com certificado.<\/p>\n<p>Para a defini\u00e7\u00e3o dos melhores trabalhos a comiss\u00e3o julgadora avaliou criatividade, originalidade, clareza, estrutura po\u00e9tica e o impacto art\u00edstico e emocional. Segundo pontuou o prefeito Rodolfo Mota, o concurso integrou a campanha internacional \u201c21 Dias de Ativismo pelo Fim da Viol\u00eancia Dom\u00e9stica e Familiar contra a Mulher\u201d, que mobiliza comunidades do mundo todo na defesa dos direitos humanos, da dignidade e da prote\u00e7\u00e3o das mulheres.<\/p>\n<p>\u201cEsse \u00e9 um tema que tamb\u00e9m pertence aos homens. As mulheres lideram muitas campanhas, mas n\u00f3s precisamos assumir o nosso papel: defender, proteger e nunca silenciar diante da viol\u00eancia. Se n\u00e3o formos agressores, se n\u00e3o compactuarmos e se n\u00e3o deixarmos a viol\u00eancia passar impune, j\u00e1 avan\u00e7amos muito enquanto sociedade. O trabalho dos 21 Dias de Ativismo reuniu v\u00e1rias entidades e diferentes secretarias, somando mais de vinte a\u00e7\u00f5es. Esse concurso completa esse ciclo e mostra que educar \u00e9 o caminho para quebrar ciclos de viol\u00eancia que se repetem de gera\u00e7\u00e3o em gera\u00e7\u00e3o. Agrade\u00e7o \u00e0s equipes escolares pelo empenho e parabenizo nossas crian\u00e7as pela sensibilidade e talento\u201d, disse Mota.<\/p>\n<p>Durante o evento de premia\u00e7\u00e3o, a organiza\u00e7\u00e3o manteve um varal com a exposi\u00e7\u00e3o dos melhores trabalhos. \u201cHoje \u00e9 um daqueles dias em que o cora\u00e7\u00e3o da gente se enche de esperan\u00e7a, onde celebramos algo muito maior do que um concurso de poesias. Celebramos a sensibilidade e a for\u00e7a das nossas crian\u00e7as, que transformaram um tema t\u00e3o s\u00e9rio em palavras cheias de carinho e coragem. Cada poema mostra que estamos formando uma gera\u00e7\u00e3o que acredita no respeito, na empatia e na igualdade. Uma gera\u00e7\u00e3o que entende que nenhuma mulher merece viver com medo. Atrav\u00e9s de palavras, nossos alunos mostraram que a mudan\u00e7a come\u00e7a no olhar atento, na palavra gentil e na coragem de dizer que a viol\u00eancia n\u00e3o pode fazer parte de nenhuma fam\u00edlia\u201d, disse a primeira-dama e secret\u00e1ria Municipal da Mulher e Assuntos da Fam\u00edlia, Karine Mota.<\/p>\n<p>A secret\u00e1ria municipal de Educa\u00e7\u00e3o, professora Ana Paula do Carmo Donato, destacou a import\u00e2ncia de tratar o tema dentro da escola desde cedo. \u201cAo longo da minha experi\u00eancia como professora, vi de perto como a viol\u00eancia dentro de casa se reflete no comportamento das crian\u00e7as. Lembro de um aluno que agredia todas as meninas que se aproximavam. Quando conversamos com a fam\u00edlia, descobrimos que ele apenas reproduzia a viol\u00eancia que via contra a pr\u00f3pria m\u00e3e. Isso mostra por que \u00e9 essencial falar sobre respeito e prote\u00e7\u00e3o \u00e0s mulheres ainda na inf\u00e2ncia. A escola tem poder para romper ciclos. Por isso, iniciativas como este concurso s\u00e3o fundamentais. Agrade\u00e7o nossas diretoras, professoras e estudantes por abra\u00e7arem o projeto e transformarem dor em poesia. Cada verso apresentado aqui \u00e9 um passo concreto na constru\u00e7\u00e3o de uma sociedade mais justa e segura para todas as mulheres\u201d, disse a secret\u00e1ria.<\/p>\n<p><strong>Mensagem da deputada<\/strong> \u2013 Na impossibilidade de estar presente, a deputada Federal Lu\u00edsa Canziani, que doou os computadores para a premia\u00e7\u00e3o, enviou uma mensagem em \u00e1udio enaltecendo a iniciativa da Prefeitura de Apucarana e refor\u00e7ando apoio \u00e0s a\u00e7\u00f5es de enfrentamento \u00e0 viol\u00eancia contra a mulher. \u201cFa\u00e7o quest\u00e3o de registrar meu reconhecimento a esse projeto que nasceu na Secretaria da Mulher, ganhou for\u00e7a com os 21 Dias de Ativismo e se tornou ainda maior gra\u00e7as ao trabalho conjunto da Educa\u00e7\u00e3o. \u00c9 uma iniciativa que leva consci\u00eancia \u00e0s nossas crian\u00e7as e ajuda a construir uma cidade mais segura, que valoriza mulheres e meninas. Parabenizo a toda equipe do prefeito Rodolfo Mota, \u00e0s professoras, diretoras e todos que transformaram essa ideia em um movimento t\u00e3o poderoso. Contem sempre comigo e com meu mandato. Sigo ao lado de Apucarana para transformar os grandes sonhos da popula\u00e7\u00e3o em realidade\u201d, pronunciou-se a parlamentar.<\/p>\n<p><strong>Presen\u00e7a<\/strong> \u2013 Entre as autoridades presentes estiveram o vice-prefeito e secret\u00e1rio municipal de Governo, Marcos da Vila Reis, o vereador Pablo da Seguran\u00e7a, o superintendente pedag\u00f3gico da AME, Pablo Costa e Silva, a coordenadora do Centro de Atendimento \u00e0 Mulher (CAM), Fernanda Ara\u00fajo, e a coordenadora do concurso de poesias, professora Patr\u00edcia Cunha.<\/p>\n","protected":false},"excerpt":{"rendered":"<p>Em evento no sal&atilde;o nobre da Prefeitura de Apucarana, a Secretaria da Mulher e Assuntos da Fam&iacute;lia (Semaf), em parceria com a Autarquia Municipal de Educa&ccedil;&atilde;o (AME) premiou as melhores composi&ccedil;&otilde;es dentro do Concurso Municipal de Poesias &ldquo;21 Dias de Ativismo pelo Fim da Viol&ecirc;ncia Familiar e Dom&eacute;stica contra a Mulher&rdquo;. Direcionado a alunos dos [&hellip;]<\/p>\n","protected":false},"author":7,"featured_media":121359,"comment_status":"closed","ping_status":"closed","sticky":false,"template":"","format":"standard","meta":{"footnotes":""},"categories":[24],"tags":[],"class_list":["post-121354","post","type-post","status-publish","format-standard","has-post-thumbnail","hentry","category-noticias"],"acf":[],"_links":{"self":[{"href":"https:\/\/www.apucarana.pr.gov.br\/site\/wp-json\/wp\/v2\/posts\/121354","targetHints":{"allow":["GET"]}}],"collection":[{"href":"https:\/\/www.apucarana.pr.gov.br\/site\/wp-json\/wp\/v2\/posts"}],"about":[{"href":"https:\/\/www.apucarana.pr.gov.br\/site\/wp-json\/wp\/v2\/types\/post"}],"author":[{"embeddable":true,"href":"https:\/\/www.apucarana.pr.gov.br\/site\/wp-json\/wp\/v2\/users\/7"}],"replies":[{"embeddable":true,"href":"https:\/\/www.apucarana.pr.gov.br\/site\/wp-json\/wp\/v2\/comments?post=121354"}],"version-history":[{"count":1,"href":"https:\/\/www.apucarana.pr.gov.br\/site\/wp-json\/wp\/v2\/posts\/121354\/revisions"}],"predecessor-version":[{"id":121371,"href":"https:\/\/www.apucarana.pr.gov.br\/site\/wp-json\/wp\/v2\/posts\/121354\/revisions\/121371"}],"wp:featuredmedia":[{"embeddable":true,"href":"https:\/\/www.apucarana.pr.gov.br\/site\/wp-json\/wp\/v2\/media\/121359"}],"wp:attachment":[{"href":"https:\/\/www.apucarana.pr.gov.br\/site\/wp-json\/wp\/v2\/media?parent=121354"}],"wp:term":[{"taxonomy":"category","embeddable":true,"href":"https:\/\/www.apucarana.pr.gov.br\/site\/wp-json\/wp\/v2\/categories?post=121354"},{"taxonomy":"post_tag","embeddable":true,"href":"https:\/\/www.apucarana.pr.gov.br\/site\/wp-json\/wp\/v2\/tags?post=121354"}],"curies":[{"name":"wp","href":"https:\/\/api.w.org\/{rel}","templated":true}]}}