{"id":121302,"date":"2025-12-12T10:01:17","date_gmt":"2025-12-12T13:01:17","guid":{"rendered":"https:\/\/www.apucarana.pr.gov.br\/site\/?p=121302"},"modified":"2025-12-12T10:10:18","modified_gmt":"2025-12-12T13:10:18","slug":"ensaio-fotografico-de-natal-emociona-idosos-do-centro-dia","status":"publish","type":"post","link":"https:\/\/www.apucarana.pr.gov.br\/site\/ensaio-fotografico-de-natal-emociona-idosos-do-centro-dia\/","title":{"rendered":"Ensaio fotogr\u00e1fico de Natal emociona idosos do Centro Dia"},"content":{"rendered":"\n\t\t<!-- MasterSlider -->\n\t\t<div id=\"P_MS69f4d7631cf55\" class=\"master-slider-parent master-slider-gallery   ms-parent-id-0\" style=\"\" >\n\n\t\t\t\n\t\t\t<!-- MasterSlider Main -->\n\t\t\t<div id=\"MS69f4d7631cf55\" class=\"master-slider ms-skin-default\" >\n\t\t\t\t \t\t\t\t \n\t\t\t<div  class=\"ms-slide\" data-delay=\"3\"    >\n\t\t\t\t\t<img decoding=\"async\" src=\"https:\/\/www.apucarana.pr.gov.br\/site\/wp-content\/plugins\/masterslider\/public\/assets\/css\/blank.gif\" alt=\"Idosos fotos studio (8)\" title=\"Idosos fotos studio (8)\" data-src=\"https:\/\/www.apucarana.pr.gov.br\/site\/wp-content\/uploads\/2025\/12\/Idosos-fotos-studio-8-1024x626.jpg\" \/>\n\t<a href=\"https:\/\/www.apucarana.pr.gov.br\/site\/wp-content\/uploads\/2025\/12\/Idosos-fotos-studio-8-1024x626.jpg\" target=\"_self\"    >Idosos fotos studio (8)<\/a>\n\n\n\t<img decoding=\"async\" class=\"ms-thumb\" src=\"https:\/\/www.apucarana.pr.gov.br\/site\/wp-content\/uploads\/2025\/12\/Idosos-fotos-studio-8-1024x626-140x80.jpg\" alt=\"Idosos fotos studio (8)\" \/>\n\t\t\t\t<\/div>\n\t\t\t<div  class=\"ms-slide\" data-delay=\"3\"    >\n\t\t\t\t\t<img decoding=\"async\" src=\"https:\/\/www.apucarana.pr.gov.br\/site\/wp-content\/plugins\/masterslider\/public\/assets\/css\/blank.gif\" alt=\"Idosos fotos studio (3)\" title=\"Idosos fotos studio (3)\" data-src=\"https:\/\/www.apucarana.pr.gov.br\/site\/wp-content\/uploads\/2025\/12\/Idosos-fotos-studio-3-1024x576.jpg\" \/>\n\t<a href=\"https:\/\/www.apucarana.pr.gov.br\/site\/wp-content\/uploads\/2025\/12\/Idosos-fotos-studio-3-1024x576.jpg\" target=\"_self\"    >Idosos fotos studio (3)<\/a>\n\n\n\t<img decoding=\"async\" class=\"ms-thumb\" src=\"https:\/\/www.apucarana.pr.gov.br\/site\/wp-content\/uploads\/2025\/12\/Idosos-fotos-studio-3-1024x576-140x80.jpg\" alt=\"Idosos fotos studio (3)\" \/>\n\t\t\t\t<\/div>\n\t\t\t<div  class=\"ms-slide\" data-delay=\"3\"    >\n\t\t\t\t\t<img decoding=\"async\" src=\"https:\/\/www.apucarana.pr.gov.br\/site\/wp-content\/plugins\/masterslider\/public\/assets\/css\/blank.gif\" alt=\"Idosos fotos studio (17)\" title=\"Idosos fotos studio (17)\" data-src=\"https:\/\/www.apucarana.pr.gov.br\/site\/wp-content\/uploads\/2025\/12\/Idosos-fotos-studio-17-1024x576.jpg\" \/>\n\t<a href=\"https:\/\/www.apucarana.pr.gov.br\/site\/wp-content\/uploads\/2025\/12\/Idosos-fotos-studio-17-1024x576.jpg\" target=\"_self\"    >Idosos fotos studio (17)<\/a>\n\n\n\t<img decoding=\"async\" class=\"ms-thumb\" src=\"https:\/\/www.apucarana.pr.gov.br\/site\/wp-content\/uploads\/2025\/12\/Idosos-fotos-studio-17-1024x576-140x80.jpg\" alt=\"Idosos fotos studio (17)\" \/>\n\t\t\t\t<\/div>\n\t\t\t<div  class=\"ms-slide\" data-delay=\"3\"    >\n\t\t\t\t\t<img decoding=\"async\" src=\"https:\/\/www.apucarana.pr.gov.br\/site\/wp-content\/plugins\/masterslider\/public\/assets\/css\/blank.gif\" alt=\"Idosos fotos studio (2)\" title=\"Idosos fotos studio (2)\" data-src=\"https:\/\/www.apucarana.pr.gov.br\/site\/wp-content\/uploads\/2025\/12\/Idosos-fotos-studio-2-1024x576.jpg\" \/>\n\t<a href=\"https:\/\/www.apucarana.pr.gov.br\/site\/wp-content\/uploads\/2025\/12\/Idosos-fotos-studio-2-1024x576.jpg\" target=\"_self\"    >Idosos fotos studio (2)<\/a>\n\n\n\t<img decoding=\"async\" class=\"ms-thumb\" src=\"https:\/\/www.apucarana.pr.gov.br\/site\/wp-content\/uploads\/2025\/12\/Idosos-fotos-studio-2-1024x576-140x80.jpg\" alt=\"Idosos fotos studio (2)\" \/>\n\t\t\t\t<\/div>\n\t\t\t<div  class=\"ms-slide\" data-delay=\"3\"    >\n\t\t\t\t\t<img decoding=\"async\" src=\"https:\/\/www.apucarana.pr.gov.br\/site\/wp-content\/plugins\/masterslider\/public\/assets\/css\/blank.gif\" alt=\"Idosos fotos studio (4)\" title=\"Idosos fotos studio (4)\" data-src=\"https:\/\/www.apucarana.pr.gov.br\/site\/wp-content\/uploads\/2025\/12\/Idosos-fotos-studio-4-1024x576.jpg\" \/>\n\t<a href=\"https:\/\/www.apucarana.pr.gov.br\/site\/wp-content\/uploads\/2025\/12\/Idosos-fotos-studio-4-1024x576.jpg\" target=\"_self\"    >Idosos fotos studio (4)<\/a>\n\n\n\t<img decoding=\"async\" class=\"ms-thumb\" src=\"https:\/\/www.apucarana.pr.gov.br\/site\/wp-content\/uploads\/2025\/12\/Idosos-fotos-studio-4-1024x576-140x80.jpg\" alt=\"Idosos fotos studio (4)\" \/>\n\t\t\t\t<\/div>\n\t\t\t<div  class=\"ms-slide\" data-delay=\"3\"    >\n\t\t\t\t\t<img decoding=\"async\" src=\"https:\/\/www.apucarana.pr.gov.br\/site\/wp-content\/plugins\/masterslider\/public\/assets\/css\/blank.gif\" alt=\"Idosos fotos studio (11)\" title=\"Idosos fotos studio (11)\" data-src=\"https:\/\/www.apucarana.pr.gov.br\/site\/wp-content\/uploads\/2025\/12\/Idosos-fotos-studio-11-1024x576.jpg\" \/>\n\t<a href=\"https:\/\/www.apucarana.pr.gov.br\/site\/wp-content\/uploads\/2025\/12\/Idosos-fotos-studio-11-1024x576.jpg\" target=\"_self\"    >Idosos fotos studio (11)<\/a>\n\n\n\t<img decoding=\"async\" class=\"ms-thumb\" src=\"https:\/\/www.apucarana.pr.gov.br\/site\/wp-content\/uploads\/2025\/12\/Idosos-fotos-studio-11-1024x576-140x80.jpg\" alt=\"Idosos fotos studio (11)\" \/>\n\t\t\t\t<\/div>\n\t\t\t<div  class=\"ms-slide\" data-delay=\"3\"    >\n\t\t\t\t\t<img decoding=\"async\" src=\"https:\/\/www.apucarana.pr.gov.br\/site\/wp-content\/plugins\/masterslider\/public\/assets\/css\/blank.gif\" alt=\"Idosos fotos studio (12)\" title=\"Idosos fotos studio (12)\" data-src=\"https:\/\/www.apucarana.pr.gov.br\/site\/wp-content\/uploads\/2025\/12\/Idosos-fotos-studio-12-1024x576.jpg\" \/>\n\t<a href=\"https:\/\/www.apucarana.pr.gov.br\/site\/wp-content\/uploads\/2025\/12\/Idosos-fotos-studio-12-1024x576.jpg\" target=\"_self\"    >Idosos fotos studio (12)<\/a>\n\n\n\t<img decoding=\"async\" class=\"ms-thumb\" src=\"https:\/\/www.apucarana.pr.gov.br\/site\/wp-content\/uploads\/2025\/12\/Idosos-fotos-studio-12-1024x576-140x80.jpg\" alt=\"Idosos fotos studio (12)\" \/>\n\t\t\t\t<\/div>\n\t\t\t<div  class=\"ms-slide\" data-delay=\"3\"    >\n\t\t\t\t\t<img decoding=\"async\" src=\"https:\/\/www.apucarana.pr.gov.br\/site\/wp-content\/plugins\/masterslider\/public\/assets\/css\/blank.gif\" alt=\"Idosos fotos studio (13)\" title=\"Idosos fotos studio (13)\" data-src=\"https:\/\/www.apucarana.pr.gov.br\/site\/wp-content\/uploads\/2025\/12\/Idosos-fotos-studio-13-1024x576.jpg\" \/>\n\t<a href=\"https:\/\/www.apucarana.pr.gov.br\/site\/wp-content\/uploads\/2025\/12\/Idosos-fotos-studio-13-1024x576.jpg\" target=\"_self\"    >Idosos fotos studio (13)<\/a>\n\n\n\t<img decoding=\"async\" class=\"ms-thumb\" src=\"https:\/\/www.apucarana.pr.gov.br\/site\/wp-content\/uploads\/2025\/12\/Idosos-fotos-studio-13-1024x576-140x80.jpg\" alt=\"Idosos fotos studio (13)\" \/>\n\t\t\t\t<\/div>\n\t\t\t<div  class=\"ms-slide\" data-delay=\"3\"    >\n\t\t\t\t\t<img decoding=\"async\" src=\"https:\/\/www.apucarana.pr.gov.br\/site\/wp-content\/plugins\/masterslider\/public\/assets\/css\/blank.gif\" alt=\"Idosos fotos studio (14)\" title=\"Idosos fotos studio (14)\" data-src=\"https:\/\/www.apucarana.pr.gov.br\/site\/wp-content\/uploads\/2025\/12\/Idosos-fotos-studio-14-1024x576.jpg\" \/>\n\t<a href=\"https:\/\/www.apucarana.pr.gov.br\/site\/wp-content\/uploads\/2025\/12\/Idosos-fotos-studio-14-1024x576.jpg\" target=\"_self\"    >Idosos fotos studio (14)<\/a>\n\n\n\t<img decoding=\"async\" class=\"ms-thumb\" src=\"https:\/\/www.apucarana.pr.gov.br\/site\/wp-content\/uploads\/2025\/12\/Idosos-fotos-studio-14-1024x576-140x80.jpg\" alt=\"Idosos fotos studio (14)\" \/>\n\t\t\t\t<\/div>\n\t\t\t<div  class=\"ms-slide\" data-delay=\"3\"    >\n\t\t\t\t\t<img decoding=\"async\" src=\"https:\/\/www.apucarana.pr.gov.br\/site\/wp-content\/plugins\/masterslider\/public\/assets\/css\/blank.gif\" alt=\"Idosos fotos studio (1)\" title=\"Idosos fotos studio (1)\" data-src=\"https:\/\/www.apucarana.pr.gov.br\/site\/wp-content\/uploads\/2025\/12\/Idosos-fotos-studio-1-1024x576.jpg\" \/>\n\t<a href=\"https:\/\/www.apucarana.pr.gov.br\/site\/wp-content\/uploads\/2025\/12\/Idosos-fotos-studio-1-1024x576.jpg\" target=\"_self\"    >Idosos fotos studio (1)<\/a>\n\n\n\t<img decoding=\"async\" class=\"ms-thumb\" src=\"https:\/\/www.apucarana.pr.gov.br\/site\/wp-content\/uploads\/2025\/12\/Idosos-fotos-studio-1-1024x576-140x80.jpg\" alt=\"Idosos fotos studio (1)\" \/>\n\t\t\t\t<\/div>\n\t\t\t<div  class=\"ms-slide\" data-delay=\"3\"    >\n\t\t\t\t\t<img decoding=\"async\" src=\"https:\/\/www.apucarana.pr.gov.br\/site\/wp-content\/plugins\/masterslider\/public\/assets\/css\/blank.gif\" alt=\"Idosos fotos studio (16)\" title=\"Idosos fotos studio (16)\" data-src=\"https:\/\/www.apucarana.pr.gov.br\/site\/wp-content\/uploads\/2025\/12\/Idosos-fotos-studio-16-1024x576.jpg\" \/>\n\t<a href=\"https:\/\/www.apucarana.pr.gov.br\/site\/wp-content\/uploads\/2025\/12\/Idosos-fotos-studio-16-1024x576.jpg\" target=\"_self\"    >Idosos fotos studio (16)<\/a>\n\n\n\t<img decoding=\"async\" class=\"ms-thumb\" src=\"https:\/\/www.apucarana.pr.gov.br\/site\/wp-content\/uploads\/2025\/12\/Idosos-fotos-studio-16-1024x576-140x80.jpg\" alt=\"Idosos fotos studio (16)\" \/>\n\t\t\t\t<\/div>\n\t\t\t<div  class=\"ms-slide\" data-delay=\"3\"    >\n\t\t\t\t\t<img decoding=\"async\" src=\"https:\/\/www.apucarana.pr.gov.br\/site\/wp-content\/plugins\/masterslider\/public\/assets\/css\/blank.gif\" alt=\"Idosos fotos studio (15)\" title=\"Idosos fotos studio (15)\" data-src=\"https:\/\/www.apucarana.pr.gov.br\/site\/wp-content\/uploads\/2025\/12\/Idosos-fotos-studio-15-1024x576.jpg\" \/>\n\t<a href=\"https:\/\/www.apucarana.pr.gov.br\/site\/wp-content\/uploads\/2025\/12\/Idosos-fotos-studio-15-1024x576.jpg\" target=\"_self\"    >Idosos fotos studio (15)<\/a>\n\n\n\t<img decoding=\"async\" class=\"ms-thumb\" src=\"https:\/\/www.apucarana.pr.gov.br\/site\/wp-content\/uploads\/2025\/12\/Idosos-fotos-studio-15-1024x576-140x80.jpg\" alt=\"Idosos fotos studio (15)\" \/>\n\t\t\t\t<\/div>\n\t\t\t<div  class=\"ms-slide\" data-delay=\"3\"    >\n\t\t\t\t\t<img decoding=\"async\" src=\"https:\/\/www.apucarana.pr.gov.br\/site\/wp-content\/plugins\/masterslider\/public\/assets\/css\/blank.gif\" alt=\"Idosos fotos studio (18)\" title=\"Idosos fotos studio (18)\" data-src=\"https:\/\/www.apucarana.pr.gov.br\/site\/wp-content\/uploads\/2025\/12\/Idosos-fotos-studio-18-1024x576.jpg\" \/>\n\t<a href=\"https:\/\/www.apucarana.pr.gov.br\/site\/wp-content\/uploads\/2025\/12\/Idosos-fotos-studio-18-1024x576.jpg\" target=\"_self\"    >Idosos fotos studio (18)<\/a>\n\n\n\t<img decoding=\"async\" class=\"ms-thumb\" src=\"https:\/\/www.apucarana.pr.gov.br\/site\/wp-content\/uploads\/2025\/12\/Idosos-fotos-studio-18-1024x576-140x80.jpg\" alt=\"Idosos fotos studio (18)\" \/>\n\t\t\t\t<\/div>\n\t\t\t<div  class=\"ms-slide\" data-delay=\"3\"    >\n\t\t\t\t\t<img decoding=\"async\" src=\"https:\/\/www.apucarana.pr.gov.br\/site\/wp-content\/plugins\/masterslider\/public\/assets\/css\/blank.gif\" alt=\"Idosos fotos studio (19)\" title=\"Idosos fotos studio (19)\" data-src=\"https:\/\/www.apucarana.pr.gov.br\/site\/wp-content\/uploads\/2025\/12\/Idosos-fotos-studio-19-1024x576.jpg\" \/>\n\t<a href=\"https:\/\/www.apucarana.pr.gov.br\/site\/wp-content\/uploads\/2025\/12\/Idosos-fotos-studio-19-1024x576.jpg\" target=\"_self\"    >Idosos fotos studio (19)<\/a>\n\n\n\t<img decoding=\"async\" class=\"ms-thumb\" src=\"https:\/\/www.apucarana.pr.gov.br\/site\/wp-content\/uploads\/2025\/12\/Idosos-fotos-studio-19-1024x576-140x80.jpg\" alt=\"Idosos fotos studio (19)\" \/>\n\t\t\t\t<\/div>\n\t\t\t<div  class=\"ms-slide\" data-delay=\"3\"    >\n\t\t\t\t\t<img decoding=\"async\" src=\"https:\/\/www.apucarana.pr.gov.br\/site\/wp-content\/plugins\/masterslider\/public\/assets\/css\/blank.gif\" alt=\"Idosos fotos studio (20)\" title=\"Idosos fotos studio (20)\" data-src=\"https:\/\/www.apucarana.pr.gov.br\/site\/wp-content\/uploads\/2025\/12\/Idosos-fotos-studio-20-1024x576.jpg\" \/>\n\t<a href=\"https:\/\/www.apucarana.pr.gov.br\/site\/wp-content\/uploads\/2025\/12\/Idosos-fotos-studio-20-1024x576.jpg\" target=\"_self\"    >Idosos fotos studio (20)<\/a>\n\n\n\t<img decoding=\"async\" class=\"ms-thumb\" src=\"https:\/\/www.apucarana.pr.gov.br\/site\/wp-content\/uploads\/2025\/12\/Idosos-fotos-studio-20-1024x576-140x80.jpg\" alt=\"Idosos fotos studio (20)\" \/>\n\t\t\t\t<\/div>\n\t\t\t<div  class=\"ms-slide\" data-delay=\"3\"    >\n\t\t\t\t\t<img decoding=\"async\" src=\"https:\/\/www.apucarana.pr.gov.br\/site\/wp-content\/plugins\/masterslider\/public\/assets\/css\/blank.gif\" alt=\"Idosos fotos studio (21)\" title=\"Idosos fotos studio (21)\" data-src=\"https:\/\/www.apucarana.pr.gov.br\/site\/wp-content\/uploads\/2025\/12\/Idosos-fotos-studio-21-1024x576.jpg\" \/>\n\t<a href=\"https:\/\/www.apucarana.pr.gov.br\/site\/wp-content\/uploads\/2025\/12\/Idosos-fotos-studio-21-1024x576.jpg\" target=\"_self\"    >Idosos fotos studio (21)<\/a>\n\n\n\t<img decoding=\"async\" class=\"ms-thumb\" src=\"https:\/\/www.apucarana.pr.gov.br\/site\/wp-content\/uploads\/2025\/12\/Idosos-fotos-studio-21-1024x576-140x80.jpg\" alt=\"Idosos fotos studio (21)\" \/>\n\t\t\t\t<\/div>\n\t\t\t<div  class=\"ms-slide\" data-delay=\"3\"    >\n\t\t\t\t\t<img decoding=\"async\" src=\"https:\/\/www.apucarana.pr.gov.br\/site\/wp-content\/plugins\/masterslider\/public\/assets\/css\/blank.gif\" alt=\"Idosos fotos studio (22)\" title=\"Idosos fotos studio (22)\" data-src=\"https:\/\/www.apucarana.pr.gov.br\/site\/wp-content\/uploads\/2025\/12\/Idosos-fotos-studio-22-1024x576.jpg\" \/>\n\t<a href=\"https:\/\/www.apucarana.pr.gov.br\/site\/wp-content\/uploads\/2025\/12\/Idosos-fotos-studio-22-1024x576.jpg\" target=\"_self\"    >Idosos fotos studio (22)<\/a>\n\n\n\t<img decoding=\"async\" class=\"ms-thumb\" src=\"https:\/\/www.apucarana.pr.gov.br\/site\/wp-content\/uploads\/2025\/12\/Idosos-fotos-studio-22-1024x576-140x80.jpg\" alt=\"Idosos fotos studio (22)\" \/>\n\t\t\t\t<\/div>\n\t\t\t<div  class=\"ms-slide\" data-delay=\"3\"    >\n\t\t\t\t\t<img decoding=\"async\" src=\"https:\/\/www.apucarana.pr.gov.br\/site\/wp-content\/plugins\/masterslider\/public\/assets\/css\/blank.gif\" alt=\"Idosos fotos studio (5)\" title=\"Idosos fotos studio (5)\" data-src=\"https:\/\/www.apucarana.pr.gov.br\/site\/wp-content\/uploads\/2025\/12\/Idosos-fotos-studio-5-1024x626.jpg\" \/>\n\t<a href=\"https:\/\/www.apucarana.pr.gov.br\/site\/wp-content\/uploads\/2025\/12\/Idosos-fotos-studio-5-1024x626.jpg\" target=\"_self\"    >Idosos fotos studio (5)<\/a>\n\n\n\t<img decoding=\"async\" class=\"ms-thumb\" src=\"https:\/\/www.apucarana.pr.gov.br\/site\/wp-content\/uploads\/2025\/12\/Idosos-fotos-studio-5-1024x626-140x80.jpg\" alt=\"Idosos fotos studio (5)\" \/>\n\t\t\t\t<\/div>\n\t\t\t<div  class=\"ms-slide\" data-delay=\"3\"    >\n\t\t\t\t\t<img decoding=\"async\" src=\"https:\/\/www.apucarana.pr.gov.br\/site\/wp-content\/plugins\/masterslider\/public\/assets\/css\/blank.gif\" alt=\"Idosos fotos studio (6)\" title=\"Idosos fotos studio (6)\" data-src=\"https:\/\/www.apucarana.pr.gov.br\/site\/wp-content\/uploads\/2025\/12\/Idosos-fotos-studio-6-1024x626.jpg\" \/>\n\t<a href=\"https:\/\/www.apucarana.pr.gov.br\/site\/wp-content\/uploads\/2025\/12\/Idosos-fotos-studio-6-1024x626.jpg\" target=\"_self\"    >Idosos fotos studio (6)<\/a>\n\n\n\t<img decoding=\"async\" class=\"ms-thumb\" src=\"https:\/\/www.apucarana.pr.gov.br\/site\/wp-content\/uploads\/2025\/12\/Idosos-fotos-studio-6-1024x626-140x80.jpg\" alt=\"Idosos fotos studio (6)\" \/>\n\t\t\t\t<\/div>\n\t\t\t<div  class=\"ms-slide\" data-delay=\"3\"    >\n\t\t\t\t\t<img decoding=\"async\" src=\"https:\/\/www.apucarana.pr.gov.br\/site\/wp-content\/plugins\/masterslider\/public\/assets\/css\/blank.gif\" alt=\"Idosos fotos studio (7)\" title=\"Idosos fotos studio (7)\" data-src=\"https:\/\/www.apucarana.pr.gov.br\/site\/wp-content\/uploads\/2025\/12\/Idosos-fotos-studio-7-1024x626.jpg\" \/>\n\t<a href=\"https:\/\/www.apucarana.pr.gov.br\/site\/wp-content\/uploads\/2025\/12\/Idosos-fotos-studio-7-1024x626.jpg\" target=\"_self\"    >Idosos fotos studio (7)<\/a>\n\n\n\t<img decoding=\"async\" class=\"ms-thumb\" src=\"https:\/\/www.apucarana.pr.gov.br\/site\/wp-content\/uploads\/2025\/12\/Idosos-fotos-studio-7-1024x626-140x80.jpg\" alt=\"Idosos fotos studio (7)\" \/>\n\t\t\t\t<\/div>\n\t\t\t<div  class=\"ms-slide\" data-delay=\"3\"    >\n\t\t\t\t\t<img decoding=\"async\" src=\"https:\/\/www.apucarana.pr.gov.br\/site\/wp-content\/plugins\/masterslider\/public\/assets\/css\/blank.gif\" alt=\"Idosos fotos studio (9)\" title=\"Idosos fotos studio (9)\" data-src=\"https:\/\/www.apucarana.pr.gov.br\/site\/wp-content\/uploads\/2025\/12\/Idosos-fotos-studio-9-1024x626.jpg\" \/>\n\t<a href=\"https:\/\/www.apucarana.pr.gov.br\/site\/wp-content\/uploads\/2025\/12\/Idosos-fotos-studio-9-1024x626.jpg\" target=\"_self\"    >Idosos fotos studio (9)<\/a>\n\n\n\t<img decoding=\"async\" class=\"ms-thumb\" src=\"https:\/\/www.apucarana.pr.gov.br\/site\/wp-content\/uploads\/2025\/12\/Idosos-fotos-studio-9-1024x626-140x80.jpg\" alt=\"Idosos fotos studio (9)\" \/>\n\t\t\t\t<\/div>\n\t\t\t<div  class=\"ms-slide\" data-delay=\"3\"    >\n\t\t\t\t\t<img decoding=\"async\" src=\"https:\/\/www.apucarana.pr.gov.br\/site\/wp-content\/plugins\/masterslider\/public\/assets\/css\/blank.gif\" alt=\"Idosos fotos studio (10)\" title=\"Idosos fotos studio (10)\" data-src=\"https:\/\/www.apucarana.pr.gov.br\/site\/wp-content\/uploads\/2025\/12\/Idosos-fotos-studio-10-1024x626.jpg\" \/>\n\t<a href=\"https:\/\/www.apucarana.pr.gov.br\/site\/wp-content\/uploads\/2025\/12\/Idosos-fotos-studio-10-1024x626.jpg\" target=\"_self\"    >Idosos fotos studio (10)<\/a>\n\n\n\t<img decoding=\"async\" class=\"ms-thumb\" src=\"https:\/\/www.apucarana.pr.gov.br\/site\/wp-content\/uploads\/2025\/12\/Idosos-fotos-studio-10-1024x626-140x80.jpg\" alt=\"Idosos fotos studio (10)\" \/>\n\t\t\t\t<\/div>\n\n\t\t\t<\/div>\n\t\t\t<!-- END MasterSlider Main -->\n\n\t\t\t \n\t\t<\/div>\n\t\t<!-- END MasterSlider -->\n\n\t\t<script>\n\t\t( window.MSReady = window.MSReady || [] ).push( function( $ ) {\n\n\t\t\t\"use strict\";\n\t\t\tvar masterslider_cf55 = new MasterSlider();\n\n\t\t\t\/\/ slider controls\n\t\t\tmasterslider_cf55.control('arrows'     ,{ autohide:true, overVideo:true  });\n\t\t\tmasterslider_cf55.control('thumblist'  ,{ autohide:false, overVideo:true, dir:'h', speed:17, inset:false, arrows:false, hover:false, customClass:'', align:'bottom',type:'thumbs', margin:2, width:140, height:80, space:2, fillMode:'fill'  });\n\t\t\t\/\/ slider setup\n\t\t\tmasterslider_cf55.setup(\"MS69f4d7631cf55\", {\n\t\t\t\twidth           : 960,\n\t\t\t\theight          : 540,\n\t\t\t\tminHeight       : 0,\n\t\t\t\tspace           : 0,\n\t\t\t\tstart           : 1,\n\t\t\t\tgrabCursor      : true,\n\t\t\t\tswipe           : true,\n\t\t\t\tmouse           : true,\n\t\t\t\tkeyboard        : false,\n\t\t\t\tlayout          : \"fillwidth\",\n\t\t\t\twheel           : false,\n\t\t\t\tautoplay        : true,\n                instantStartLayers:false,\n\t\t\t\tmobileBGVideo:false,\n\t\t\t\tloop            : true,\n\t\t\t\tshuffle         : false,\n\t\t\t\tpreload         : 3,\n\t\t\t\theightLimit     : false,\n\t\t\t\tautoHeight      : false,\n\t\t\t\tsmoothHeight    : true,\n\t\t\t\tendPause        : false,\n\t\t\t\toverPause       : false,\n\t\t\t\tfillMode        : \"fill\",\n\t\t\t\tcenterControls  : true,\n\t\t\t\tstartOnAppear   : false,\n\t\t\t\tlayersMode      : \"center\",\n\t\t\t\tautofillTarget  : \"\",\n\t\t\t\thideLayers      : false,\n\t\t\t\tfullscreenMargin: 0,\n\t\t\t\tspeed           : 17,\n\t\t\t\tdir             : \"h\",\n\t\t\t\tresponsive      : true,\n\t\t\t\ttabletWidth     : 768,\n\t\t\t\ttabletHeight    : null,\n\t\t\t\tphoneWidth      : 480,\n\t\t\t\tphoneHeight    : null,\n\t\t\t\tsizingReference : window,\n\t\t\t\tparallaxMode    : 'swipe',\n\t\t\t\tview            : \"basic\"\n\t\t\t});\n\n\t\t\t\n\t\t\twindow.masterslider_instances = window.masterslider_instances || [];\n\t\t\twindow.masterslider_instances.push( masterslider_cf55 );\n\t\t});\n\t\t<\/script>\n\n\n<p>O clima de Natal ganhou um significado especial para os idosos do Centro Dia, que participaram de um ensaio fotogr\u00e1fico. A atividade levou o grupo a um est\u00fadio decorado com guirlanda, \u00e1rvore natalina e caixas de presentes, criando um cen\u00e1rio acolhedor. Al\u00e9m dos cliques, todos receberam fotos impressas para guardar como lembran\u00e7a.<\/p>\n<p>O prefeito Rodolfo Mota destacou que a iniciativa proporcionou um momento especial aos participantes. \u201cOs idosos puderam vivenciar um dia diferente, de alegria, integra\u00e7\u00e3o e celebra\u00e7\u00e3o do esp\u00edrito natalino. A a\u00e7\u00e3o refor\u00e7ou a import\u00e2ncia de valorizar os v\u00ednculos, registrar mem\u00f3rias e criar oportunidades de conviv\u00eancia\u201d, ressaltou.<\/p>\n<p>A secret\u00e1ria municipal de Assist\u00eancia Social, Fab\u00edola Carrero, afirma que a ideia do ensaio &#8211; apresentada por J\u00e9ssica Mantovani, diretora de Pol\u00edticas P\u00fablicas para a Pessoa Idosa &#8211; foi logo abra\u00e7ada por toda a equipe. A a\u00e7\u00e3o contou com a parceria da fot\u00f3grafa Ale Wobeto, que fez os registros de forma volunt\u00e1ria. \u201cO est\u00fadio foi especialmente decorado, proporcionando um registro visual marcante e um ambiente acolhedor\u201d, assinalou a secret\u00e1ria.<\/p>\n<p>J\u00e9ssica Mantovani conta que os idosos demonstraram entusiasmo desde o momento em que chegaram ao est\u00fadio. \u201cEles ficaram impressionados com o espa\u00e7o, encantados com toda a decora\u00e7\u00e3o e muitos se vestiram com roupas especiais, seguindo a paleta natalina\u201d, descreveu.<\/p>\n<p>J\u00e9ssica afirma que a iniciativa buscou tamb\u00e9m dar visibilidade e criar um v\u00ednculo afetivo. \u201cOs idosos valorizam muito fotografias impressas, por terem vivido a fase em que elas eram reveladas. Eles gostam de guardar, expor e revisitar essas mem\u00f3rias, comentando sobre os momentos registrados\u201d, pontuou.<\/p>\n<p>A diretora de Pol\u00edticas P\u00fablicas para a Pessoa Idosa tamb\u00e9m refor\u00e7ou o apoio da equipe para o sucesso da atividade. Participaram da a\u00e7\u00e3o T\u00e1llita Vit\u00f3ria Marques Santos, educadora social; Lucilene de Paula, assessora; Matheus Berg, psic\u00f3logo e coordenador; e Willian Penharbel, diretor de Assist\u00eancia Social.<\/p>\n<p>&nbsp;<\/p>\n","protected":false},"excerpt":{"rendered":"<p>O clima de Natal ganhou um significado especial para os idosos do Centro Dia, que participaram de um ensaio fotogr&aacute;fico. A atividade levou o grupo a um est&uacute;dio decorado com guirlanda, &aacute;rvore natalina e caixas de presentes, criando um cen&aacute;rio acolhedor. Al&eacute;m dos cliques, todos receberam fotos impressas para guardar como lembran&ccedil;a. O prefeito Rodolfo [&hellip;]<\/p>\n","protected":false},"author":6,"featured_media":121326,"comment_status":"closed","ping_status":"closed","sticky":false,"template":"","format":"standard","meta":{"footnotes":""},"categories":[24],"tags":[],"class_list":["post-121302","post","type-post","status-publish","format-standard","has-post-thumbnail","hentry","category-noticias"],"acf":[],"_links":{"self":[{"href":"https:\/\/www.apucarana.pr.gov.br\/site\/wp-json\/wp\/v2\/posts\/121302","targetHints":{"allow":["GET"]}}],"collection":[{"href":"https:\/\/www.apucarana.pr.gov.br\/site\/wp-json\/wp\/v2\/posts"}],"about":[{"href":"https:\/\/www.apucarana.pr.gov.br\/site\/wp-json\/wp\/v2\/types\/post"}],"author":[{"embeddable":true,"href":"https:\/\/www.apucarana.pr.gov.br\/site\/wp-json\/wp\/v2\/users\/6"}],"replies":[{"embeddable":true,"href":"https:\/\/www.apucarana.pr.gov.br\/site\/wp-json\/wp\/v2\/comments?post=121302"}],"version-history":[{"count":5,"href":"https:\/\/www.apucarana.pr.gov.br\/site\/wp-json\/wp\/v2\/posts\/121302\/revisions"}],"predecessor-version":[{"id":121331,"href":"https:\/\/www.apucarana.pr.gov.br\/site\/wp-json\/wp\/v2\/posts\/121302\/revisions\/121331"}],"wp:featuredmedia":[{"embeddable":true,"href":"https:\/\/www.apucarana.pr.gov.br\/site\/wp-json\/wp\/v2\/media\/121326"}],"wp:attachment":[{"href":"https:\/\/www.apucarana.pr.gov.br\/site\/wp-json\/wp\/v2\/media?parent=121302"}],"wp:term":[{"taxonomy":"category","embeddable":true,"href":"https:\/\/www.apucarana.pr.gov.br\/site\/wp-json\/wp\/v2\/categories?post=121302"},{"taxonomy":"post_tag","embeddable":true,"href":"https:\/\/www.apucarana.pr.gov.br\/site\/wp-json\/wp\/v2\/tags?post=121302"}],"curies":[{"name":"wp","href":"https:\/\/api.w.org\/{rel}","templated":true}]}}