{"id":121293,"date":"2025-12-12T09:27:04","date_gmt":"2025-12-12T12:27:04","guid":{"rendered":"https:\/\/www.apucarana.pr.gov.br\/site\/?p=121293"},"modified":"2025-12-12T23:04:23","modified_gmt":"2025-12-13T02:04:23","slug":"apucarana-autoriza-atualizacao-contratual-da-passagem-do-transporte-coletivo-a-partir-de-domingo","status":"publish","type":"post","link":"https:\/\/www.apucarana.pr.gov.br\/site\/apucarana-autoriza-atualizacao-contratual-da-passagem-do-transporte-coletivo-a-partir-de-domingo\/","title":{"rendered":"Apucarana autoriza atualiza\u00e7\u00e3o contratual da passagem do transporte coletivo a partir de domingo"},"content":{"rendered":"\n\t\t<!-- MasterSlider -->\n\t\t<div id=\"P_MS69f4ca7e9177f\" class=\"master-slider-parent master-slider-gallery   ms-parent-id-0\" style=\"\" >\n\n\t\t\t\n\t\t\t<!-- MasterSlider Main -->\n\t\t\t<div id=\"MS69f4ca7e9177f\" class=\"master-slider ms-skin-default\" >\n\t\t\t\t \t\t\t\t \n\t\t\t<div  class=\"ms-slide\" data-delay=\"3\"    >\n\t\t\t\t\t<img decoding=\"async\" src=\"https:\/\/www.apucarana.pr.gov.br\/site\/wp-content\/plugins\/masterslider\/public\/assets\/css\/blank.gif\" alt=\"terminal urbano (2)\" title=\"terminal urbano (2)\" data-src=\"https:\/\/www.apucarana.pr.gov.br\/site\/wp-content\/uploads\/2025\/12\/terminal-urbano-2-1024x683.jpg\" \/>\n\t<a href=\"https:\/\/www.apucarana.pr.gov.br\/site\/wp-content\/uploads\/2025\/12\/terminal-urbano-2-1024x683.jpg\" target=\"_self\"    >terminal urbano (2)<\/a>\n\n\n\t<img decoding=\"async\" class=\"ms-thumb\" src=\"https:\/\/www.apucarana.pr.gov.br\/site\/wp-content\/uploads\/2025\/12\/terminal-urbano-2-1024x683-140x80.jpg\" alt=\"terminal urbano (2)\" \/>\n\t\t\t\t<\/div>\n\t\t\t<div  class=\"ms-slide\" data-delay=\"3\"    >\n\t\t\t\t\t<img decoding=\"async\" src=\"https:\/\/www.apucarana.pr.gov.br\/site\/wp-content\/plugins\/masterslider\/public\/assets\/css\/blank.gif\" alt=\"terminal urbano (4)\" title=\"terminal urbano (4)\" data-src=\"https:\/\/www.apucarana.pr.gov.br\/site\/wp-content\/uploads\/2025\/12\/terminal-urbano-4-1024x683.jpg\" \/>\n\t<a href=\"https:\/\/www.apucarana.pr.gov.br\/site\/wp-content\/uploads\/2025\/12\/terminal-urbano-4-1024x683.jpg\" target=\"_self\"    >terminal urbano (4)<\/a>\n\n\n\t<img decoding=\"async\" class=\"ms-thumb\" src=\"https:\/\/www.apucarana.pr.gov.br\/site\/wp-content\/uploads\/2025\/12\/terminal-urbano-4-1024x683-140x80.jpg\" alt=\"terminal urbano (4)\" \/>\n\t\t\t\t<\/div>\n\t\t\t<div  class=\"ms-slide\" data-delay=\"3\"    >\n\t\t\t\t\t<img decoding=\"async\" src=\"https:\/\/www.apucarana.pr.gov.br\/site\/wp-content\/plugins\/masterslider\/public\/assets\/css\/blank.gif\" alt=\"terminal urbano (5)\" title=\"terminal urbano (5)\" data-src=\"https:\/\/www.apucarana.pr.gov.br\/site\/wp-content\/uploads\/2025\/12\/terminal-urbano-5-1024x683.jpg\" \/>\n\t<a href=\"https:\/\/www.apucarana.pr.gov.br\/site\/wp-content\/uploads\/2025\/12\/terminal-urbano-5-1024x683.jpg\" target=\"_self\"    >terminal urbano (5)<\/a>\n\n\n\t<img decoding=\"async\" class=\"ms-thumb\" src=\"https:\/\/www.apucarana.pr.gov.br\/site\/wp-content\/uploads\/2025\/12\/terminal-urbano-5-1024x683-140x80.jpg\" alt=\"terminal urbano (5)\" \/>\n\t\t\t\t<\/div>\n\t\t\t<div  class=\"ms-slide\" data-delay=\"3\"    >\n\t\t\t\t\t<img decoding=\"async\" src=\"https:\/\/www.apucarana.pr.gov.br\/site\/wp-content\/plugins\/masterslider\/public\/assets\/css\/blank.gif\" alt=\"terminal urbano (10)\" title=\"terminal urbano (10)\" data-src=\"https:\/\/www.apucarana.pr.gov.br\/site\/wp-content\/uploads\/2025\/12\/terminal-urbano-10-1024x683.jpg\" \/>\n\t<a href=\"https:\/\/www.apucarana.pr.gov.br\/site\/wp-content\/uploads\/2025\/12\/terminal-urbano-10-1024x683.jpg\" target=\"_self\"    >terminal urbano (10)<\/a>\n\n\n\t<img decoding=\"async\" class=\"ms-thumb\" src=\"https:\/\/www.apucarana.pr.gov.br\/site\/wp-content\/uploads\/2025\/12\/terminal-urbano-10-1024x683-140x80.jpg\" alt=\"terminal urbano (10)\" \/>\n\t\t\t\t<\/div>\n\n\t\t\t<\/div>\n\t\t\t<!-- END MasterSlider Main -->\n\n\t\t\t \n\t\t<\/div>\n\t\t<!-- END MasterSlider -->\n\n\t\t<script>\n\t\t( window.MSReady = window.MSReady || [] ).push( function( $ ) {\n\n\t\t\t\"use strict\";\n\t\t\tvar masterslider_177f = new MasterSlider();\n\n\t\t\t\/\/ slider controls\n\t\t\tmasterslider_177f.control('arrows'     ,{ autohide:true, overVideo:true  });\n\t\t\tmasterslider_177f.control('thumblist'  ,{ autohide:false, overVideo:true, dir:'h', speed:17, inset:false, arrows:false, hover:false, customClass:'', align:'bottom',type:'thumbs', margin:2, width:140, height:80, space:2, fillMode:'fill'  });\n\t\t\t\/\/ slider setup\n\t\t\tmasterslider_177f.setup(\"MS69f4ca7e9177f\", {\n\t\t\t\twidth           : 960,\n\t\t\t\theight          : 540,\n\t\t\t\tminHeight       : 0,\n\t\t\t\tspace           : 0,\n\t\t\t\tstart           : 1,\n\t\t\t\tgrabCursor      : true,\n\t\t\t\tswipe           : true,\n\t\t\t\tmouse           : true,\n\t\t\t\tkeyboard        : false,\n\t\t\t\tlayout          : \"fillwidth\",\n\t\t\t\twheel           : false,\n\t\t\t\tautoplay        : true,\n                instantStartLayers:false,\n\t\t\t\tmobileBGVideo:false,\n\t\t\t\tloop            : true,\n\t\t\t\tshuffle         : false,\n\t\t\t\tpreload         : 3,\n\t\t\t\theightLimit     : false,\n\t\t\t\tautoHeight      : false,\n\t\t\t\tsmoothHeight    : true,\n\t\t\t\tendPause        : false,\n\t\t\t\toverPause       : false,\n\t\t\t\tfillMode        : \"fill\",\n\t\t\t\tcenterControls  : true,\n\t\t\t\tstartOnAppear   : false,\n\t\t\t\tlayersMode      : \"center\",\n\t\t\t\tautofillTarget  : \"\",\n\t\t\t\thideLayers      : false,\n\t\t\t\tfullscreenMargin: 0,\n\t\t\t\tspeed           : 17,\n\t\t\t\tdir             : \"h\",\n\t\t\t\tresponsive      : true,\n\t\t\t\ttabletWidth     : 768,\n\t\t\t\ttabletHeight    : null,\n\t\t\t\tphoneWidth      : 480,\n\t\t\t\tphoneHeight    : null,\n\t\t\t\tsizingReference : window,\n\t\t\t\tparallaxMode    : 'swipe',\n\t\t\t\tview            : \"basic\"\n\t\t\t});\n\n\t\t\t\n\t\t\twindow.masterslider_instances = window.masterslider_instances || [];\n\t\t\twindow.masterslider_instances.push( masterslider_177f );\n\t\t});\n\t\t<\/script>\n\n\n<p>A Prefeitura de Apucarana autorizou nesta quinta-feira (11\/12) a atualiza\u00e7\u00e3o contratual da tarifa do transporte coletivo urbano, no munic\u00edpio e nos distritos. A partir de domingo (14\/12), o valor da passagem passa de R$ 4,80 para R$ 5,20 na tarifa comum e de R$ 2,40 para R$ 2,60 na tarifa com desconto de 50% para estudantes. A medida segue parecer t\u00e9cnico-jur\u00eddico da Procuradoria Geral do Munic\u00edpio e garante a manuten\u00e7\u00e3o do equil\u00edbrio econ\u00f4mico-financeiro da concess\u00e3o, assegurando a continuidade do servi\u00e7o prestado \u00e0 popula\u00e7\u00e3o.<\/p>\n<p>A concession\u00e1ria Via\u00e7\u00e3o Apucarana Ltda. (VAL) solicitou um reajuste contratual de 15,38%, percentual reconhecido tecnicamente no processo de revis\u00e3o. No entanto, para reduzir o impacto no bolso do trabalhador, a Prefeitura decidiu repassar ao usu\u00e1rio apenas 8,33%.<\/p>\n<p>O prefeito Rodolfo Mota destacou que a diferen\u00e7a entre o custo total do servi\u00e7o e o valor pago pelo usu\u00e1rio ser\u00e1 arcada mensalmente pelo munic\u00edpio, por meio do subs\u00eddio da tarifa, garantindo o equil\u00edbrio econ\u00f4mico-financeiro do contrato e a continuidade do transporte coletivo. \u201cConcedemos o reajuste necess\u00e1rio para que a VAL possa continuar operando, mas protegemos o trabalhador. O percentual repassado ao usu\u00e1rio \u00e9 bem menor &#8211; de apenas 8,33%. A diferen\u00e7a ser\u00e1 paga m\u00eas a m\u00eas pela Prefeitura, com previsibilidade e responsabilidade, para que o servi\u00e7o funcione sem pesar no bolso da popula\u00e7\u00e3o\u201d, afirmou.<\/p>\n<p><strong>Prefeitura amplia subs\u00eddio e garante tarifa mais acess\u00edvel ao trabalhador<\/strong><\/p>\n<p>O prefeito ressaltou que, para garantir a menor tarifa poss\u00edvel ao usu\u00e1rio, o valor do subs\u00eddio pago pela Prefeitura \u00e0 concession\u00e1ria aumentar\u00e1 de forma significativa. \u201cO munic\u00edpio repassava cerca de R$ 700 mil por m\u00eas em subs\u00eddio e, com a atualiza\u00e7\u00e3o contratual, esse valor passar\u00e1 para mais de R$ 900 mil mensais\u201d, destacou.<\/p>\n<p>Rodolfo Mota explicou ainda que o subs\u00eddio se faz necess\u00e1rio diante da queda no n\u00famero de passageiros nos \u00faltimos anos, enquanto os custos da concession\u00e1ria com combust\u00edvel, folha de pagamento e manuten\u00e7\u00e3o da frota aumentaram. \u201cSe a Prefeitura n\u00e3o arcasse com esse subs\u00eddio, o servi\u00e7o poderia se tornar invi\u00e1vel. Todos os meses o munic\u00edpio assume um valor expressivo para evitar que o custo recaia integralmente sobre o trabalhador\u201d, pontuou.<\/p>\n<p>O prefeito afirma que o valor praticado em Apucarana est\u00e1 em patamar semelhante ou at\u00e9 inferior ao de munic\u00edpios da regi\u00e3o. Como exemplo, citou Londrina, onde a tarifa \u00e9 de R$ 5,75, e Campo Mour\u00e3o, onde o valor da passagem chega a R$ 6,81.<\/p>\n<p>O secret\u00e1rio municipal de Seguran\u00e7a, Transporte, Tr\u00e2nsito, Mobilidade Urbana e Defesa Civil (SEGTRAN), major Vilson Laurentino da Silva, explicou que o Contrato de Concess\u00e3o n\u00ba 013\/2019 prev\u00ea mecanismos de revis\u00e3o tarif\u00e1ria baseados em crit\u00e9rios t\u00e9cnicos, com o objetivo de recompor custos operacionais da empresa, incluindo o reajuste salarial dos funcion\u00e1rios.<\/p>\n<p>Nesta sexta-feira (12\/12), a concession\u00e1ria finalizou a negocia\u00e7\u00e3o com o sindicato da categoria para aumento salarial. Os motoristas de \u00f4nibus e micro\u00f4nibus receberam reajuste de 7,14%, enquanto os demais funcion\u00e1rios tiveram aumento de 6,5%. Al\u00e9m disso, todos os colaboradores receberam reajuste de 25% no vale-alimenta\u00e7\u00e3o.<\/p>\n<p data-start=\"1545\" data-end=\"1875\">O major Vilson Laurentino refor\u00e7a que a Prefeitura acompanha de forma permanente o funcionamento do sistema de transporte coletivo e mant\u00e9m di\u00e1logo com a concession\u00e1ria para promover melhorias em rotas, hor\u00e1rios e condi\u00e7\u00f5es de opera\u00e7\u00e3o, garantindo um servi\u00e7o cada vez mais eficiente e seguro para a popula\u00e7\u00e3o.<\/p>\n","protected":false},"excerpt":{"rendered":"<p>A Prefeitura de Apucarana autorizou nesta quinta-feira (11\/12) a atualiza&ccedil;&atilde;o contratual da tarifa do transporte coletivo urbano, no munic&iacute;pio e nos distritos. A partir de domingo (14\/12), o valor da passagem passa de R$ 4,80 para R$ 5,20 na tarifa comum e de R$ 2,40 para R$ 2,60 na tarifa com desconto de 50% para [&hellip;]<\/p>\n","protected":false},"author":6,"featured_media":121300,"comment_status":"closed","ping_status":"closed","sticky":false,"template":"","format":"standard","meta":{"footnotes":""},"categories":[24],"tags":[],"class_list":["post-121293","post","type-post","status-publish","format-standard","has-post-thumbnail","hentry","category-noticias"],"acf":[],"_links":{"self":[{"href":"https:\/\/www.apucarana.pr.gov.br\/site\/wp-json\/wp\/v2\/posts\/121293","targetHints":{"allow":["GET"]}}],"collection":[{"href":"https:\/\/www.apucarana.pr.gov.br\/site\/wp-json\/wp\/v2\/posts"}],"about":[{"href":"https:\/\/www.apucarana.pr.gov.br\/site\/wp-json\/wp\/v2\/types\/post"}],"author":[{"embeddable":true,"href":"https:\/\/www.apucarana.pr.gov.br\/site\/wp-json\/wp\/v2\/users\/6"}],"replies":[{"embeddable":true,"href":"https:\/\/www.apucarana.pr.gov.br\/site\/wp-json\/wp\/v2\/comments?post=121293"}],"version-history":[{"count":5,"href":"https:\/\/www.apucarana.pr.gov.br\/site\/wp-json\/wp\/v2\/posts\/121293\/revisions"}],"predecessor-version":[{"id":121404,"href":"https:\/\/www.apucarana.pr.gov.br\/site\/wp-json\/wp\/v2\/posts\/121293\/revisions\/121404"}],"wp:featuredmedia":[{"embeddable":true,"href":"https:\/\/www.apucarana.pr.gov.br\/site\/wp-json\/wp\/v2\/media\/121300"}],"wp:attachment":[{"href":"https:\/\/www.apucarana.pr.gov.br\/site\/wp-json\/wp\/v2\/media?parent=121293"}],"wp:term":[{"taxonomy":"category","embeddable":true,"href":"https:\/\/www.apucarana.pr.gov.br\/site\/wp-json\/wp\/v2\/categories?post=121293"},{"taxonomy":"post_tag","embeddable":true,"href":"https:\/\/www.apucarana.pr.gov.br\/site\/wp-json\/wp\/v2\/tags?post=121293"}],"curies":[{"name":"wp","href":"https:\/\/api.w.org\/{rel}","templated":true}]}}