{"id":121278,"date":"2025-12-11T18:47:50","date_gmt":"2025-12-11T21:47:50","guid":{"rendered":"https:\/\/www.apucarana.pr.gov.br\/site\/?p=121278"},"modified":"2025-12-11T18:47:50","modified_gmt":"2025-12-11T21:47:50","slug":"apucarana-e-habilitada-pelo-governo-federal-a-captar-ate-r50-milhoes-em-financiamento-para-investimentos-na-saude-municipal","status":"publish","type":"post","link":"https:\/\/www.apucarana.pr.gov.br\/site\/apucarana-e-habilitada-pelo-governo-federal-a-captar-ate-r50-milhoes-em-financiamento-para-investimentos-na-saude-municipal\/","title":{"rendered":"Apucarana \u00e9 habilitada pelo Governo Federal a captar at\u00e9 R$50 milh\u00f5es em financiamento para investimentos na Sa\u00fade Municipal"},"content":{"rendered":"\n\t\t<!-- MasterSlider -->\n\t\t<div id=\"P_MS69f4d7d57ee58\" class=\"master-slider-parent master-slider-gallery   ms-parent-id-0\" style=\"\" >\n\n\t\t\t\n\t\t\t<!-- MasterSlider Main -->\n\t\t\t<div id=\"MS69f4d7d57ee58\" class=\"master-slider ms-skin-default\" >\n\t\t\t\t \t\t\t\t \n\t\t\t<div  class=\"ms-slide\" data-delay=\"3\"    >\n\t\t\t\t\t<img decoding=\"async\" src=\"https:\/\/www.apucarana.pr.gov.br\/site\/wp-content\/plugins\/masterslider\/public\/assets\/css\/blank.gif\" alt=\"Atendimento Hospital Apucarana (25)\" title=\"Atendimento Hospital Apucarana (25)\" data-src=\"https:\/\/www.apucarana.pr.gov.br\/site\/wp-content\/uploads\/2025\/12\/Atendimento-Hospital-Apucarana-25-1024x683.jpg\" \/>\n\t<a href=\"https:\/\/www.apucarana.pr.gov.br\/site\/wp-content\/uploads\/2025\/12\/Atendimento-Hospital-Apucarana-25-1024x683.jpg\" target=\"_self\"    >Atendimento Hospital Apucarana (25)<\/a>\n\n\n\t<img decoding=\"async\" class=\"ms-thumb\" src=\"https:\/\/www.apucarana.pr.gov.br\/site\/wp-content\/uploads\/2025\/12\/Atendimento-Hospital-Apucarana-25-1024x683-140x80.jpg\" alt=\"Atendimento Hospital Apucarana (25)\" \/>\n\t\t\t\t<\/div>\n\t\t\t<div  class=\"ms-slide\" data-delay=\"3\"    >\n\t\t\t\t\t<img decoding=\"async\" src=\"https:\/\/www.apucarana.pr.gov.br\/site\/wp-content\/plugins\/masterslider\/public\/assets\/css\/blank.gif\" alt=\"DCIM100MEDIADJI_0551.JPG\" title=\"DCIM100MEDIADJI_0551.JPG\" data-src=\"https:\/\/www.apucarana.pr.gov.br\/site\/wp-content\/uploads\/2025\/12\/DJI_0551-1024x576.jpg\" \/>\n\t<a href=\"https:\/\/www.apucarana.pr.gov.br\/site\/wp-content\/uploads\/2025\/12\/DJI_0551-1024x576.jpg\" target=\"_self\"    >DCIM100MEDIADJI_0551.JPG<\/a>\n\n\n\t<img decoding=\"async\" class=\"ms-thumb\" src=\"https:\/\/www.apucarana.pr.gov.br\/site\/wp-content\/uploads\/2025\/12\/DJI_0551-1024x576-140x80.jpg\" alt=\"DCIM100MEDIADJI_0551.JPG\" \/>\n\t\t\t\t<\/div>\n\t\t\t<div  class=\"ms-slide\" data-delay=\"3\"    >\n\t\t\t\t\t<img decoding=\"async\" src=\"https:\/\/www.apucarana.pr.gov.br\/site\/wp-content\/plugins\/masterslider\/public\/assets\/css\/blank.gif\" alt=\"Hospital Apucarana (56)\" title=\"Hospital Apucarana (56)\" data-src=\"https:\/\/www.apucarana.pr.gov.br\/site\/wp-content\/uploads\/2025\/12\/Hospital-Apucarana-56-1024x683.jpg\" \/>\n\t<a href=\"https:\/\/www.apucarana.pr.gov.br\/site\/wp-content\/uploads\/2025\/12\/Hospital-Apucarana-56-1024x683.jpg\" target=\"_self\"    >Hospital Apucarana (56)<\/a>\n\n\n\t<img decoding=\"async\" class=\"ms-thumb\" src=\"https:\/\/www.apucarana.pr.gov.br\/site\/wp-content\/uploads\/2025\/12\/Hospital-Apucarana-56-1024x683-140x80.jpg\" alt=\"Hospital Apucarana (56)\" \/>\n\t\t\t\t<\/div>\n\t\t\t<div  class=\"ms-slide\" data-delay=\"3\"    >\n\t\t\t\t\t<img decoding=\"async\" src=\"https:\/\/www.apucarana.pr.gov.br\/site\/wp-content\/plugins\/masterslider\/public\/assets\/css\/blank.gif\" alt=\"sa\u00fade (4)\" title=\"sa\u00fade (4)\" data-src=\"https:\/\/www.apucarana.pr.gov.br\/site\/wp-content\/uploads\/2025\/12\/saude-4-1024x683.jpg\" \/>\n\t<a href=\"https:\/\/www.apucarana.pr.gov.br\/site\/wp-content\/uploads\/2025\/12\/saude-4-1024x683.jpg\" target=\"_self\"    >sa\u00fade (4)<\/a>\n\n\n\t<img decoding=\"async\" class=\"ms-thumb\" src=\"https:\/\/www.apucarana.pr.gov.br\/site\/wp-content\/uploads\/2025\/12\/saude-4-1024x683-140x80.jpg\" alt=\"sa\u00fade (4)\" \/>\n\t\t\t\t<\/div>\n\n\t\t\t<\/div>\n\t\t\t<!-- END MasterSlider Main -->\n\n\t\t\t \n\t\t<\/div>\n\t\t<!-- END MasterSlider -->\n\n\t\t<script>\n\t\t( window.MSReady = window.MSReady || [] ).push( function( $ ) {\n\n\t\t\t\"use strict\";\n\t\t\tvar masterslider_ee58 = new MasterSlider();\n\n\t\t\t\/\/ slider controls\n\t\t\tmasterslider_ee58.control('arrows'     ,{ autohide:true, overVideo:true  });\n\t\t\tmasterslider_ee58.control('thumblist'  ,{ autohide:false, overVideo:true, dir:'h', speed:17, inset:false, arrows:false, hover:false, customClass:'', align:'bottom',type:'thumbs', margin:2, width:140, height:80, space:2, fillMode:'fill'  });\n\t\t\t\/\/ slider setup\n\t\t\tmasterslider_ee58.setup(\"MS69f4d7d57ee58\", {\n\t\t\t\twidth           : 960,\n\t\t\t\theight          : 540,\n\t\t\t\tminHeight       : 0,\n\t\t\t\tspace           : 0,\n\t\t\t\tstart           : 1,\n\t\t\t\tgrabCursor      : true,\n\t\t\t\tswipe           : true,\n\t\t\t\tmouse           : true,\n\t\t\t\tkeyboard        : false,\n\t\t\t\tlayout          : \"fillwidth\",\n\t\t\t\twheel           : false,\n\t\t\t\tautoplay        : true,\n                instantStartLayers:false,\n\t\t\t\tmobileBGVideo:false,\n\t\t\t\tloop            : true,\n\t\t\t\tshuffle         : false,\n\t\t\t\tpreload         : 3,\n\t\t\t\theightLimit     : false,\n\t\t\t\tautoHeight      : false,\n\t\t\t\tsmoothHeight    : true,\n\t\t\t\tendPause        : false,\n\t\t\t\toverPause       : false,\n\t\t\t\tfillMode        : \"fill\",\n\t\t\t\tcenterControls  : true,\n\t\t\t\tstartOnAppear   : false,\n\t\t\t\tlayersMode      : \"center\",\n\t\t\t\tautofillTarget  : \"\",\n\t\t\t\thideLayers      : false,\n\t\t\t\tfullscreenMargin: 0,\n\t\t\t\tspeed           : 17,\n\t\t\t\tdir             : \"h\",\n\t\t\t\tresponsive      : true,\n\t\t\t\ttabletWidth     : 768,\n\t\t\t\ttabletHeight    : null,\n\t\t\t\tphoneWidth      : 480,\n\t\t\t\tphoneHeight    : null,\n\t\t\t\tsizingReference : window,\n\t\t\t\tparallaxMode    : 'swipe',\n\t\t\t\tview            : \"basic\"\n\t\t\t});\n\n\t\t\t\n\t\t\twindow.masterslider_instances = window.masterslider_instances || [];\n\t\t\twindow.masterslider_instances.push( masterslider_ee58 );\n\t\t});\n\t\t<\/script>\n\n\n<p>Apucarana \u00e9 um dos munic\u00edpios paranaenses habilitados pelo Governo Federal a ter acesso a financiamento de at\u00e9 R$50 milh\u00f5es, atrav\u00e9s do Fundo de Investimento em Infraestrutura Social (FIIS), para investimentos na sa\u00fade municipal. Anunciado nesta quinta-feira (11\/12), a iniciativa da Uni\u00e3o vai garantir R$ 28,1 bilh\u00f5es em financiamentos a juros reduzidos para a constru\u00e7\u00e3o, amplia\u00e7\u00e3o e moderniza\u00e7\u00e3o de escolas, creches, UBS, hospitais, unidades de sa\u00fade, iniciativas da seguran\u00e7a p\u00fablica e cultura, bem como aquisi\u00e7\u00e3o de equipamentos essenciais em munic\u00edpios de todo o Pa\u00eds.<\/p>\n<p>O prefeito Rodolfo Mota (Uni\u00e3o Brasil) explica que Apucarana apresentou um projeto ao governo federal para obras e servi\u00e7os p\u00fablicos na sa\u00fade em novembro. \u201cEstamos felizes em sermos habilitados no Fundo de Investimento em Infraestrutura Social a partir do cadastramento que nossa equipe a Autarquia Municipal de Sa\u00fade (AMS) realizou no m\u00eas passado. A partir de agora, iremos dar sequ\u00eancia nos projetos a fim de que eles sejam viabilizados em valores de at\u00e9 R$ 50 milh\u00f5es\u201d, diz.<\/p>\n<p>\u201cA vantagem dessa habilita\u00e7\u00e3o (no FIIS) \u00e9 que o financiamento tem taxa de juros melhores do que as praticadas no mercado\u201d, diz Rodolfo Mota, esclarecendo \u00e0 popula\u00e7\u00e3o que n\u00e3o \u00e9 uma libera\u00e7\u00e3o de verba feita diretamente pelo Governo Federal ao munic\u00edpio, \u201cmas a habilita\u00e7\u00e3o para financiamento dos R$ 50 milh\u00f5es, o que ainda depender\u00e1 de v\u00e1rias fases de tramita\u00e7\u00e3o\u201d.<\/p>\n<p>Segundo dados do Minist\u00e9rio da Sa\u00fade, que gerencia o FIIS Sa\u00fade, o prazo de pagamento do empr\u00e9stimo pode ser de at\u00e9 20 anos, com at\u00e9 24 meses de car\u00eancia e taxas de juros diferenciadas, conforme modalidade e perfil do proponente.<\/p>\n<p>O secret\u00e1rio municipal de Sa\u00fade, m\u00e9dico Guilherme de Paula, afirma que a busca pelos recursos visa fortalecer o atendimento \u00e0 popula\u00e7\u00e3o.\u00a0\u201cBuscamos a melhoria na qualidade do atendimento e condi\u00e7\u00f5es de trabalho das nossas equipes. A constru\u00e7\u00e3o e adequa\u00e7\u00e3o de pr\u00e9dios p\u00fablicos \u00e9 um desses instrumentos\u201d, disse.<\/p>\n<p>O objetivo do FIIS, afirma o Governo Federal, \u00e9 viabilizar projetos de infraestrutura social em todo o pa\u00eds, investindo R$ 18 bilh\u00f5es em financiamento de obras e equipamentos ainda em 2025 e outros R$ 10 bilh\u00f5es em 2026. Deste total, R$ 18,4 bilh\u00f5es est\u00e3o autorizados para a \u00e1rea de Sa\u00fade e R$ 9,7 bilh\u00f5es para a Educa\u00e7\u00e3o.<\/p>\n","protected":false},"excerpt":{"rendered":"<p>Apucarana &eacute; um dos munic&iacute;pios paranaenses habilitados pelo Governo Federal a ter acesso a financiamento de at&eacute; R$50 milh&otilde;es, atrav&eacute;s do Fundo de Investimento em Infraestrutura Social (FIIS), para investimentos na sa&uacute;de municipal. Anunciado nesta quinta-feira (11\/12), a iniciativa da Uni&atilde;o vai garantir R$ 28,1 bilh&otilde;es em financiamentos a juros reduzidos para a constru&ccedil;&atilde;o, amplia&ccedil;&atilde;o [&hellip;]<\/p>\n","protected":false},"author":7,"featured_media":121279,"comment_status":"closed","ping_status":"closed","sticky":false,"template":"","format":"standard","meta":{"footnotes":""},"categories":[24],"tags":[],"class_list":["post-121278","post","type-post","status-publish","format-standard","has-post-thumbnail","hentry","category-noticias"],"acf":[],"_links":{"self":[{"href":"https:\/\/www.apucarana.pr.gov.br\/site\/wp-json\/wp\/v2\/posts\/121278","targetHints":{"allow":["GET"]}}],"collection":[{"href":"https:\/\/www.apucarana.pr.gov.br\/site\/wp-json\/wp\/v2\/posts"}],"about":[{"href":"https:\/\/www.apucarana.pr.gov.br\/site\/wp-json\/wp\/v2\/types\/post"}],"author":[{"embeddable":true,"href":"https:\/\/www.apucarana.pr.gov.br\/site\/wp-json\/wp\/v2\/users\/7"}],"replies":[{"embeddable":true,"href":"https:\/\/www.apucarana.pr.gov.br\/site\/wp-json\/wp\/v2\/comments?post=121278"}],"version-history":[{"count":2,"href":"https:\/\/www.apucarana.pr.gov.br\/site\/wp-json\/wp\/v2\/posts\/121278\/revisions"}],"predecessor-version":[{"id":121291,"href":"https:\/\/www.apucarana.pr.gov.br\/site\/wp-json\/wp\/v2\/posts\/121278\/revisions\/121291"}],"wp:featuredmedia":[{"embeddable":true,"href":"https:\/\/www.apucarana.pr.gov.br\/site\/wp-json\/wp\/v2\/media\/121279"}],"wp:attachment":[{"href":"https:\/\/www.apucarana.pr.gov.br\/site\/wp-json\/wp\/v2\/media?parent=121278"}],"wp:term":[{"taxonomy":"category","embeddable":true,"href":"https:\/\/www.apucarana.pr.gov.br\/site\/wp-json\/wp\/v2\/categories?post=121278"},{"taxonomy":"post_tag","embeddable":true,"href":"https:\/\/www.apucarana.pr.gov.br\/site\/wp-json\/wp\/v2\/tags?post=121278"}],"curies":[{"name":"wp","href":"https:\/\/api.w.org\/{rel}","templated":true}]}}