{"id":121095,"date":"2025-12-08T18:22:50","date_gmt":"2025-12-08T21:22:50","guid":{"rendered":"https:\/\/www.apucarana.pr.gov.br\/site\/?p=121095"},"modified":"2025-12-08T21:51:15","modified_gmt":"2025-12-09T00:51:15","slug":"apucarana-conquista-nivel-maximo-em-programa-nacional-de-transparencia-publica","status":"publish","type":"post","link":"https:\/\/www.apucarana.pr.gov.br\/site\/apucarana-conquista-nivel-maximo-em-programa-nacional-de-transparencia-publica\/","title":{"rendered":"Apucarana conquista n\u00edvel m\u00e1ximo em Programa Nacional de Transpar\u00eancia P\u00fablica"},"content":{"rendered":"\n\t\t<!-- MasterSlider -->\n\t\t<div id=\"P_MS69f3e08a4f1f1\" class=\"master-slider-parent master-slider-gallery   ms-parent-id-0\" style=\"\" >\n\n\t\t\t\n\t\t\t<!-- MasterSlider Main -->\n\t\t\t<div id=\"MS69f3e08a4f1f1\" class=\"master-slider ms-skin-default\" >\n\t\t\t\t \t\t\t\t \n\t\t\t<div  class=\"ms-slide\" data-delay=\"3\"    >\n\t\t\t\t\t<img decoding=\"async\" src=\"https:\/\/www.apucarana.pr.gov.br\/site\/wp-content\/plugins\/masterslider\/public\/assets\/css\/blank.gif\" alt=\"Transpar\u00eancia P\u00fablica (1)\" title=\"Transpar\u00eancia P\u00fablica (1)\" data-src=\"https:\/\/www.apucarana.pr.gov.br\/site\/wp-content\/uploads\/2025\/12\/Transparencia-Publica-1-1024x683.jpg\" \/>\n\t<a href=\"https:\/\/www.apucarana.pr.gov.br\/site\/wp-content\/uploads\/2025\/12\/Transparencia-Publica-1-1024x683.jpg\" target=\"_self\"    >Transpar\u00eancia P\u00fablica (1)<\/a>\n\n\n\t<img decoding=\"async\" class=\"ms-thumb\" src=\"https:\/\/www.apucarana.pr.gov.br\/site\/wp-content\/uploads\/2025\/12\/Transparencia-Publica-1-1024x683-140x80.jpg\" alt=\"Transpar\u00eancia P\u00fablica (1)\" \/>\n\t\t\t\t<\/div>\n\t\t\t<div  class=\"ms-slide\" data-delay=\"3\"    >\n\t\t\t\t\t<img decoding=\"async\" src=\"https:\/\/www.apucarana.pr.gov.br\/site\/wp-content\/plugins\/masterslider\/public\/assets\/css\/blank.gif\" alt=\"Transpar\u00eancia P\u00fablica (15)\" title=\"Transpar\u00eancia P\u00fablica (15)\" data-src=\"https:\/\/www.apucarana.pr.gov.br\/site\/wp-content\/uploads\/2025\/12\/Transparencia-Publica-15-1024x683.jpg\" \/>\n\t<a href=\"https:\/\/www.apucarana.pr.gov.br\/site\/wp-content\/uploads\/2025\/12\/Transparencia-Publica-15-1024x683.jpg\" target=\"_self\"    >Transpar\u00eancia P\u00fablica (15)<\/a>\n\n\n\t<img decoding=\"async\" class=\"ms-thumb\" src=\"https:\/\/www.apucarana.pr.gov.br\/site\/wp-content\/uploads\/2025\/12\/Transparencia-Publica-15-1024x683-140x80.jpg\" alt=\"Transpar\u00eancia P\u00fablica (15)\" \/>\n\t\t\t\t<\/div>\n\t\t\t<div  class=\"ms-slide\" data-delay=\"3\"    >\n\t\t\t\t\t<img decoding=\"async\" src=\"https:\/\/www.apucarana.pr.gov.br\/site\/wp-content\/plugins\/masterslider\/public\/assets\/css\/blank.gif\" alt=\"Transpar\u00eancia P\u00fablica (17)\" title=\"Transpar\u00eancia P\u00fablica (17)\" data-src=\"https:\/\/www.apucarana.pr.gov.br\/site\/wp-content\/uploads\/2025\/12\/Transparencia-Publica-17-1024x683.jpg\" \/>\n\t<a href=\"https:\/\/www.apucarana.pr.gov.br\/site\/wp-content\/uploads\/2025\/12\/Transparencia-Publica-17-1024x683.jpg\" target=\"_self\"    >Transpar\u00eancia P\u00fablica (17)<\/a>\n\n\n\t<img decoding=\"async\" class=\"ms-thumb\" src=\"https:\/\/www.apucarana.pr.gov.br\/site\/wp-content\/uploads\/2025\/12\/Transparencia-Publica-17-1024x683-140x80.jpg\" alt=\"Transpar\u00eancia P\u00fablica (17)\" \/>\n\t\t\t\t<\/div>\n\n\t\t\t<\/div>\n\t\t\t<!-- END MasterSlider Main -->\n\n\t\t\t \n\t\t<\/div>\n\t\t<!-- END MasterSlider -->\n\n\t\t<script>\n\t\t( window.MSReady = window.MSReady || [] ).push( function( $ ) {\n\n\t\t\t\"use strict\";\n\t\t\tvar masterslider_f1f1 = new MasterSlider();\n\n\t\t\t\/\/ slider controls\n\t\t\tmasterslider_f1f1.control('arrows'     ,{ autohide:true, overVideo:true  });\n\t\t\tmasterslider_f1f1.control('thumblist'  ,{ autohide:false, overVideo:true, dir:'h', speed:17, inset:false, arrows:false, hover:false, customClass:'', align:'bottom',type:'thumbs', margin:2, width:140, height:80, space:2, fillMode:'fill'  });\n\t\t\t\/\/ slider setup\n\t\t\tmasterslider_f1f1.setup(\"MS69f3e08a4f1f1\", {\n\t\t\t\twidth           : 960,\n\t\t\t\theight          : 540,\n\t\t\t\tminHeight       : 0,\n\t\t\t\tspace           : 0,\n\t\t\t\tstart           : 1,\n\t\t\t\tgrabCursor      : true,\n\t\t\t\tswipe           : true,\n\t\t\t\tmouse           : true,\n\t\t\t\tkeyboard        : false,\n\t\t\t\tlayout          : \"fillwidth\",\n\t\t\t\twheel           : false,\n\t\t\t\tautoplay        : true,\n                instantStartLayers:false,\n\t\t\t\tmobileBGVideo:false,\n\t\t\t\tloop            : true,\n\t\t\t\tshuffle         : false,\n\t\t\t\tpreload         : 3,\n\t\t\t\theightLimit     : false,\n\t\t\t\tautoHeight      : false,\n\t\t\t\tsmoothHeight    : true,\n\t\t\t\tendPause        : false,\n\t\t\t\toverPause       : false,\n\t\t\t\tfillMode        : \"fill\",\n\t\t\t\tcenterControls  : true,\n\t\t\t\tstartOnAppear   : false,\n\t\t\t\tlayersMode      : \"center\",\n\t\t\t\tautofillTarget  : \"\",\n\t\t\t\thideLayers      : false,\n\t\t\t\tfullscreenMargin: 0,\n\t\t\t\tspeed           : 17,\n\t\t\t\tdir             : \"h\",\n\t\t\t\tresponsive      : true,\n\t\t\t\ttabletWidth     : 768,\n\t\t\t\ttabletHeight    : null,\n\t\t\t\tphoneWidth      : 480,\n\t\t\t\tphoneHeight    : null,\n\t\t\t\tsizingReference : window,\n\t\t\t\tparallaxMode    : 'swipe',\n\t\t\t\tview            : \"basic\"\n\t\t\t});\n\n\t\t\t\n\t\t\twindow.masterslider_instances = window.masterslider_instances || [];\n\t\t\twindow.masterslider_instances.push( masterslider_f1f1 );\n\t\t});\n\t\t<\/script>\n\n\n<p data-start=\"592\" data-end=\"1250\">A Prefeitura de Apucarana conquistou o selo Diamante \u2014 o n\u00edvel m\u00e1ximo de transpar\u00eancia p\u00fablica \u2014 no Programa Nacional de Transpar\u00eancia P\u00fablica (PNTP), resultado que posiciona o munic\u00edpio entre as gest\u00f5es mais eficientes do pa\u00eds. Com \u00edndice de 98,23 na avalia\u00e7\u00e3o coordenada pela Associa\u00e7\u00e3o dos Membros dos Tribunais de Contas do Brasil (Atricon) e pelos 33 Tribunais de Contas do pa\u00eds, Apucarana aparece como o segundo munic\u00edpio mais transparente do Paran\u00e1, atr\u00e1s apenas de Pinhais (99,34). Marmeleiro ocupa a terceira posi\u00e7\u00e3o, com 97,87. A conquista foi comemorada nesta segunda-feira (08\/12) pelo prefeito Rodolfo Mota, durante evento no gabinete municipal.<\/p>\n<p data-start=\"1252\" data-end=\"1991\">\u201cApucarana saiu da posi\u00e7\u00e3o 111 no Paran\u00e1 em 2024 e, em menos de um ano de gest\u00e3o, passou a ocupar o segundo lugar entre os 399 munic\u00edpios do estado. Para o cidad\u00e3o, isso significa uma prefeitura que cuida bem dos recursos, investe corretamente e permite que todos acompanhem como o dinheiro p\u00fablico est\u00e1 sendo aplicado\u201d, destacou o prefeito Rodolfo Mota. O Programa Nacional de Transpar\u00eancia P\u00fablica (PNTP) tem como objetivo promover e avaliar a transpar\u00eancia das informa\u00e7\u00f5es p\u00fablicas em estados e munic\u00edpios brasileiros. Neste ano, o trabalho de avalia\u00e7\u00e3o foi realizado por cerca de 10 mil pessoas, entre controladores internos, auditores e outros profissionais, com foco em incentivar portais cada vez mais \u00fateis e acess\u00edveis ao cidad\u00e3o.<\/p>\n<p data-start=\"1993\" data-end=\"2676\">Rodolfo Mota tamb\u00e9m ressaltou o impacto direto da transpar\u00eancia na vida das pessoas. \u201cVou dar um \u00fanico exemplo, que mudou radicalmente a vida das pessoas na cidade quando o assunto \u00e9 transpar\u00eancia. Na Sa\u00fade, o que antes era na guia do papel, que precisava de amigo ou apadrinhamento para conseguir uma consulta com especialista, passar na frente dos outros em 15 ou 20 dias, e deixar algumas pessoas esperando at\u00e9 quatro anos, hoje j\u00e1 n\u00e3o existe mais. As informa\u00e7\u00f5es est\u00e3o todas no sistema, podendo ser consultadas em tempo real pela popula\u00e7\u00e3o, que agora \u00e9 atendida de maneira justa, sem esquema, sem favorecimento. \u00c9 a transpar\u00eancia mudando a vida das pessoas\u201d, ilustrou o prefeito.<\/p>\n<p data-start=\"2678\" data-end=\"3211\">Ainda de acordo com o prefeito, a mudan\u00e7a foi resultado de uma decis\u00e3o pol\u00edtica assumida logo no in\u00edcio da gest\u00e3o. \u201cQuando assumi a prefeitura em janeiro, reuni os servidores e disse que ir\u00edamos mudar essa realidade. Apesar de todas as dificuldades, conseguimos atingir os objetivos, juntamente com a C\u00e2mara Municipal de Vereadores, que conquistou a primeira posi\u00e7\u00e3o entre os legislativos do Paran\u00e1. Na pr\u00e1tica, juntos, prefeitura e C\u00e2mara mostram que trabalham para tornar Apucarana a cidade mais transparente do Paran\u00e1\u201d, comemorou.<\/p>\n<p data-start=\"3213\" data-end=\"3664\">Os crit\u00e9rios de avalia\u00e7\u00e3o do PNTP inclu\u00edram desde requisitos b\u00e1sicos, como site oficial, portal da transpar\u00eancia pr\u00f3prio, ferramenta de busca e informa\u00e7\u00f5es institucionais claras, at\u00e9 exig\u00eancias mais complexas, como a publica\u00e7\u00e3o de receitas, despesas detalhadas, contratos, licita\u00e7\u00f5es, conv\u00eanios e dados de recursos humanos. O objetivo do PNTP \u00e9 garantir que o cidad\u00e3o consiga acessar informa\u00e7\u00f5es essenciais de forma simples, atualizada e organizada.<\/p>\n<p data-start=\"3666\" data-end=\"4108\">O an\u00fancio realizado no gabinete municipal contou com a presen\u00e7a do vice-prefeito Marcos da Vila Reis, do secret\u00e1rio municipal da Fazenda, Rog\u00e9rio Ribeiro, do controlador interno Marcelo Barros, do procurador-geral Rubens Henrique de Fran\u00e7a, dos vereadores Danylo Acioli, Guilherme Livoti, Mois\u00e9s Tavares, Pablo da Seguran\u00e7a, Eliana Rocha, Tiago Cordeiro de Lima, Luciano Facchiano e Odarlone Orente, al\u00e9m de membros do secretariado municipal.<\/p>\n<p data-start=\"4110\" data-end=\"4840\">\u201cParabenizo o prefeito Rodolfo Mota pelos avan\u00e7os no \u00edndice de transpar\u00eancia e lembro que isso n\u00e3o \u00e9 nada diferente do que foi prometido na campanha, que contou com a participa\u00e7\u00e3o de nomes de refer\u00eancia do Brasil em rela\u00e7\u00e3o \u00e0 transpar\u00eancia p\u00fablica, como S\u00e9rgio Mouro, Deltan Dallagnol, entre outros. Um trabalho que tamb\u00e9m estamos fazendo na C\u00e2mara, honrando o que prometemos para as pessoas. Nenhum vereador votou contra nenhuma proposta de lei nesse ano que fala de transpar\u00eancia. Ent\u00e3o, todos participaram desta conquista, juntamente com todos os servidores que vestiram a camisa e fizeram acontecer. A diferen\u00e7a \u00e9 que antes os gestores eram ruins e hoje Apucarana tem pessoas comprometidas\u201d, disse o vereador Guilherme Livoti.<\/p>\n<p><strong><u>TOP 10 \u2013 \u00cdndice de Transpar\u00eancia P\u00fablica (Paran\u00e1)<\/u><\/strong><\/p>\n<p>Pinhais (PR) &#8211; 99,34<br \/>\nApucarana (PR) &#8211; 98,23<br \/>\nMarmeleiro (PR) &#8211; 97,87<br \/>\nSanta Isabel do Iva\u00ed (PR) &#8211; 97,85<br \/>\nSanto Ant\u00f4nio da Platina (PR) &#8211; 97,62<br \/>\nTerra Boa (PR) &#8211; 97,56<br \/>\nGodoy Moreira (PR) &#8211; 97,44<br \/>\nArapongas (PR) &#8211; 97,42<br \/>\nTerra Roxa (PR) &#8211; 97,19<br \/>\nCianorte (PR) &#8211; 97,09<\/p>\n","protected":false},"excerpt":{"rendered":"<p>A Prefeitura de Apucarana conquistou o selo Diamante &mdash; o n&iacute;vel m&aacute;ximo de transpar&ecirc;ncia p&uacute;blica &mdash; no Programa Nacional de Transpar&ecirc;ncia P&uacute;blica (PNTP), resultado que posiciona o munic&iacute;pio entre as gest&otilde;es mais eficientes do pa&iacute;s. Com &iacute;ndice de 98,23 na avalia&ccedil;&atilde;o coordenada pela Associa&ccedil;&atilde;o dos Membros dos Tribunais de Contas do Brasil (Atricon) e pelos [&hellip;]<\/p>\n","protected":false},"author":7,"featured_media":121097,"comment_status":"closed","ping_status":"closed","sticky":false,"template":"","format":"standard","meta":{"footnotes":""},"categories":[24],"tags":[],"class_list":["post-121095","post","type-post","status-publish","format-standard","has-post-thumbnail","hentry","category-noticias"],"acf":[],"_links":{"self":[{"href":"https:\/\/www.apucarana.pr.gov.br\/site\/wp-json\/wp\/v2\/posts\/121095","targetHints":{"allow":["GET"]}}],"collection":[{"href":"https:\/\/www.apucarana.pr.gov.br\/site\/wp-json\/wp\/v2\/posts"}],"about":[{"href":"https:\/\/www.apucarana.pr.gov.br\/site\/wp-json\/wp\/v2\/types\/post"}],"author":[{"embeddable":true,"href":"https:\/\/www.apucarana.pr.gov.br\/site\/wp-json\/wp\/v2\/users\/7"}],"replies":[{"embeddable":true,"href":"https:\/\/www.apucarana.pr.gov.br\/site\/wp-json\/wp\/v2\/comments?post=121095"}],"version-history":[{"count":3,"href":"https:\/\/www.apucarana.pr.gov.br\/site\/wp-json\/wp\/v2\/posts\/121095\/revisions"}],"predecessor-version":[{"id":121132,"href":"https:\/\/www.apucarana.pr.gov.br\/site\/wp-json\/wp\/v2\/posts\/121095\/revisions\/121132"}],"wp:featuredmedia":[{"embeddable":true,"href":"https:\/\/www.apucarana.pr.gov.br\/site\/wp-json\/wp\/v2\/media\/121097"}],"wp:attachment":[{"href":"https:\/\/www.apucarana.pr.gov.br\/site\/wp-json\/wp\/v2\/media?parent=121095"}],"wp:term":[{"taxonomy":"category","embeddable":true,"href":"https:\/\/www.apucarana.pr.gov.br\/site\/wp-json\/wp\/v2\/categories?post=121095"},{"taxonomy":"post_tag","embeddable":true,"href":"https:\/\/www.apucarana.pr.gov.br\/site\/wp-json\/wp\/v2\/tags?post=121095"}],"curies":[{"name":"wp","href":"https:\/\/api.w.org\/{rel}","templated":true}]}}