{"id":111494,"date":"2025-03-25T16:33:49","date_gmt":"2025-03-25T19:33:49","guid":{"rendered":"https:\/\/www.apucarana.pr.gov.br\/site\/?p=111494"},"modified":"2025-03-25T16:33:49","modified_gmt":"2025-03-25T19:33:49","slug":"atletas-apucaranenses-se-destacam-na-corrida-kids-em-rolandia","status":"publish","type":"post","link":"https:\/\/www.apucarana.pr.gov.br\/site\/atletas-apucaranenses-se-destacam-na-corrida-kids-em-rolandia\/","title":{"rendered":"Atletas apucaranenses se destacam na Corrida Kids em Rol\u00e2ndia"},"content":{"rendered":"\n\t\t<!-- MasterSlider -->\n\t\t<div id=\"P_MS69f5060c3d992\" class=\"master-slider-parent master-slider-gallery   ms-parent-id-0\" style=\"\" >\n\n\t\t\t\n\t\t\t<!-- MasterSlider Main -->\n\t\t\t<div id=\"MS69f5060c3d992\" class=\"master-slider ms-skin-default\" >\n\t\t\t\t \t\t\t\t \n\t\t\t<div  class=\"ms-slide\" data-delay=\"3\"    >\n\t\t\t\t\t<img decoding=\"async\" src=\"https:\/\/www.apucarana.pr.gov.br\/site\/wp-content\/plugins\/masterslider\/public\/assets\/css\/blank.gif\" alt=\"WhatsApp Image 2025-03-25 at 16.22.49\" title=\"WhatsApp Image 2025-03-25 at 16.22.49\" data-src=\"https:\/\/www.apucarana.pr.gov.br\/site\/wp-content\/uploads\/2025\/03\/WhatsApp-Image-2025-03-25-at-16.22.49-1024x771.jpeg\" \/>\n\t<a href=\"https:\/\/www.apucarana.pr.gov.br\/site\/wp-content\/uploads\/2025\/03\/WhatsApp-Image-2025-03-25-at-16.22.49-1024x771.jpeg\" target=\"_self\"    >WhatsApp Image 2025-03-25 at 16.22.49<\/a>\n\n\n\t<img decoding=\"async\" class=\"ms-thumb\" src=\"https:\/\/www.apucarana.pr.gov.br\/site\/wp-content\/uploads\/2025\/03\/WhatsApp-Image-2025-03-25-at-16.22.49-1024x771-140x80.jpeg\" alt=\"WhatsApp Image 2025-03-25 at 16.22.49\" \/>\n\t\t\t\t<\/div>\n\t\t\t<div  class=\"ms-slide\" data-delay=\"3\"    >\n\t\t\t\t\t<img decoding=\"async\" src=\"https:\/\/www.apucarana.pr.gov.br\/site\/wp-content\/plugins\/masterslider\/public\/assets\/css\/blank.gif\" alt=\"WhatsApp Image 2025-03-25 at 16.22.48\" title=\"WhatsApp Image 2025-03-25 at 16.22.48\" data-src=\"https:\/\/www.apucarana.pr.gov.br\/site\/wp-content\/uploads\/2025\/03\/WhatsApp-Image-2025-03-25-at-16.22.48-1024x771.jpeg\" \/>\n\t<a href=\"https:\/\/www.apucarana.pr.gov.br\/site\/wp-content\/uploads\/2025\/03\/WhatsApp-Image-2025-03-25-at-16.22.48-1024x771.jpeg\" target=\"_self\"    >WhatsApp Image 2025-03-25 at 16.22.48<\/a>\n\n\n\t<img decoding=\"async\" class=\"ms-thumb\" src=\"https:\/\/www.apucarana.pr.gov.br\/site\/wp-content\/uploads\/2025\/03\/WhatsApp-Image-2025-03-25-at-16.22.48-1024x771-140x80.jpeg\" alt=\"WhatsApp Image 2025-03-25 at 16.22.48\" \/>\n\t\t\t\t<\/div>\n\t\t\t<div  class=\"ms-slide\" data-delay=\"3\"    >\n\t\t\t\t\t<img decoding=\"async\" src=\"https:\/\/www.apucarana.pr.gov.br\/site\/wp-content\/plugins\/masterslider\/public\/assets\/css\/blank.gif\" alt=\"WhatsApp Image 2025-03-25 at 16.22.47\" title=\"WhatsApp Image 2025-03-25 at 16.22.47\" data-src=\"https:\/\/www.apucarana.pr.gov.br\/site\/wp-content\/uploads\/2025\/03\/WhatsApp-Image-2025-03-25-at-16.22.47-1024x771.jpeg\" \/>\n\t<a href=\"https:\/\/www.apucarana.pr.gov.br\/site\/wp-content\/uploads\/2025\/03\/WhatsApp-Image-2025-03-25-at-16.22.47-1024x771.jpeg\" target=\"_self\"    >WhatsApp Image 2025-03-25 at 16.22.47<\/a>\n\n\n\t<img decoding=\"async\" class=\"ms-thumb\" src=\"https:\/\/www.apucarana.pr.gov.br\/site\/wp-content\/uploads\/2025\/03\/WhatsApp-Image-2025-03-25-at-16.22.47-1024x771-140x80.jpeg\" alt=\"WhatsApp Image 2025-03-25 at 16.22.47\" \/>\n\t\t\t\t<\/div>\n\t\t\t<div  class=\"ms-slide\" data-delay=\"3\"    >\n\t\t\t\t\t<img decoding=\"async\" src=\"https:\/\/www.apucarana.pr.gov.br\/site\/wp-content\/plugins\/masterslider\/public\/assets\/css\/blank.gif\" alt=\"WhatsApp Image 2025-03-25 at 16.22.46\" title=\"WhatsApp Image 2025-03-25 at 16.22.46\" data-src=\"https:\/\/www.apucarana.pr.gov.br\/site\/wp-content\/uploads\/2025\/03\/WhatsApp-Image-2025-03-25-at-16.22.46-1024x771.jpeg\" \/>\n\t<a href=\"https:\/\/www.apucarana.pr.gov.br\/site\/wp-content\/uploads\/2025\/03\/WhatsApp-Image-2025-03-25-at-16.22.46-1024x771.jpeg\" target=\"_self\"    >WhatsApp Image 2025-03-25 at 16.22.46<\/a>\n\n\n\t<img decoding=\"async\" class=\"ms-thumb\" src=\"https:\/\/www.apucarana.pr.gov.br\/site\/wp-content\/uploads\/2025\/03\/WhatsApp-Image-2025-03-25-at-16.22.46-1024x771-140x80.jpeg\" alt=\"WhatsApp Image 2025-03-25 at 16.22.46\" \/>\n\t\t\t\t<\/div>\n\t\t\t<div  class=\"ms-slide\" data-delay=\"3\"    >\n\t\t\t\t\t<img decoding=\"async\" src=\"https:\/\/www.apucarana.pr.gov.br\/site\/wp-content\/plugins\/masterslider\/public\/assets\/css\/blank.gif\" alt=\"WhatsApp Image 2025-03-25 at 16.22.44 (1)\" title=\"WhatsApp Image 2025-03-25 at 16.22.44 (1)\" data-src=\"https:\/\/www.apucarana.pr.gov.br\/site\/wp-content\/uploads\/2025\/03\/WhatsApp-Image-2025-03-25-at-16.22.44-1-1024x771.jpeg\" \/>\n\t<a href=\"https:\/\/www.apucarana.pr.gov.br\/site\/wp-content\/uploads\/2025\/03\/WhatsApp-Image-2025-03-25-at-16.22.44-1-1024x771.jpeg\" target=\"_self\"    >WhatsApp Image 2025-03-25 at 16.22.44 (1)<\/a>\n\n\n\t<img decoding=\"async\" class=\"ms-thumb\" src=\"https:\/\/www.apucarana.pr.gov.br\/site\/wp-content\/uploads\/2025\/03\/WhatsApp-Image-2025-03-25-at-16.22.44-1-1024x771-140x80.jpeg\" alt=\"WhatsApp Image 2025-03-25 at 16.22.44 (1)\" \/>\n\t\t\t\t<\/div>\n\t\t\t<div  class=\"ms-slide\" data-delay=\"3\"    >\n\t\t\t\t\t<img decoding=\"async\" src=\"https:\/\/www.apucarana.pr.gov.br\/site\/wp-content\/plugins\/masterslider\/public\/assets\/css\/blank.gif\" alt=\"WhatsApp Image 2025-03-25 at 16.22.44\" title=\"WhatsApp Image 2025-03-25 at 16.22.44\" data-src=\"https:\/\/www.apucarana.pr.gov.br\/site\/wp-content\/uploads\/2025\/03\/WhatsApp-Image-2025-03-25-at-16.22.44-1024x771.jpeg\" \/>\n\t<a href=\"https:\/\/www.apucarana.pr.gov.br\/site\/wp-content\/uploads\/2025\/03\/WhatsApp-Image-2025-03-25-at-16.22.44-1024x771.jpeg\" target=\"_self\"    >WhatsApp Image 2025-03-25 at 16.22.44<\/a>\n\n\n\t<img decoding=\"async\" class=\"ms-thumb\" src=\"https:\/\/www.apucarana.pr.gov.br\/site\/wp-content\/uploads\/2025\/03\/WhatsApp-Image-2025-03-25-at-16.22.44-1024x771-140x80.jpeg\" alt=\"WhatsApp Image 2025-03-25 at 16.22.44\" \/>\n\t\t\t\t<\/div>\n\t\t\t<div  class=\"ms-slide\" data-delay=\"3\"    >\n\t\t\t\t\t<img decoding=\"async\" src=\"https:\/\/www.apucarana.pr.gov.br\/site\/wp-content\/plugins\/masterslider\/public\/assets\/css\/blank.gif\" alt=\"WhatsApp Image 2025-03-25 at 16.22.42\" title=\"WhatsApp Image 2025-03-25 at 16.22.42\" data-src=\"https:\/\/www.apucarana.pr.gov.br\/site\/wp-content\/uploads\/2025\/03\/WhatsApp-Image-2025-03-25-at-16.22.42-1024x771.jpeg\" \/>\n\t<a href=\"https:\/\/www.apucarana.pr.gov.br\/site\/wp-content\/uploads\/2025\/03\/WhatsApp-Image-2025-03-25-at-16.22.42-1024x771.jpeg\" target=\"_self\"    >WhatsApp Image 2025-03-25 at 16.22.42<\/a>\n\n\n\t<img decoding=\"async\" class=\"ms-thumb\" src=\"https:\/\/www.apucarana.pr.gov.br\/site\/wp-content\/uploads\/2025\/03\/WhatsApp-Image-2025-03-25-at-16.22.42-1024x771-140x80.jpeg\" alt=\"WhatsApp Image 2025-03-25 at 16.22.42\" \/>\n\t\t\t\t<\/div>\n\t\t\t<div  class=\"ms-slide\" data-delay=\"3\"    >\n\t\t\t\t\t<img decoding=\"async\" src=\"https:\/\/www.apucarana.pr.gov.br\/site\/wp-content\/plugins\/masterslider\/public\/assets\/css\/blank.gif\" alt=\"WhatsApp Image 2025-03-25 at 16.22.41 (1)\" title=\"WhatsApp Image 2025-03-25 at 16.22.41 (1)\" data-src=\"https:\/\/www.apucarana.pr.gov.br\/site\/wp-content\/uploads\/2025\/03\/WhatsApp-Image-2025-03-25-at-16.22.41-1-1024x644.jpeg\" \/>\n\t<a href=\"https:\/\/www.apucarana.pr.gov.br\/site\/wp-content\/uploads\/2025\/03\/WhatsApp-Image-2025-03-25-at-16.22.41-1-1024x644.jpeg\" target=\"_self\"    >WhatsApp Image 2025-03-25 at 16.22.41 (1)<\/a>\n\n\n\t<img decoding=\"async\" class=\"ms-thumb\" src=\"https:\/\/www.apucarana.pr.gov.br\/site\/wp-content\/uploads\/2025\/03\/WhatsApp-Image-2025-03-25-at-16.22.41-1-1024x644-140x80.jpeg\" alt=\"WhatsApp Image 2025-03-25 at 16.22.41 (1)\" \/>\n\t\t\t\t<\/div>\n\t\t\t<div  class=\"ms-slide\" data-delay=\"3\"    >\n\t\t\t\t\t<img decoding=\"async\" src=\"https:\/\/www.apucarana.pr.gov.br\/site\/wp-content\/plugins\/masterslider\/public\/assets\/css\/blank.gif\" alt=\"WhatsApp Image 2025-03-25 at 16.22.41\" title=\"WhatsApp Image 2025-03-25 at 16.22.41\" data-src=\"https:\/\/www.apucarana.pr.gov.br\/site\/wp-content\/uploads\/2025\/03\/WhatsApp-Image-2025-03-25-at-16.22.41-1024x646.jpeg\" \/>\n\t<a href=\"https:\/\/www.apucarana.pr.gov.br\/site\/wp-content\/uploads\/2025\/03\/WhatsApp-Image-2025-03-25-at-16.22.41-1024x646.jpeg\" target=\"_self\"    >WhatsApp Image 2025-03-25 at 16.22.41<\/a>\n\n\n\t<img decoding=\"async\" class=\"ms-thumb\" src=\"https:\/\/www.apucarana.pr.gov.br\/site\/wp-content\/uploads\/2025\/03\/WhatsApp-Image-2025-03-25-at-16.22.41-1024x646-140x80.jpeg\" alt=\"WhatsApp Image 2025-03-25 at 16.22.41\" \/>\n\t\t\t\t<\/div>\n\n\t\t\t<\/div>\n\t\t\t<!-- END MasterSlider Main -->\n\n\t\t\t \n\t\t<\/div>\n\t\t<!-- END MasterSlider -->\n\n\t\t<script>\n\t\t( window.MSReady = window.MSReady || [] ).push( function( $ ) {\n\n\t\t\t\"use strict\";\n\t\t\tvar masterslider_d992 = new MasterSlider();\n\n\t\t\t\/\/ slider controls\n\t\t\tmasterslider_d992.control('arrows'     ,{ autohide:true, overVideo:true  });\n\t\t\tmasterslider_d992.control('thumblist'  ,{ autohide:false, overVideo:true, dir:'h', speed:17, inset:false, arrows:false, hover:false, customClass:'', align:'bottom',type:'thumbs', margin:2, width:140, height:80, space:2, fillMode:'fill'  });\n\t\t\t\/\/ slider setup\n\t\t\tmasterslider_d992.setup(\"MS69f5060c3d992\", {\n\t\t\t\twidth           : 960,\n\t\t\t\theight          : 540,\n\t\t\t\tminHeight       : 0,\n\t\t\t\tspace           : 0,\n\t\t\t\tstart           : 1,\n\t\t\t\tgrabCursor      : true,\n\t\t\t\tswipe           : true,\n\t\t\t\tmouse           : true,\n\t\t\t\tkeyboard        : false,\n\t\t\t\tlayout          : \"fillwidth\",\n\t\t\t\twheel           : false,\n\t\t\t\tautoplay        : true,\n                instantStartLayers:false,\n\t\t\t\tmobileBGVideo:false,\n\t\t\t\tloop            : true,\n\t\t\t\tshuffle         : false,\n\t\t\t\tpreload         : 3,\n\t\t\t\theightLimit     : false,\n\t\t\t\tautoHeight      : false,\n\t\t\t\tsmoothHeight    : true,\n\t\t\t\tendPause        : false,\n\t\t\t\toverPause       : false,\n\t\t\t\tfillMode        : \"fill\",\n\t\t\t\tcenterControls  : true,\n\t\t\t\tstartOnAppear   : false,\n\t\t\t\tlayersMode      : \"center\",\n\t\t\t\tautofillTarget  : \"\",\n\t\t\t\thideLayers      : false,\n\t\t\t\tfullscreenMargin: 0,\n\t\t\t\tspeed           : 17,\n\t\t\t\tdir             : \"h\",\n\t\t\t\tresponsive      : true,\n\t\t\t\ttabletWidth     : 768,\n\t\t\t\ttabletHeight    : null,\n\t\t\t\tphoneWidth      : 480,\n\t\t\t\tphoneHeight    : null,\n\t\t\t\tsizingReference : window,\n\t\t\t\tparallaxMode    : 'swipe',\n\t\t\t\tview            : \"basic\"\n\t\t\t});\n\n\t\t\t\n\t\t\twindow.masterslider_instances = window.masterslider_instances || [];\n\t\t\twindow.masterslider_instances.push( masterslider_d992 );\n\t\t});\n\t\t<\/script>\n\n\n<p>Atletas da Secretaria Municipal de Esportes da Prefeitura de Apucarana foram destaques nesse domingo (23\/03), na Corrida Kids, em Rol\u00e2ndia, durante a 10\u00aa edi\u00e7\u00e3o da prova pedestre em homenagem do \u201cDia Internacional da Mulher\u201d. A competi\u00e7\u00e3o teve largada e chegada em frente ao Gin\u00e1sio de Esportes Em\u00edlio Gomes e a equipe apucaranense conquistou cinco medalhas de ouro, sete de prata e tr\u00eas de bronze.<\/p>\n<p>O prefeito Rodolfo Mota informa que a Corrida Kids foi realizada pelas categorias sub-7, sub-9, sub-11, sub-13 e sub-15 (masculino e feminino). \u201cMais uma vez nossos atletas mostraram garra e determina\u00e7\u00e3o, representando muito bem Apucarana\u201d, parabenizou o prefeito.<\/p>\n<p>Foram campe\u00f5es em suas categorias os apucaranenses Adrian Rodrigues, Nathan Almeida Gerin, Emilly da Silva, Allana Rodrigues e Kethellyn Vit\u00f3ria de Lima. As medalhas de prata foram conquistadas por Enzo da Silva Morais, Leonardo Gon\u00e7alves, Matheus Henrique de Oliveira, Jo\u00e3o Vitor Neves Bernardo, Nathaly da Silva, Mirela Assis e Gabriela Vilsinski. J\u00e1 os atletas Yan Guilherme Freitas F\u00e9lix, Jo\u00e3o Miguel Marques da Silva e Alicia Rodrigues faturaram a medalha de bronze.<\/p>\n<p>Tamb\u00e9m competiram em Rol\u00e2ndia os atletas Cau\u00e3 Motta, Adryan Gomes, Pedro Bosso, Murilo Rian, Arthur Gustavo, Francisco Assun\u00e7\u00e3o, Kimberly Emanueli, Laura Ferraz e Kimberly da Silva, que s\u00e3o treinados pelos professores Jos\u00e9 Marcelino da Silva, o Grillo, e Luiz Henrique Pereira.<\/p>\n<p>Na prova de 6 quil\u00f4metros, Lourdes Maria de Jesus Oliveira foi campe\u00e3 na categoria de 60 a 69 anos e Maria Edurda ficou em segundo lugar na categoria de 15 a 19 anos.<\/p>\n<p>A competi\u00e7\u00e3o foi realizada pela Prefeitura de Rol\u00e2ndia, por meio das secretarias de Esportes, de Assist\u00eancia Social e de Cultura e Turismo.<\/p>\n","protected":false},"excerpt":{"rendered":"<p>Atletas da Secretaria Municipal de Esportes da Prefeitura de Apucarana foram destaques nesse domingo (23\/03), na Corrida Kids, em Rol&acirc;ndia, durante a 10&ordf; edi&ccedil;&atilde;o da prova pedestre em homenagem do &ldquo;Dia Internacional da Mulher&rdquo;. A competi&ccedil;&atilde;o teve largada e chegada em frente ao Gin&aacute;sio de Esportes Em&iacute;lio Gomes e a equipe apucaranense conquistou cinco medalhas [&hellip;]<\/p>\n","protected":false},"author":7,"featured_media":111498,"comment_status":"closed","ping_status":"closed","sticky":false,"template":"","format":"standard","meta":{"footnotes":""},"categories":[24],"tags":[],"class_list":["post-111494","post","type-post","status-publish","format-standard","has-post-thumbnail","hentry","category-noticias"],"acf":[],"_links":{"self":[{"href":"https:\/\/www.apucarana.pr.gov.br\/site\/wp-json\/wp\/v2\/posts\/111494","targetHints":{"allow":["GET"]}}],"collection":[{"href":"https:\/\/www.apucarana.pr.gov.br\/site\/wp-json\/wp\/v2\/posts"}],"about":[{"href":"https:\/\/www.apucarana.pr.gov.br\/site\/wp-json\/wp\/v2\/types\/post"}],"author":[{"embeddable":true,"href":"https:\/\/www.apucarana.pr.gov.br\/site\/wp-json\/wp\/v2\/users\/7"}],"replies":[{"embeddable":true,"href":"https:\/\/www.apucarana.pr.gov.br\/site\/wp-json\/wp\/v2\/comments?post=111494"}],"version-history":[{"count":1,"href":"https:\/\/www.apucarana.pr.gov.br\/site\/wp-json\/wp\/v2\/posts\/111494\/revisions"}],"predecessor-version":[{"id":111504,"href":"https:\/\/www.apucarana.pr.gov.br\/site\/wp-json\/wp\/v2\/posts\/111494\/revisions\/111504"}],"wp:featuredmedia":[{"embeddable":true,"href":"https:\/\/www.apucarana.pr.gov.br\/site\/wp-json\/wp\/v2\/media\/111498"}],"wp:attachment":[{"href":"https:\/\/www.apucarana.pr.gov.br\/site\/wp-json\/wp\/v2\/media?parent=111494"}],"wp:term":[{"taxonomy":"category","embeddable":true,"href":"https:\/\/www.apucarana.pr.gov.br\/site\/wp-json\/wp\/v2\/categories?post=111494"},{"taxonomy":"post_tag","embeddable":true,"href":"https:\/\/www.apucarana.pr.gov.br\/site\/wp-json\/wp\/v2\/tags?post=111494"}],"curies":[{"name":"wp","href":"https:\/\/api.w.org\/{rel}","templated":true}]}}