{"id":9798,"date":"2017-09-25T11:45:43","date_gmt":"2017-09-25T14:45:43","guid":{"rendered":"http:\/\/172.16.0.7\/site-antigo\/?p=9798"},"modified":"2024-10-08T09:14:32","modified_gmt":"2024-10-08T12:14:32","slug":"cerca-de-350-pessoas-participam-da-caminhada-da-juruba","status":"publish","type":"post","link":"http:\/\/www.apucarana.pr.gov.br\/site\/cerca-de-350-pessoas-participam-da-caminhada-da-juruba\/","title":{"rendered":"Cerca de 350 pessoas participam da caminhada da Juruba"},"content":{"rendered":"<p style=\"text-align: justify;background: white;vertical-align: baseline;margin: 0cm 0cm 11.25pt 0cm\"><span style=\"font-size: 13.5pt;font-family: 'Helvetica','sans-serif';color: #333333\">O mais importante n\u00e3o \u00e9 a velocidade da caminhada, mas os momentos de contempla\u00e7\u00e3o da natureza e de intera\u00e7\u00e3o entre os participantes. Com esta filosofia foi realizada, no \u00faltimo domingo, a 8\u00aa edi\u00e7\u00e3o da Caminhada Internacional da Juruba.<\/span><\/p>\n<p style=\"text-align: justify;background: white;vertical-align: baseline;margin: 0cm 0cm 11.25pt 0cm\"><span style=\"font-size: 13.5pt;font-family: 'Helvetica','sans-serif';color: #333333\">De acordo com Samara Oscar, diretora municipal de Turismo, a caminhada atraiu participantes de Maring\u00e1, Londrina, Pai\u00e7andu, Sarandi, Jandaia do Sul, Rol\u00e2ndia, Arapongas, Mau\u00e1 da Serra e Apucarana.<\/span><\/p>\n<p style=\"text-align: justify;background: white;vertical-align: baseline;margin: 0cm 0cm 11.25pt 0cm\"><span style=\"font-size: 13.5pt;font-family: 'Helvetica','sans-serif';color: #333333\">O in\u00edcio da atividade aconteceu na Pra\u00e7a Valmor Santos Giavarina (Pra\u00e7a da Cascata), onde os inscritos fizeram um alongamento monitorado por dois professores de educa\u00e7\u00e3o f\u00edsica. \u201cDepois, eles foram transportados de \u00f4nibus at\u00e9 o S\u00edtio Bertasso, onde foi servido um caf\u00e9 da manh\u00e3 por ades\u00e3o e teve in\u00edcio a caminhada\u201d, conta Samara.<\/span><\/p>\n<p style=\"text-align: justify;background: white;vertical-align: baseline;margin: 0cm 0cm 11.25pt 0cm\"><span style=\"font-size: 13.5pt;font-family: 'Helvetica','sans-serif';color: #333333\">O percurso de 8 quil\u00f4metros, que terminou na Esta\u00e7\u00e3o Ecol\u00f3gica Mina D\u00b4\u00c1gua, foi percorrido com o tempo de 1h30 e de at\u00e9 2h30. \u201cH\u00e1 participantes de todas as idades e com preparo f\u00edsico em n\u00edveis diferentes. Por\u00e9m, o que menos importa neste tipo de caminhada \u00e9 a velocidade, mas a contempla\u00e7\u00e3o da natureza\u201d, frisa.<\/span><\/p>\n<p style=\"text-align: justify;background: white;vertical-align: baseline;margin: 0cm 0cm 11.25pt 0cm\"><span style=\"font-size: 13.5pt;font-family: 'Helvetica','sans-serif';color: #333333\">Conforme Samara, a atividade \u00e9 tamb\u00e9m um incentivo aos produtores rurais e ao artesanato. \u201cAl\u00e9m do caf\u00e9 da manh\u00e3 e do almo\u00e7o servidos em propriedades rurais, os participantes puderam ainda comprar produtos das feiras de Economia<br \/>\nSolid\u00e1ria e tamb\u00e9m da agricultura familiar\u201d, observa Samara. <\/span><\/p>\n<p style=\"text-align: justify;background: white;vertical-align: baseline;margin: 0cm 0cm 11.25pt 0cm\"><span style=\"font-size: 13.5pt;font-family: 'Helvetica','sans-serif';color: #333333\">A Caminhada Internacional da Juruba \u00e9 um circuito credenciado junto ao projeto Caminhadas da Natureza do Paran\u00e1, Federa\u00e7\u00e3o Internacional dos Esportes Populares e Anda Brasil. O evento contou com o apoio das autarquias municipais da Educa\u00e7\u00e3o (AME) e da Sa\u00fade (AMS), Guarda Municipal de Apucarana (GMA), Corpo de Bombeiros, Rede TRAF (Rede de Turismo Rural na Agricultura Familiar) e escrit\u00f3rio regional da Secretaria de Estado da Agricultura e Abastecimento (Seab).<\/span><\/p>\n<p style=\"text-align: justify;background: white;vertical-align: baseline;margin: 0cm 0cm 11.25pt 0cm\"><span style=\"font-size: 13.5pt;font-family: 'Helvetica','sans-serif';color: #333333\">\u00a0<\/span><\/p>\n","protected":false},"excerpt":{"rendered":"<p>Evento reuniu caminhantes de Maring\u00e1, Londrina, Pai\u00e7andu, Sarandi, Jandaia do Sul, Rol\u00e2ndia, Arapongas, Mau\u00e1 da Serra e Apucarana. (Foto: Josias Profeta)<\/p>\n","protected":false},"author":4,"featured_media":9806,"comment_status":"closed","ping_status":"open","sticky":false,"template":"","format":"standard","meta":{"footnotes":""},"categories":[24],"tags":[],"class_list":["post-9798","post","type-post","status-publish","format-standard","has-post-thumbnail","hentry","category-noticias"],"acf":[],"_links":{"self":[{"href":"http:\/\/www.apucarana.pr.gov.br\/site\/wp-json\/wp\/v2\/posts\/9798","targetHints":{"allow":["GET"]}}],"collection":[{"href":"http:\/\/www.apucarana.pr.gov.br\/site\/wp-json\/wp\/v2\/posts"}],"about":[{"href":"http:\/\/www.apucarana.pr.gov.br\/site\/wp-json\/wp\/v2\/types\/post"}],"author":[{"embeddable":true,"href":"http:\/\/www.apucarana.pr.gov.br\/site\/wp-json\/wp\/v2\/users\/4"}],"replies":[{"embeddable":true,"href":"http:\/\/www.apucarana.pr.gov.br\/site\/wp-json\/wp\/v2\/comments?post=9798"}],"version-history":[{"count":1,"href":"http:\/\/www.apucarana.pr.gov.br\/site\/wp-json\/wp\/v2\/posts\/9798\/revisions"}],"predecessor-version":[{"id":102026,"href":"http:\/\/www.apucarana.pr.gov.br\/site\/wp-json\/wp\/v2\/posts\/9798\/revisions\/102026"}],"wp:featuredmedia":[{"embeddable":true,"href":"http:\/\/www.apucarana.pr.gov.br\/site\/wp-json\/"}],"wp:attachment":[{"href":"http:\/\/www.apucarana.pr.gov.br\/site\/wp-json\/wp\/v2\/media?parent=9798"}],"wp:term":[{"taxonomy":"category","embeddable":true,"href":"http:\/\/www.apucarana.pr.gov.br\/site\/wp-json\/wp\/v2\/categories?post=9798"},{"taxonomy":"post_tag","embeddable":true,"href":"http:\/\/www.apucarana.pr.gov.br\/site\/wp-json\/wp\/v2\/tags?post=9798"}],"curies":[{"name":"wp","href":"https:\/\/api.w.org\/{rel}","templated":true}]}}