{"id":9787,"date":"2017-09-22T16:37:34","date_gmt":"2017-09-22T19:37:34","guid":{"rendered":"http:\/\/172.16.0.7\/site-antigo\/?p=9787"},"modified":"2024-10-08T09:14:32","modified_gmt":"2024-10-08T12:14:32","slug":"hospital-da-providencia-recebe-equipamentos-cirurgicos","status":"publish","type":"post","link":"http:\/\/www.apucarana.pr.gov.br\/site\/hospital-da-providencia-recebe-equipamentos-cirurgicos\/","title":{"rendered":"Hospital da Provid\u00eancia recebe equipamentos cir\u00fargicos"},"content":{"rendered":"<p>A dire\u00e7\u00e3o do Hospital da Provid\u00eancia oficializou hoje (22) a entrega de equipamentos para o centro cir\u00fargico adquiridos atrav\u00e9s de emenda parlamentar do deputado estadual Ratinho J\u00fanior, no valor de R$ 500 mil. Com o recurso foram comprados dois carrinhos de anestesia, um aparelho arco cir\u00fargico e dois monitores multipar\u00e2metros.<br \/>\nA solenidade foi marcada por pronunciamentos de agradecimento a Ratinho Junior. \u201cAgrade\u00e7o n\u00e3o s\u00f3 a destina\u00e7\u00e3o deste recurso, mas por todo apoio que recebemos no decorrer do seu mandato\u201d, afirmou a diretora geral do Hospital da Provid\u00eancia, irm\u00e3 Giovana Aparecida Ramos.<br \/>\n\u201cEsse recurso resolveu um problema s\u00e9rio que era a falta do arco cir\u00fargico e os dois carrinhos de anestesia que sustentam a vida do paciente durante a cirurgia. S\u00e3o equipamentos que fazem a diferen\u00e7a na seguran\u00e7a dos nossos pacientes\u201d, destacou irm\u00e3 Giovana.<br \/>\nLembrado pela dire\u00e7\u00e3o do hospital como grande articulador na busca de recursos para a institui\u00e7\u00e3o, o prefeito Beto Preto deu \u00eanfase a abrang\u00eancia regional do Hospital da Provid\u00eancia. \u201cAjudar o Hospital da Provid\u00eancia de Apucarana \u00e9 uma demonstra\u00e7\u00e3o de apoio a popula\u00e7\u00e3o de toda uma regi\u00e3o e \u00e9 isso que encontramos no deputado estadual Ratinho Junior, que j\u00e1 destinou tr\u00eas emendas parlamentares para essa institui\u00e7\u00e3o\u201d, disse Beto Preto.<br \/>\nO prefeito Beto Preto lembrou o investimento que o hospital vem realizando em equipamentos e nas instala\u00e7\u00f5es f\u00edsicas, como a constru\u00e7\u00e3o que vai ocupar o terceiro piso do atual pr\u00e9dio para abrigar o Hospital da Provid\u00eancia Materno Infantil, que hoje funciona em pr\u00e9dio alugado.<br \/>\nO deputado Ratinho Junior refor\u00e7ou a posi\u00e7\u00e3o de manter o seu apoio ao hospital. \u201cN\u00e3o fiz mais que minha obriga\u00e7\u00e3o ao destinar o recurso dessa emenda de R$ 500 mil para esse hospital. \u00c9 preciso fazer o que \u00e9 poss\u00edvel para facilitar o trabalho dos profissionais de sa\u00fade. O que fazemos para o hospital estamos fazendo para a popula\u00e7\u00e3o de Apucarana e de toda uma regi\u00e3o\u201d, afirmou Ratinho J\u00fanior.<br \/>\nO Hospital da Provid\u00eancia realiza cerca de 500 cirurgias por m\u00eas e tem 85% de todo seu atendimento voltado para o Sistema \u00danico de Sa\u00fade (SUS).<br \/>\n&nbsp;<br \/>\n&nbsp;<\/p>\n","protected":false},"excerpt":{"rendered":"<p>Arco cir\u00fargico, carrinhos de anestesia e monitores multipar\u00e2metros foram adquiridos com recursos de emenda do deputado estadual Ratinho J\u00fanior  (Fotos &#8211; Profeta)<\/p>\n","protected":false},"author":4,"featured_media":9788,"comment_status":"closed","ping_status":"open","sticky":false,"template":"","format":"standard","meta":{"footnotes":""},"categories":[24],"tags":[],"class_list":["post-9787","post","type-post","status-publish","format-standard","has-post-thumbnail","hentry","category-noticias"],"acf":[],"_links":{"self":[{"href":"http:\/\/www.apucarana.pr.gov.br\/site\/wp-json\/wp\/v2\/posts\/9787","targetHints":{"allow":["GET"]}}],"collection":[{"href":"http:\/\/www.apucarana.pr.gov.br\/site\/wp-json\/wp\/v2\/posts"}],"about":[{"href":"http:\/\/www.apucarana.pr.gov.br\/site\/wp-json\/wp\/v2\/types\/post"}],"author":[{"embeddable":true,"href":"http:\/\/www.apucarana.pr.gov.br\/site\/wp-json\/wp\/v2\/users\/4"}],"replies":[{"embeddable":true,"href":"http:\/\/www.apucarana.pr.gov.br\/site\/wp-json\/wp\/v2\/comments?post=9787"}],"version-history":[{"count":1,"href":"http:\/\/www.apucarana.pr.gov.br\/site\/wp-json\/wp\/v2\/posts\/9787\/revisions"}],"predecessor-version":[{"id":102027,"href":"http:\/\/www.apucarana.pr.gov.br\/site\/wp-json\/wp\/v2\/posts\/9787\/revisions\/102027"}],"wp:featuredmedia":[{"embeddable":true,"href":"http:\/\/www.apucarana.pr.gov.br\/site\/wp-json\/"}],"wp:attachment":[{"href":"http:\/\/www.apucarana.pr.gov.br\/site\/wp-json\/wp\/v2\/media?parent=9787"}],"wp:term":[{"taxonomy":"category","embeddable":true,"href":"http:\/\/www.apucarana.pr.gov.br\/site\/wp-json\/wp\/v2\/categories?post=9787"},{"taxonomy":"post_tag","embeddable":true,"href":"http:\/\/www.apucarana.pr.gov.br\/site\/wp-json\/wp\/v2\/tags?post=9787"}],"curies":[{"name":"wp","href":"https:\/\/api.w.org\/{rel}","templated":true}]}}