{"id":9783,"date":"2017-09-22T16:25:14","date_gmt":"2017-09-22T19:25:14","guid":{"rendered":"http:\/\/172.16.0.7\/site-antigo\/?p=9783"},"modified":"2024-10-08T09:14:33","modified_gmt":"2024-10-08T12:14:33","slug":"voz-do-brasil-ouve-beto-preto-sobre-investimentos-do-ministerio-da-saude","status":"publish","type":"post","link":"http:\/\/www.apucarana.pr.gov.br\/site\/voz-do-brasil-ouve-beto-preto-sobre-investimentos-do-ministerio-da-saude\/","title":{"rendered":"Voz do Brasil ouve Beto Preto sobre investimentos do Minist\u00e9rio da Sa\u00fade"},"content":{"rendered":"<p>O prefeito de Apucarana e vice-presidente de Sa\u00fade P\u00fablica da Frente Nacional de Prefeitos (FNP, Beto Preto (PSD), foi entrevistado ontem sobre novos investimentos anunciados pelo Minist\u00e9rio da Sa\u00fade. O titular da pasta, o paranaense Ricardo Barros, anunciou a libera\u00e7\u00e3o de R$ 520 milh\u00f5es para aquisi\u00e7\u00e3o de 6,5 mil ambul\u00e2ncias brancas usadas no transporte sanit\u00e1rio.<br \/>\nOs ve\u00edculos ser\u00e3o usados no transporte de pacientes que necessitam de locomo\u00e7\u00e3o para os servi\u00e7os de sa\u00fade, al\u00e9m de garantir o transporte de pacientes entre munic\u00edpios e servi\u00e7os de refer\u00eancia em outras cidades. Essa a\u00e7\u00e3o facilita o acesso a consultas, exames e interna\u00e7\u00e3o para cirurgias eletivas, beneficiando diretamente milh\u00f5es de pessoas em todo o Brasil.<br \/>\n\u201cEm julho, j\u00e1 hav\u00edamos anunciados a compra dessas ambul\u00e2ncias. Agora, estamos oficializando esse compromisso com todo o Brasil, uma vez que os 5.570 munic\u00edpios est\u00e3o aptos a receber as novas ambul\u00e2ncias, desde que tenham indica\u00e7\u00e3o parlamentar. Vamos priorizar, nesse momento, os munic\u00edpios menores, porque s\u00e3o as regi\u00f5es que mais precisam de aten\u00e7\u00e3o e investimento na \u00e1rea de sa\u00fade nesse momento\u201d, explicou o ministro da Sa\u00fade, Ricardo Barros.<br \/>\nO programa radiof\u00f4nico \u201cA voz do Brasil\u201d, editado pela Rede Brasil de Comunica\u00e7\u00e3o (EBC) repercutiu com o m\u00e9dico e prefeito de Apucarana, no Paran\u00e1 &#8211; na condi\u00e7\u00e3o de vice-presidente nacional de sa\u00fade da FNP -, sobre o novo investimento do Minist\u00e9rio da Sa\u00fade. \u201cTrata-se de uma importante medida, que ir\u00e1 beneficiar os pequenos e m\u00e9dios munic\u00edpios brasileiros, principalmente do interior, que t\u00eam maior dificuldade no transporte de pacientes para cirurgias, exames e outros procedimentos em centros de refer\u00eancia\u201d, avaliou Beto Preto.<br \/>\nDISTRIBUI\u00c7\u00c3O &#8211; Ainda dentro do crit\u00e9rio de distribui\u00e7\u00e3o, os munic\u00edpios que tiverem at\u00e9 20 mil habitantes poder\u00e3o receber uma ambul\u00e2ncia; os que tiverem de 21 mil a 50 mil, at\u00e9 duas; os que tiverem de 51 mil a 100 mil, at\u00e9 tr\u00eas, e os munic\u00edpios que tiverem mais de 100 mil habitantes poder\u00e3o receber at\u00e9 quatro ambul\u00e2ncias.<br \/>\nPortaria publicada nesta semana regulamenta o investimento para aquisi\u00e7\u00e3o desses ve\u00edculos utilizando recursos program\u00e1ticos da pasta, o que facilita o acesso da gest\u00e3o local \u00e0 amplia\u00e7\u00e3o desses servi\u00e7os, de forma menos burocr\u00e1tica e mais \u00e1gil, tendo em vista que at\u00e9 ent\u00e3o esse tipo de ambul\u00e2ncia s\u00f3 poderia ser adquirida por meio de emendas parlamentares. A compra ser\u00e1 feita pelo Minist\u00e9rio da Sa\u00fade, de forma centralizada, e a distribui\u00e7\u00e3o aos munic\u00edpios se dar\u00e1 de acordo com crit\u00e9rios a serem estabelecidos.<br \/>\nOu\u00e7a a entrevista:<br \/>\nhttps:\/\/soundcloud.com\/prefeitura-municipal-apucarana\/beto-preto-voz-do-brasil<\/p>\n","protected":false},"excerpt":{"rendered":"<p>Ministro Ricardo Barros anuncia R$ 520 milh\u00f5es para compra de 6.500 ambul\u00e2ncias e ve\u00edculos de transporte sanit\u00e1rio (Foto: divulga\u00e7\u00e3o)<\/p>\n","protected":false},"author":4,"featured_media":9785,"comment_status":"closed","ping_status":"open","sticky":false,"template":"","format":"standard","meta":{"footnotes":""},"categories":[24],"tags":[],"class_list":["post-9783","post","type-post","status-publish","format-standard","has-post-thumbnail","hentry","category-noticias"],"acf":[],"_links":{"self":[{"href":"http:\/\/www.apucarana.pr.gov.br\/site\/wp-json\/wp\/v2\/posts\/9783","targetHints":{"allow":["GET"]}}],"collection":[{"href":"http:\/\/www.apucarana.pr.gov.br\/site\/wp-json\/wp\/v2\/posts"}],"about":[{"href":"http:\/\/www.apucarana.pr.gov.br\/site\/wp-json\/wp\/v2\/types\/post"}],"author":[{"embeddable":true,"href":"http:\/\/www.apucarana.pr.gov.br\/site\/wp-json\/wp\/v2\/users\/4"}],"replies":[{"embeddable":true,"href":"http:\/\/www.apucarana.pr.gov.br\/site\/wp-json\/wp\/v2\/comments?post=9783"}],"version-history":[{"count":1,"href":"http:\/\/www.apucarana.pr.gov.br\/site\/wp-json\/wp\/v2\/posts\/9783\/revisions"}],"predecessor-version":[{"id":102028,"href":"http:\/\/www.apucarana.pr.gov.br\/site\/wp-json\/wp\/v2\/posts\/9783\/revisions\/102028"}],"wp:featuredmedia":[{"embeddable":true,"href":"http:\/\/www.apucarana.pr.gov.br\/site\/wp-json\/"}],"wp:attachment":[{"href":"http:\/\/www.apucarana.pr.gov.br\/site\/wp-json\/wp\/v2\/media?parent=9783"}],"wp:term":[{"taxonomy":"category","embeddable":true,"href":"http:\/\/www.apucarana.pr.gov.br\/site\/wp-json\/wp\/v2\/categories?post=9783"},{"taxonomy":"post_tag","embeddable":true,"href":"http:\/\/www.apucarana.pr.gov.br\/site\/wp-json\/wp\/v2\/tags?post=9783"}],"curies":[{"name":"wp","href":"https:\/\/api.w.org\/{rel}","templated":true}]}}