{"id":9780,"date":"2017-09-22T16:10:56","date_gmt":"2017-09-22T19:10:56","guid":{"rendered":"http:\/\/172.16.0.7\/site-antigo\/?p=9780"},"modified":"2024-10-08T09:14:33","modified_gmt":"2024-10-08T12:14:33","slug":"saude-realiza-concurso-publico-neste-domingo","status":"publish","type":"post","link":"http:\/\/www.apucarana.pr.gov.br\/site\/saude-realiza-concurso-publico-neste-domingo\/","title":{"rendered":"Sa\u00fade realiza concurso p\u00fablico neste domingo"},"content":{"rendered":"<p>Com 957 inscritos, a Autarquia Municipal de Sa\u00fade (AMS) realiza neste domingo (24) o concurso p\u00fablico para 13 vagas, sendo seis para m\u00e9dicos, uma para dentista, tr\u00eas para enfermeiros e tr\u00eas para t\u00e9cnicos em enfermagem. As provas acontecem no Col\u00e9gio Estadual Izidoro Luiz Cer\u00e1volo e no Col\u00e9gio Estadual Santos Dumont.<br \/>\nO candidato dever\u00e1 comparecer com anteced\u00eancia m\u00ednima de 45 (quarenta e cinco) minutos do hor\u00e1rio fixado para o fechamento do port\u00e3o, programado para acontecer \u00e0s 7h45. \u00c9 exigida caneta esferogr\u00e1fica transparente de tinta azul ou preta, bem como apresentar documento oficial de identifica\u00e7\u00e3o com foto e o Cart\u00e3o de Informa\u00e7\u00e3o do Candidato, impresso atrav\u00e9s do endere\u00e7o eletr\u00f4nico <a href=\"http:\/\/www.concursosfau.com.br\">www.concursosfau.com.br<\/a>.<br \/>\nO n\u00famero de inscritos por cargo \u00e9 de 194 candidatos para dentista; 391 candidatos para enfermeiro; 284 candidatos para t\u00e9cnico em enfermagem; e 88 para m\u00e9dicos. Com carga hor\u00e1ria de 20 horas semanais, o sal\u00e1rio para m\u00e9dicos \u00e9 de R$ 5.056,80. J\u00e1 para as demais profiss\u00f5es o per\u00edodo de trabalho semanal \u00e9 de 40 horas com o sal\u00e1rio de R$ 6.544,99 para dentista; R$ 3.678,12 para enfermeiros e de 1.897,00 para t\u00e9cnicos em enfermagem.<br \/>\nO gabarito preliminar e o caderno de quest\u00f5es da prova objetiva ser\u00e3o divulgados na segunda-feira (25), \u00e0s 19 horas, no endere\u00e7o eletr\u00f4nico www.concursosfau.com.br.<br \/>\n&nbsp;<br \/>\n&nbsp;<br \/>\n&nbsp;<br \/>\n&nbsp;<br \/>\n&nbsp;<\/p>\n","protected":false},"excerpt":{"rendered":"<p>Provas acontecem no Col\u00e9gio Estadual Izidoro Luiz Cer\u00e1volo e no Col\u00e9gio Estadual Santos Dumont (Foto &#8211; Edson Denobi)<\/p>\n","protected":false},"author":4,"featured_media":9781,"comment_status":"closed","ping_status":"open","sticky":false,"template":"","format":"standard","meta":{"footnotes":""},"categories":[24],"tags":[],"class_list":["post-9780","post","type-post","status-publish","format-standard","has-post-thumbnail","hentry","category-noticias"],"acf":[],"_links":{"self":[{"href":"http:\/\/www.apucarana.pr.gov.br\/site\/wp-json\/wp\/v2\/posts\/9780","targetHints":{"allow":["GET"]}}],"collection":[{"href":"http:\/\/www.apucarana.pr.gov.br\/site\/wp-json\/wp\/v2\/posts"}],"about":[{"href":"http:\/\/www.apucarana.pr.gov.br\/site\/wp-json\/wp\/v2\/types\/post"}],"author":[{"embeddable":true,"href":"http:\/\/www.apucarana.pr.gov.br\/site\/wp-json\/wp\/v2\/users\/4"}],"replies":[{"embeddable":true,"href":"http:\/\/www.apucarana.pr.gov.br\/site\/wp-json\/wp\/v2\/comments?post=9780"}],"version-history":[{"count":1,"href":"http:\/\/www.apucarana.pr.gov.br\/site\/wp-json\/wp\/v2\/posts\/9780\/revisions"}],"predecessor-version":[{"id":102029,"href":"http:\/\/www.apucarana.pr.gov.br\/site\/wp-json\/wp\/v2\/posts\/9780\/revisions\/102029"}],"wp:featuredmedia":[{"embeddable":true,"href":"http:\/\/www.apucarana.pr.gov.br\/site\/wp-json\/"}],"wp:attachment":[{"href":"http:\/\/www.apucarana.pr.gov.br\/site\/wp-json\/wp\/v2\/media?parent=9780"}],"wp:term":[{"taxonomy":"category","embeddable":true,"href":"http:\/\/www.apucarana.pr.gov.br\/site\/wp-json\/wp\/v2\/categories?post=9780"},{"taxonomy":"post_tag","embeddable":true,"href":"http:\/\/www.apucarana.pr.gov.br\/site\/wp-json\/wp\/v2\/tags?post=9780"}],"curies":[{"name":"wp","href":"https:\/\/api.w.org\/{rel}","templated":true}]}}