{"id":9767,"date":"2017-09-22T15:08:14","date_gmt":"2017-09-22T18:08:14","guid":{"rendered":"http:\/\/172.16.0.7\/site-antigo\/?p=9767"},"modified":"2024-10-08T09:14:33","modified_gmt":"2024-10-08T12:14:33","slug":"portadores-de-deficiencia-mostram-suas-aptidoes","status":"publish","type":"post","link":"http:\/\/www.apucarana.pr.gov.br\/site\/portadores-de-deficiencia-mostram-suas-aptidoes\/","title":{"rendered":"Portadores de defici\u00eancia mostram suas aptid\u00f5es"},"content":{"rendered":"<p>No evento comemorativo ao Dia Nacional de Luta da Pessoa com Defici\u00eancia, alunos da Apae foram aplaudidos em p\u00e9 pelo p\u00fablico. A data \u00e9 21 de setembro, mas foi comemorada nesta sexta-feira (22\/09), na sede da Associa\u00e7\u00e3o dos Deficientes F\u00edsicos de Apucarana (Adefiap). Os estudantes foram convidados para abrilhantar o caf\u00e9 da manh\u00e3, apresentando as suas aptid\u00f5es nas \u00e1reas da dan\u00e7a e m\u00fasica.<br \/>\nO autista Marcos Henrique Pires interpretou \u201cNew York\u201d, de Frank Sinatra. A apresenta\u00e7\u00e3o foi complementada por colegas da institui\u00e7\u00e3o de ensino, que entraram no ritmo da percuss\u00e3o e realizaram movimentos de ilus\u00e3o de \u00f3tica. O grupo integra o Projeto M\u00fasica e Movimento, coordenado pelas professoras Josicl\u00e9cia Oliveira e Giseli Travain.<br \/>\nFamiliares tamb\u00e9m fizeram parte da apresenta\u00e7\u00e3o. A tecladista Vanessa Machado, que \u00e9 m\u00e3e de uma pessoa com defici\u00eancia, tocou o Hino Nacional e o Hino da Apae, que foram cantados pela professora Josicl\u00e9cia e pelos estudantes.<br \/>\nCada integrante do grupo estava vestido com roupas com metade na cor preta e a outra, na cor branca. \u201cO preto simboliza as dificuldades e o branco as vit\u00f3rias, as conquistas. O Marcos, que \u00e9 autista, conseguiu olhar o p\u00fablico de frente e mostrar o seu potencial, assim como fizeram os demais estudantes. A data significa isso: que apesar das tristezas e das dificuldades, as pessoas portadoras de defici\u00eancia ficam com o sentimento do n\u00f3s podemos, n\u00f3s conseguimos\u201d, frisa Izabel Ortega, diretora da Apae.<br \/>\nO prefeito de Apucarana, Beto Preto, enalteceu o trabalho da Adefiap e da Apae. \u201cS\u00e3o portas abertas para a vida, que levam as pessoas, familiares e comunidade a acreditar, sendo um est\u00edmulo para que continuem a caminhada, passando pelas experi\u00eancias que a vida traz\u201d, frisa.<br \/>\nConforme Beto Preto, a Prefeitura j\u00e1 implantou 900 rampas de acessibilidade em passeios p\u00fablicos. \u201cEntretanto, a principal obra est\u00e1 na opini\u00e3o p\u00fablica, no entendimento de que as pessoas devem ser cada vez mais acolhedoras, solid\u00e1rias e de que o respeito aos direitos \u00e9 fundamental\u201d, pondera.<br \/>\nO Dia Nacional de Luta da Pessoa com Defici\u00eancia foi institu\u00eddo por lei em 2005. \u201cAcreditamos que lutar pelas causas das pessoas com defici\u00eancia \u00e9 um trabalho di\u00e1rio, sendo o 21 de setembro um marco para reflex\u00e3o e a busca por novas solu\u00e7\u00f5es. Afinal, apesar das conquistas recentes, a desigualdade, a exclus\u00e3o, o preconceito e a falta de acesso a servi\u00e7os ainda continuam enormes\u201d, avalia Paulo Ant\u00f4nio da Silva, presidente da Adefiap.<br \/>\nO evento contou ainda com a presen\u00e7a de Rodrigo Lievore, gerente da Ag\u00eancia do Trabalhador, que divulgou o Dia D de inclus\u00e3o do portador de defici\u00eancia no mercado de trabalho, que acontecer\u00e1 nacionalmente e tamb\u00e9m em Apucarana no dia 29 de setembro. Estiveram ainda presentes no caf\u00e9 da manh\u00e3 a secret\u00e1ria municipal de Assist\u00eancia Social, Ana Paula Nazarko, e a vereadora M\u00e1rcia Sousa.<\/p>\n","protected":false},"excerpt":{"rendered":"<p>Em evento comemorativo ao Dia Nacional de Luta da Pessoa com Defici\u00eancia, na Adefiap, alunos da Apae foram aplaudidos em p\u00e9 pelo p\u00fablico (Foto: Edson Denobi)<\/p>\n","protected":false},"author":4,"featured_media":9769,"comment_status":"closed","ping_status":"open","sticky":false,"template":"","format":"standard","meta":{"footnotes":""},"categories":[24],"tags":[],"class_list":["post-9767","post","type-post","status-publish","format-standard","has-post-thumbnail","hentry","category-noticias"],"acf":[],"_links":{"self":[{"href":"http:\/\/www.apucarana.pr.gov.br\/site\/wp-json\/wp\/v2\/posts\/9767","targetHints":{"allow":["GET"]}}],"collection":[{"href":"http:\/\/www.apucarana.pr.gov.br\/site\/wp-json\/wp\/v2\/posts"}],"about":[{"href":"http:\/\/www.apucarana.pr.gov.br\/site\/wp-json\/wp\/v2\/types\/post"}],"author":[{"embeddable":true,"href":"http:\/\/www.apucarana.pr.gov.br\/site\/wp-json\/wp\/v2\/users\/4"}],"replies":[{"embeddable":true,"href":"http:\/\/www.apucarana.pr.gov.br\/site\/wp-json\/wp\/v2\/comments?post=9767"}],"version-history":[{"count":1,"href":"http:\/\/www.apucarana.pr.gov.br\/site\/wp-json\/wp\/v2\/posts\/9767\/revisions"}],"predecessor-version":[{"id":102030,"href":"http:\/\/www.apucarana.pr.gov.br\/site\/wp-json\/wp\/v2\/posts\/9767\/revisions\/102030"}],"wp:featuredmedia":[{"embeddable":true,"href":"http:\/\/www.apucarana.pr.gov.br\/site\/wp-json\/"}],"wp:attachment":[{"href":"http:\/\/www.apucarana.pr.gov.br\/site\/wp-json\/wp\/v2\/media?parent=9767"}],"wp:term":[{"taxonomy":"category","embeddable":true,"href":"http:\/\/www.apucarana.pr.gov.br\/site\/wp-json\/wp\/v2\/categories?post=9767"},{"taxonomy":"post_tag","embeddable":true,"href":"http:\/\/www.apucarana.pr.gov.br\/site\/wp-json\/wp\/v2\/tags?post=9767"}],"curies":[{"name":"wp","href":"https:\/\/api.w.org\/{rel}","templated":true}]}}