{"id":9755,"date":"2017-09-22T08:45:44","date_gmt":"2017-09-22T11:45:44","guid":{"rendered":"http:\/\/172.16.0.7\/site-antigo\/?p=9755"},"modified":"2024-10-08T09:14:33","modified_gmt":"2024-10-08T12:14:33","slug":"prefeito-beto-preto-participa-da-comemoracao-pelos-70-anos-da-secretaria-de-estado-da-educacao","status":"publish","type":"post","link":"http:\/\/www.apucarana.pr.gov.br\/site\/prefeito-beto-preto-participa-da-comemoracao-pelos-70-anos-da-secretaria-de-estado-da-educacao\/","title":{"rendered":"Prefeito Beto Preto participa da comemora\u00e7\u00e3o pelos 70 anos da Secretaria de Estado da Educa\u00e7\u00e3o"},"content":{"rendered":"<p>O prefeito Beto Preto e a secret\u00e1ria municipal de Educa\u00e7\u00e3o, Marli Fernandes, participaram das comemora\u00e7\u00f5es pelos 70 anos de hist\u00f3ria da Secretaria de Estado da Educa\u00e7\u00e3o e pelos 33 anos do N\u00facleo Regional de Educa\u00e7\u00e3o de Apucarana. A solenidade foi realizada, na tarde de ontem (21\/9), no Cine Teatro F\u00eanix.<br \/>\nA SEED \u00e9 respons\u00e1vel por ofertar, de forma gratuita e com qualidade social, \u00e0s crian\u00e7as e aos adolescentes dos 399 munic\u00edpios do Paran\u00e1, os anos finais do Ensino Fundamental, o Ensino M\u00e9dio, o Ensino Profissionalizante e a e Educa\u00e7\u00e3o de Jovens e Adultos (fase II). O \u00f3rg\u00e3o exerce essa fun\u00e7\u00e3o por meio de 32 N\u00facleos Regionais de Educa\u00e7\u00e3o.<br \/>\nA rede estadual de Educa\u00e7\u00e3o \u00e9 formada por 2.100 escolas e tem atualmente cerca de 100 mil profissionais e mais de 1 milh\u00e3o de alunos. \u201cGra\u00e7as aos esfor\u00e7os de cada colaborador da SEED, o Paran\u00e1 \u00e9 considerado o terceiro melhor estado do pa\u00eds para se viver. Parab\u00e9ns \u00e0queles que forjam diariamente o car\u00e1ter dos nossos futuros cidad\u00e3os,\u201d disse o prefeito Beto Preto.<br \/>\nA secret\u00e1ria Marli, que tamb\u00e9m \u00e9 presidente da Uni\u00e3o dos Dirigentes Municipais de Educa\u00e7\u00e3o (Undime-PR), entregou uma placa comemorativa \u00e0 secret\u00e1ria estadual da Educa\u00e7\u00e3o, Ana Seres Trento Comin. \u201cN\u00f3s agradecemos a parceria que a SEED mant\u00e9m com os munic\u00edpios. Por meio dela, garantimos que nossos alunos fa\u00e7am uma transi\u00e7\u00e3o natural e tranquila de uma rede para a outra, ao conclu\u00edrem o quinto ano do Ensino Fundamental,\u201d afirmou.<br \/>\nAl\u00e9m dos j\u00e1 citados, tamb\u00e9m participaram da solenidade de ontem o deputado estadual Ratinho J\u00fanior (PSD), a chefe do N\u00facleo Regional de Educa\u00e7\u00e3o de Apucarana, Maria Onide Balan Sardinha; o presidente da Associa\u00e7\u00e3o dos Munic\u00edpios do Paran\u00e1, Marcel Henrique Micheletto; e dez dos onze vereadores da C\u00e2mara Municipal de Apucarana.<br \/>\nNa ocasi\u00e3o, os vereadores tamb\u00e9m entregaram o Diploma de M\u00e9ritos em Tarefas Comunit\u00e1rias ao N\u00facleo Regional de Educa\u00e7\u00e3o de Apucarana. O t\u00edtulo foi proposto pelo presidente do legislativo municipal, Mauro Bertoli.<\/p>\n","protected":false},"excerpt":{"rendered":"<p>A rede estadual de ensino \u00e9 formada por 2.100 escolas e tem atualmente cerca de 100 mil profissionais e mais de 1 milh\u00e3o de alunos (Fotos: Profeta)<\/p>\n","protected":false},"author":4,"featured_media":9756,"comment_status":"closed","ping_status":"open","sticky":false,"template":"","format":"standard","meta":{"footnotes":""},"categories":[24],"tags":[53,83],"class_list":["post-9755","post","type-post","status-publish","format-standard","has-post-thumbnail","hentry","category-noticias","tag-educacao","tag-seed-70-anos"],"acf":[],"_links":{"self":[{"href":"http:\/\/www.apucarana.pr.gov.br\/site\/wp-json\/wp\/v2\/posts\/9755","targetHints":{"allow":["GET"]}}],"collection":[{"href":"http:\/\/www.apucarana.pr.gov.br\/site\/wp-json\/wp\/v2\/posts"}],"about":[{"href":"http:\/\/www.apucarana.pr.gov.br\/site\/wp-json\/wp\/v2\/types\/post"}],"author":[{"embeddable":true,"href":"http:\/\/www.apucarana.pr.gov.br\/site\/wp-json\/wp\/v2\/users\/4"}],"replies":[{"embeddable":true,"href":"http:\/\/www.apucarana.pr.gov.br\/site\/wp-json\/wp\/v2\/comments?post=9755"}],"version-history":[{"count":1,"href":"http:\/\/www.apucarana.pr.gov.br\/site\/wp-json\/wp\/v2\/posts\/9755\/revisions"}],"predecessor-version":[{"id":102031,"href":"http:\/\/www.apucarana.pr.gov.br\/site\/wp-json\/wp\/v2\/posts\/9755\/revisions\/102031"}],"wp:featuredmedia":[{"embeddable":true,"href":"http:\/\/www.apucarana.pr.gov.br\/site\/wp-json\/"}],"wp:attachment":[{"href":"http:\/\/www.apucarana.pr.gov.br\/site\/wp-json\/wp\/v2\/media?parent=9755"}],"wp:term":[{"taxonomy":"category","embeddable":true,"href":"http:\/\/www.apucarana.pr.gov.br\/site\/wp-json\/wp\/v2\/categories?post=9755"},{"taxonomy":"post_tag","embeddable":true,"href":"http:\/\/www.apucarana.pr.gov.br\/site\/wp-json\/wp\/v2\/tags?post=9755"}],"curies":[{"name":"wp","href":"https:\/\/api.w.org\/{rel}","templated":true}]}}