{"id":9737,"date":"2017-09-21T12:11:30","date_gmt":"2017-09-21T15:11:30","guid":{"rendered":"http:\/\/172.16.0.7\/site-antigo\/?p=9737"},"modified":"2024-10-08T09:14:33","modified_gmt":"2024-10-08T12:14:33","slug":"encontro-da-mulher-debate-qualificacao-e-seguranca-nas-propriedades-rurais","status":"publish","type":"post","link":"http:\/\/www.apucarana.pr.gov.br\/site\/encontro-da-mulher-debate-qualificacao-e-seguranca-nas-propriedades-rurais\/","title":{"rendered":"Encontro da mulher debate qualifica\u00e7\u00e3o e seguran\u00e7a nas propriedades rurais"},"content":{"rendered":"<p>Com a participa\u00e7\u00e3o de comitivas de 14 munic\u00edpios, o 24\u00ba Encontro da\u00a0 Mulher Rural destacou necessidade de capacita\u00e7\u00e3o das trabalhadoras e a seguran\u00e7a nas propriedades. Ap\u00f3s o foco em quest\u00f5es da individualidade das mulheres, o objetivo agora \u00e9 buscar a profissionaliza\u00e7\u00e3o, qualificar a produ\u00e7\u00e3o e abrir novos nichos de mercado.<br \/>\nO prefeito de Apucarana, Beto Preto, destacou que neste ano o vi\u00e9s do evento \u00e9 a qualifica\u00e7\u00e3o profissional. \u201cAs mulheres j\u00e1 est\u00e3o se organizando, se qualificando para produzir alimentos melhores. O encontro \u00e9 uma oportunidade de trocar id\u00e9ias e de valorizar cada vez mais o meio rural\u201d, frisa Beto Preto, citando o Programa Terra Forte desenvolvido por Apucarana e que contribui para o fortalecimento da agricultura familiar.<br \/>\nDe acordo com Jandira Valm\u00f3rbida, coordenadora do evento, o encontro representa um marco. \u201cAs mulheres precisavam primeiro superar barreiras pessoais, para depois entrar na parte comercial e da gera\u00e7\u00e3o de renda. Por isso, trouxemos uma experi\u00eancia da regi\u00e3o do Norte Pioneiro de mulheres cafeeiras que foram capacitadas, est\u00e3o participando de concursos de qualidade e fornecendo o produto para cafeterias\u201d, exemplifica Jandira.<br \/>\nSegundo a economista dom\u00e9stica da Emater, Cintia Mara Lopes de Souza, o Projeto Mulheres do Caf\u00e9 envolve 11 munic\u00edpios da regi\u00e3o do Norte Pioneiro. \u201c\u00c9 um trabalho que estamos desenvolvendo desde 2013, buscando qualificar a cafeicultora para produzir caf\u00e9s de qualidade\u201d, explica.<br \/>\nC\u00ecntia afirma que o projeto conta com a participa\u00e7\u00e3o de 12 profissionais da Emater, que fazem a capacita\u00e7\u00e3o das trabalhadoras. \u201cCada munic\u00edpio tem seu respons\u00e1vel t\u00e9cnico, que faz o acompanhamento. Esse processo vai desde o plantio, aduba\u00e7\u00e3o, meios de comercializa\u00e7\u00e3o, colheita, manejo no terreiro, poda, desbrota e manejo integrado de pragas e doen\u00e7as\u201d, cita.<br \/>\nAl\u00e9m de conseguir compradores para seus produtos, as cafeicultoras participam de concursos de qualidade e v\u00eam obtendo bons resultados. \u201cEm 2015, pela primeira vez no Concurso Caf\u00e9 Qualidade do Paran\u00e1 tr\u00eas mulheres ganharam nas tr\u00eas categorias e ambas eram do Projeto Mulheres do Caf\u00e9\u201d, salienta C\u00edntia.<br \/>\nO encontro tamb\u00e9m abordou a seguran\u00e7a, diante do aumento de casos de roubos a propriedades rurais. \u201cPassamos dicas para reduzir as chances delas serem v\u00edtimas, como sempre trancar portas e janelas, n\u00e3o passar informa\u00e7\u00f5es do que tem no interior das resid\u00eancias ou de vendas que foram feitas e n\u00e3o guardar dinheiro dentro de casa\u201d, pontua a tenente Kelly Wistuba de Fran\u00e7a, do 10\u00ba Batalh\u00e3o de Pol\u00edcia Militar.<br \/>\nA programa\u00e7\u00e3o do encontro previa ainda a encena\u00e7\u00e3o da pe\u00e7a teatral \u201cCaf\u00e9:\u00a0 da ro\u00e7a \u00e0 mesa\u201d, a apresenta\u00e7\u00e3o de dan\u00e7a catira, depoimentos na Tribuna da Mulher, palestras com o tema \u201c\u00c1gua: protegendo fontes e vidas\u201d e \u201cValorizando a Cultura Rural\u201d, divulga\u00e7\u00e3o do resultado do concurso de pano de prato com motivos rurais e sorteio de brindes.<br \/>\nO evento da Mulher Rural \u00e9 uma promo\u00e7\u00e3o da Emater, em parceria com a Secretaria Municipal de Agricultura, Sistema Faep, Pr\u00f3-Rural, governo do Estado, Simex, New Holland e Cocamar. Tamb\u00e9m estiveram presentes na abertura do evento o vice-prefeito de Apucarana, Sebasti\u00e3o Ferreira Martins Junior (Junior da Femac), o secret\u00e1rio municipal de Agricultura, Jos\u00e9 Luiz Porto, o presidente da C\u00e2mara de Vereadores, Mauro Bertoli, M\u00e1rio Bezerra, chefe do n\u00facleo regional da Seab, Crist\u00f3von Ripol, gerente regional da Emater e Paulo Hidalgo, diretor-t\u00e9cnico da Emater, al\u00e9m de representantes de sindicatos e entidades de classe do setor rural e das demais entidades parceiras.<br \/>\nConfira nos links abaixo o \u00e1udio das entrevistas<br \/>\n&nbsp;<br \/>\nhttps:\/\/soundcloud.com\/prefeitura-municipal-apucarana\/beto-preto-encontro-mulher-rural-21-09-17<br \/>\nhttps:\/\/soundcloud.com\/prefeitura-municipal-apucarana\/cintia-mara-lopes-de-souza-encontro-mulher-rural<br \/>\nhttps:\/\/soundcloud.com\/prefeitura-municipal-apucarana\/kelly-wistuba-de-franca-21-09-17<br \/>\nhttps:\/\/soundcloud.com\/prefeitura-municipal-apucarana\/jandira-valmorbida0-encontro-mulher-rural-21-09-17<br \/>\n&nbsp;<\/p>\n","protected":false},"excerpt":{"rendered":"<p>Evento, realizado na Acea, reuniu participantes de 14 munic\u00edpios (Foto: Edson Denobi)<\/p>\n","protected":false},"author":4,"featured_media":9740,"comment_status":"closed","ping_status":"open","sticky":false,"template":"","format":"standard","meta":{"footnotes":""},"categories":[24],"tags":[],"class_list":["post-9737","post","type-post","status-publish","format-standard","has-post-thumbnail","hentry","category-noticias"],"acf":[],"_links":{"self":[{"href":"http:\/\/www.apucarana.pr.gov.br\/site\/wp-json\/wp\/v2\/posts\/9737","targetHints":{"allow":["GET"]}}],"collection":[{"href":"http:\/\/www.apucarana.pr.gov.br\/site\/wp-json\/wp\/v2\/posts"}],"about":[{"href":"http:\/\/www.apucarana.pr.gov.br\/site\/wp-json\/wp\/v2\/types\/post"}],"author":[{"embeddable":true,"href":"http:\/\/www.apucarana.pr.gov.br\/site\/wp-json\/wp\/v2\/users\/4"}],"replies":[{"embeddable":true,"href":"http:\/\/www.apucarana.pr.gov.br\/site\/wp-json\/wp\/v2\/comments?post=9737"}],"version-history":[{"count":1,"href":"http:\/\/www.apucarana.pr.gov.br\/site\/wp-json\/wp\/v2\/posts\/9737\/revisions"}],"predecessor-version":[{"id":102032,"href":"http:\/\/www.apucarana.pr.gov.br\/site\/wp-json\/wp\/v2\/posts\/9737\/revisions\/102032"}],"wp:featuredmedia":[{"embeddable":true,"href":"http:\/\/www.apucarana.pr.gov.br\/site\/wp-json\/"}],"wp:attachment":[{"href":"http:\/\/www.apucarana.pr.gov.br\/site\/wp-json\/wp\/v2\/media?parent=9737"}],"wp:term":[{"taxonomy":"category","embeddable":true,"href":"http:\/\/www.apucarana.pr.gov.br\/site\/wp-json\/wp\/v2\/categories?post=9737"},{"taxonomy":"post_tag","embeddable":true,"href":"http:\/\/www.apucarana.pr.gov.br\/site\/wp-json\/wp\/v2\/tags?post=9737"}],"curies":[{"name":"wp","href":"https:\/\/api.w.org\/{rel}","templated":true}]}}